{"id":7828,"date":"2022-10-28T19:08:00","date_gmt":"2022-10-28T17:08:00","guid":{"rendered":"https:\/\/przylep.edu.pl\/przedszkole\/?p=7828"},"modified":"2022-11-03T19:25:57","modified_gmt":"2022-11-03T18:25:57","slug":"dyniowe-pysznosci","status":"publish","type":"post","link":"https:\/\/przylep.edu.pl\/przedszkole\/2022\/10\/28\/dyniowe-pysznosci\/","title":{"rendered":"Dyniowe pyszno\u015bci"},"content":{"rendered":"\n<p>28 pa\u017adziernika, z okazji Dnia Dyni nasi rodzice przygotowali dla wszystkich dzieci przepyszny, dyniowy pocz\u0119stunek. Zupa dyniowa, ciasto, ciasteczka, chlebek to tylko cz\u0119\u015b\u0107 potraw, kt\u00f3re mieli\u015bmy mo\u017cliwo\u015b\u0107 pr\u00f3bowa\u0107. Bardzo dzi\u0119kujemy rodzicom za aktywne uczestniczenie w imprezach w Naszej plac\u00f3wce. <\/p>\n\n\n\n<figure class=\"wp-block-gallery has-nested-images columns-default is-cropped wp-block-gallery-1 is-layout-flex wp-block-gallery-is-layout-flex\">\n<figure class=\"wp-block-image size-large\"><img loading=\"lazy\" decoding=\"async\" width=\"686\" height=\"914\" data-id=\"7830\" src=\"https:\/\/przylep.edu.pl\/przedszkole\/wp-content\/uploads\/2022\/11\/20221028_103214.jpg\" alt=\"\" class=\"wp-image-7830\" srcset=\"https:\/\/przylep.edu.pl\/przedszkole\/wp-content\/uploads\/2022\/11\/20221028_103214.jpg 686w, https:\/\/przylep.edu.pl\/przedszkole\/wp-content\/uploads\/2022\/11\/20221028_103214-225x300.jpg 225w\" sizes=\"auto, (max-width: 686px) 100vw, 686px\" \/><\/figure>\n\n\n\n<figure class=\"wp-block-image size-large\"><img loading=\"lazy\" decoding=\"async\" width=\"686\" height=\"914\" data-id=\"7829\" src=\"https:\/\/przylep.edu.pl\/przedszkole\/wp-content\/uploads\/2022\/11\/20221028_103220.jpg\" alt=\"\" class=\"wp-image-7829\" srcset=\"https:\/\/przylep.edu.pl\/przedszkole\/wp-content\/uploads\/2022\/11\/20221028_103220.jpg 686w, https:\/\/przylep.edu.pl\/przedszkole\/wp-content\/uploads\/2022\/11\/20221028_103220-225x300.jpg 225w\" sizes=\"auto, (max-width: 686px) 100vw, 686px\" \/><\/figure>\n\n\n\n<figure class=\"wp-block-image size-large\"><img loading=\"lazy\" decoding=\"async\" width=\"1024\" height=\"768\" data-id=\"7831\" src=\"https:\/\/przylep.edu.pl\/przedszkole\/wp-content\/uploads\/2022\/11\/20221028_103232-1024x768.jpg\" alt=\"\" class=\"wp-image-7831\" srcset=\"https:\/\/przylep.edu.pl\/przedszkole\/wp-content\/uploads\/2022\/11\/20221028_103232-1024x768.jpg 1024w, https:\/\/przylep.edu.pl\/przedszkole\/wp-content\/uploads\/2022\/11\/20221028_103232-300x225.jpg 300w, https:\/\/przylep.edu.pl\/przedszkole\/wp-content\/uploads\/2022\/11\/20221028_103232-768x576.jpg 768w, https:\/\/przylep.edu.pl\/przedszkole\/wp-content\/uploads\/2022\/11\/20221028_103232-600x450.jpg 600w, https:\/\/przylep.edu.pl\/przedszkole\/wp-content\/uploads\/2022\/11\/20221028_103232.jpg 1219w\" sizes=\"auto, (max-width: 1024px) 100vw, 1024px\" \/><\/figure>\n\n\n\n<figure class=\"wp-block-image size-large\"><img loading=\"lazy\" decoding=\"async\" width=\"1024\" height=\"766\" data-id=\"7834\" src=\"https:\/\/przylep.edu.pl\/przedszkole\/wp-content\/uploads\/2022\/11\/313081106_683493659793886_4376146334491490278_n-1024x766.jpg\" alt=\"\" class=\"wp-image-7834\" srcset=\"https:\/\/przylep.edu.pl\/przedszkole\/wp-content\/uploads\/2022\/11\/313081106_683493659793886_4376146334491490278_n-1024x766.jpg 1024w, https:\/\/przylep.edu.pl\/przedszkole\/wp-content\/uploads\/2022\/11\/313081106_683493659793886_4376146334491490278_n-300x224.jpg 300w, https:\/\/przylep.edu.pl\/przedszkole\/wp-content\/uploads\/2022\/11\/313081106_683493659793886_4376146334491490278_n-768x574.jpg 768w, https:\/\/przylep.edu.pl\/przedszkole\/wp-content\/uploads\/2022\/11\/313081106_683493659793886_4376146334491490278_n-1536x1149.jpg 1536w, https:\/\/przylep.edu.pl\/przedszkole\/wp-content\/uploads\/2022\/11\/313081106_683493659793886_4376146334491490278_n-2048x1532.jpg 2048w, https:\/\/przylep.edu.pl\/przedszkole\/wp-content\/uploads\/2022\/11\/313081106_683493659793886_4376146334491490278_n-600x450.jpg 600w\" sizes=\"auto, (max-width: 1024px) 100vw, 1024px\" \/><\/figure>\n\n\n\n<figure class=\"wp-block-image size-large\"><img loading=\"lazy\" decoding=\"async\" width=\"1024\" height=\"766\" data-id=\"7833\" src=\"https:\/\/przylep.edu.pl\/przedszkole\/wp-content\/uploads\/2022\/11\/313118739_3344672009150479_6236976064142029493_n-1024x766.jpg\" alt=\"\" class=\"wp-image-7833\" srcset=\"https:\/\/przylep.edu.pl\/przedszkole\/wp-content\/uploads\/2022\/11\/313118739_3344672009150479_6236976064142029493_n-1024x766.jpg 1024w, https:\/\/przylep.edu.pl\/przedszkole\/wp-content\/uploads\/2022\/11\/313118739_3344672009150479_6236976064142029493_n-300x224.jpg 300w, https:\/\/przylep.edu.pl\/przedszkole\/wp-content\/uploads\/2022\/11\/313118739_3344672009150479_6236976064142029493_n-768x574.jpg 768w, https:\/\/przylep.edu.pl\/przedszkole\/wp-content\/uploads\/2022\/11\/313118739_3344672009150479_6236976064142029493_n-1536x1149.jpg 1536w, https:\/\/przylep.edu.pl\/przedszkole\/wp-content\/uploads\/2022\/11\/313118739_3344672009150479_6236976064142029493_n-2048x1532.jpg 2048w, https:\/\/przylep.edu.pl\/przedszkole\/wp-content\/uploads\/2022\/11\/313118739_3344672009150479_6236976064142029493_n-600x450.jpg 600w\" sizes=\"auto, (max-width: 1024px) 100vw, 1024px\" \/><\/figure>\n\n\n\n<figure class=\"wp-block-image size-large\"><img loading=\"lazy\" decoding=\"async\" width=\"1024\" height=\"766\" data-id=\"7832\" src=\"https:\/\/przylep.edu.pl\/przedszkole\/wp-content\/uploads\/2022\/11\/313274999_1703830783322570_6272765953593379643_n-1024x766.jpg\" alt=\"\" class=\"wp-image-7832\" srcset=\"https:\/\/przylep.edu.pl\/przedszkole\/wp-content\/uploads\/2022\/11\/313274999_1703830783322570_6272765953593379643_n-1024x766.jpg 1024w, https:\/\/przylep.edu.pl\/przedszkole\/wp-content\/uploads\/2022\/11\/313274999_1703830783322570_6272765953593379643_n-300x224.jpg 300w, https:\/\/przylep.edu.pl\/przedszkole\/wp-content\/uploads\/2022\/11\/313274999_1703830783322570_6272765953593379643_n-768x574.jpg 768w, https:\/\/przylep.edu.pl\/przedszkole\/wp-content\/uploads\/2022\/11\/313274999_1703830783322570_6272765953593379643_n-1536x1149.jpg 1536w, https:\/\/przylep.edu.pl\/przedszkole\/wp-content\/uploads\/2022\/11\/313274999_1703830783322570_6272765953593379643_n-2048x1532.jpg 2048w, https:\/\/przylep.edu.pl\/przedszkole\/wp-content\/uploads\/2022\/11\/313274999_1703830783322570_6272765953593379643_n-600x450.jpg 600w\" sizes=\"auto, (max-width: 1024px) 100vw, 1024px\" \/><\/figure>\n<\/figure>\n","protected":false},"excerpt":{"rendered":"<p>28 pa\u017adziernika, z okazji Dnia Dyni nasi rodzice przygotowali dla wszystkich dzieci przepyszny, dyniowy pocz\u0119stunek. Zupa dyniowa, ciasto, ciasteczka, chlebek to tylko cz\u0119\u015b\u0107 potraw, kt\u00f3re mieli\u015bmy mo\u017cliwo\u015b\u0107 pr\u00f3bowa\u0107. Bardzo dzi\u0119kujemy rodzicom za aktywne uczestniczenie w imprezach w Naszej plac\u00f3wce.<\/p>\n","protected":false},"author":2,"featured_media":7835,"comment_status":"closed","ping_status":"open","sticky":false,"template":"","format":"standard","meta":{"footnotes":""},"categories":[45,41,40],"tags":[],"class_list":["post-7828","post","type-post","status-publish","format-standard","has-post-thumbnail","hentry","category-aktualnosci","category-galerie","category-strona-glowna"],"_links":{"self":[{"href":"https:\/\/przylep.edu.pl\/przedszkole\/wp-json\/wp\/v2\/posts\/7828","targetHints":{"allow":["GET"]}}],"collection":[{"href":"https:\/\/przylep.edu.pl\/przedszkole\/wp-json\/wp\/v2\/posts"}],"about":[{"href":"https:\/\/przylep.edu.pl\/przedszkole\/wp-json\/wp\/v2\/types\/post"}],"author":[{"embeddable":true,"href":"https:\/\/przylep.edu.pl\/przedszkole\/wp-json\/wp\/v2\/users\/2"}],"replies":[{"embeddable":true,"href":"https:\/\/przylep.edu.pl\/przedszkole\/wp-json\/wp\/v2\/comments?post=7828"}],"version-history":[{"count":1,"href":"https:\/\/przylep.edu.pl\/przedszkole\/wp-json\/wp\/v2\/posts\/7828\/revisions"}],"predecessor-version":[{"id":7836,"href":"https:\/\/przylep.edu.pl\/przedszkole\/wp-json\/wp\/v2\/posts\/7828\/revisions\/7836"}],"wp:featuredmedia":[{"embeddable":true,"href":"https:\/\/przylep.edu.pl\/przedszkole\/wp-json\/wp\/v2\/media\/7835"}],"wp:attachment":[{"href":"https:\/\/przylep.edu.pl\/przedszkole\/wp-json\/wp\/v2\/media?parent=7828"}],"wp:term":[{"taxonomy":"category","embeddable":true,"href":"https:\/\/przylep.edu.pl\/przedszkole\/wp-json\/wp\/v2\/categories?post=7828"},{"taxonomy":"post_tag","embeddable":true,"href":"https:\/\/przylep.edu.pl\/przedszkole\/wp-json\/wp\/v2\/tags?post=7828"}],"curies":[{"name":"wp","href":"https:\/\/api.w.org\/{rel}","templated":true}]}}