{"id":7824,"date":"2022-11-02T19:03:48","date_gmt":"2022-11-02T18:03:48","guid":{"rendered":"https:\/\/przylep.edu.pl\/przedszkole\/?p=7824"},"modified":"2022-11-05T16:44:26","modified_gmt":"2022-11-05T15:44:26","slug":"i-gminny-przeglad-piesni-i-piosenek-patriotycznych","status":"publish","type":"post","link":"https:\/\/przylep.edu.pl\/przedszkole\/2022\/11\/02\/i-gminny-przeglad-piesni-i-piosenek-patriotycznych\/","title":{"rendered":"I Gminny Przegl\u0105d Pie\u015bni i Piosenek Patriotycznych"},"content":{"rendered":"\n<p>Zesp\u00f3\u0142 Szkolno-Przedszkolny w Przylepie zaprasza dzieci z plac\u00f3wek o\u015bwiatowych z terenu Gminy Ko\u0142baskowo do wzi\u0119cia udzia\u0142u w I Gminnym Przegl\u0105dzie Pie\u015bni i Piosenek Patriotycznych. Koordynatorkami tego przedsi\u0119wzi\u0119cia s\u0105 Pani Aleksandra Bojko oraz Pani Kamila Depa.  Mamy nadziej\u0119, \u017ce po przerwie zwi\u0105zanej z pandemi\u0105, na deskach sali gminnego domu kultury b\u0119dzie mo\u017cna zobaczy\u0107 talenty naszych najm\u0142odszych mieszka\u0144c\u00f3w. GOKSiR w Przec\u0142awiu jest wsp\u00f3\u0142organizatorem tego wydarzenia. Patronat honorowy obj\u0119\u0142a Pani W\u00f3jt Ma\u0142gorzata Schwarz, Marsza\u0142ek Wojew\u00f3dztwa Zachodniopomorskiego Olgierd Geblewicz, Kuratorium O\u015bwiaty w Szczecinie, Muzeum Narodowe w Szczecinie. Nagrody dla plac\u00f3wek ufundowali: Gmina Ko\u0142baskowo, Leroy Merlin w Ustowie, Urz\u0105d Marsza\u0142kowski, Muzeum Narodowe w Szczecinie. <\/p>\n\n\n\n<figure class=\"wp-block-gallery has-nested-images columns-default is-cropped wp-block-gallery-1 is-layout-flex wp-block-gallery-is-layout-flex\">\n<figure class=\"wp-block-image size-large\"><img loading=\"lazy\" decoding=\"async\" width=\"576\" height=\"1024\" data-id=\"7825\" src=\"https:\/\/przylep.edu.pl\/przedszkole\/wp-content\/uploads\/2022\/11\/I-Gminny-Przeglad-Piesni-i-Piosenek-Patriotycznych-1-576x1024.png\" alt=\"\" class=\"wp-image-7825\" srcset=\"https:\/\/przylep.edu.pl\/przedszkole\/wp-content\/uploads\/2022\/11\/I-Gminny-Przeglad-Piesni-i-Piosenek-Patriotycznych-1-576x1024.png 576w, https:\/\/przylep.edu.pl\/przedszkole\/wp-content\/uploads\/2022\/11\/I-Gminny-Przeglad-Piesni-i-Piosenek-Patriotycznych-1-169x300.png 169w, https:\/\/przylep.edu.pl\/przedszkole\/wp-content\/uploads\/2022\/11\/I-Gminny-Przeglad-Piesni-i-Piosenek-Patriotycznych-1-768x1365.png 768w, https:\/\/przylep.edu.pl\/przedszkole\/wp-content\/uploads\/2022\/11\/I-Gminny-Przeglad-Piesni-i-Piosenek-Patriotycznych-1-864x1536.png 864w, https:\/\/przylep.edu.pl\/przedszkole\/wp-content\/uploads\/2022\/11\/I-Gminny-Przeglad-Piesni-i-Piosenek-Patriotycznych-1-1152x2048.png 1152w\" sizes=\"auto, (max-width: 576px) 100vw, 576px\" \/><\/figure>\n<\/figure>\n\n\n\n<div class=\"wp-block-file\"><a id=\"wp-block-file--media-7b88ea2e-156f-4195-88a4-0c0704086d9d\" href=\"https:\/\/przylep.edu.pl\/przedszkole\/wp-content\/uploads\/2022\/11\/Regulamin-I-Gminnego-Przegladu-Piesni-i-Piosenek-Patriotycznych-2.docx\">Regulamin-I-Gminnego-Przegladu-Piesni-i-Piosenek-Patriotycznych-2<\/a><a href=\"https:\/\/przylep.edu.pl\/przedszkole\/wp-content\/uploads\/2022\/11\/Regulamin-I-Gminnego-Przegladu-Piesni-i-Piosenek-Patriotycznych-2.docx\" class=\"wp-block-file__button\" download aria-describedby=\"wp-block-file--media-7b88ea2e-156f-4195-88a4-0c0704086d9d\">Pobierz<\/a><\/div>\n","protected":false},"excerpt":{"rendered":"<p>Zesp\u00f3\u0142 Szkolno-Przedszkolny w Przylepie zaprasza dzieci z plac\u00f3wek o\u015bwiatowych z terenu Gminy Ko\u0142baskowo do wzi\u0119cia udzia\u0142u w I Gminnym Przegl\u0105dzie Pie\u015bni i Piosenek Patriotycznych. Koordynatorkami tego przedsi\u0119wzi\u0119cia s\u0105 Pani Aleksandra Bojko oraz Pani Kamila Depa. Mamy nadziej\u0119, \u017ce po przerwie zwi\u0105zanej z pandemi\u0105, na deskach sali gminnego domu kultury b\u0119dzie mo\u017cna zobaczy\u0107 talenty naszych najm\u0142odszych [&hellip;]<\/p>\n","protected":false},"author":2,"featured_media":7825,"comment_status":"closed","ping_status":"open","sticky":false,"template":"","format":"standard","meta":{"footnotes":""},"categories":[45,41,40],"tags":[],"class_list":["post-7824","post","type-post","status-publish","format-standard","has-post-thumbnail","hentry","category-aktualnosci","category-galerie","category-strona-glowna"],"_links":{"self":[{"href":"https:\/\/przylep.edu.pl\/przedszkole\/wp-json\/wp\/v2\/posts\/7824","targetHints":{"allow":["GET"]}}],"collection":[{"href":"https:\/\/przylep.edu.pl\/przedszkole\/wp-json\/wp\/v2\/posts"}],"about":[{"href":"https:\/\/przylep.edu.pl\/przedszkole\/wp-json\/wp\/v2\/types\/post"}],"author":[{"embeddable":true,"href":"https:\/\/przylep.edu.pl\/przedszkole\/wp-json\/wp\/v2\/users\/2"}],"replies":[{"embeddable":true,"href":"https:\/\/przylep.edu.pl\/przedszkole\/wp-json\/wp\/v2\/comments?post=7824"}],"version-history":[{"count":2,"href":"https:\/\/przylep.edu.pl\/przedszkole\/wp-json\/wp\/v2\/posts\/7824\/revisions"}],"predecessor-version":[{"id":7849,"href":"https:\/\/przylep.edu.pl\/przedszkole\/wp-json\/wp\/v2\/posts\/7824\/revisions\/7849"}],"wp:featuredmedia":[{"embeddable":true,"href":"https:\/\/przylep.edu.pl\/przedszkole\/wp-json\/wp\/v2\/media\/7825"}],"wp:attachment":[{"href":"https:\/\/przylep.edu.pl\/przedszkole\/wp-json\/wp\/v2\/media?parent=7824"}],"wp:term":[{"taxonomy":"category","embeddable":true,"href":"https:\/\/przylep.edu.pl\/przedszkole\/wp-json\/wp\/v2\/categories?post=7824"},{"taxonomy":"post_tag","embeddable":true,"href":"https:\/\/przylep.edu.pl\/przedszkole\/wp-json\/wp\/v2\/tags?post=7824"}],"curies":[{"name":"wp","href":"https:\/\/api.w.org\/{rel}","templated":true}]}}