{"id":7807,"date":"2022-10-28T19:56:00","date_gmt":"2022-10-28T17:56:00","guid":{"rendered":"https:\/\/przylep.edu.pl\/przedszkole\/?p=7807"},"modified":"2022-11-01T20:38:51","modified_gmt":"2022-11-01T19:38:51","slug":"dyniowy-przeglad-prac-dyniowe-zwierzaki-cudaki","status":"publish","type":"post","link":"https:\/\/przylep.edu.pl\/przedszkole\/2022\/10\/28\/dyniowy-przeglad-prac-dyniowe-zwierzaki-cudaki\/","title":{"rendered":"Dyniowy przegl\u0105d prac &#8222;Dyniowe Zwierzaki- Cudaki&#8221;"},"content":{"rendered":"\n<p>Za nami kolejna edycja jesiennego przegl\u0105du prac dyniowych. Ilo\u015b\u0107 przyniesionych dy\u0144 przesz\u0142a nasze oczekiwania. W naszych przegl\u0105dach ka\u017cde dziecko wygrywa, liczy si\u0119 \u015bwietna zabawa oraz ch\u0119\u0107 udzia\u0142u. Ka\u017cdy przedszkolak bior\u0105cy udzia\u0142 w przegl\u0105dzie otrzyma\u0142 dyplom oraz nagrod\u0119. Bardzo dzi\u0119kujemy za tak du\u017ce zaanga\u017cowanie, cieszymy si\u0119, \u017ce razem z ca\u0142ymi rodzinami mo\u017cemy sprawi\u0107 rado\u015b\u0107 dzieciom.<\/p>\n\n\n\n<figure class=\"wp-block-gallery has-nested-images columns-default is-cropped wp-block-gallery-1 is-layout-flex wp-block-gallery-is-layout-flex\">\n<figure class=\"wp-block-image size-large\"><img loading=\"lazy\" decoding=\"async\" width=\"1024\" height=\"768\" data-id=\"7809\" src=\"https:\/\/przylep.edu.pl\/przedszkole\/wp-content\/uploads\/2022\/11\/20221028_120424-1024x768.jpg\" alt=\"\" class=\"wp-image-7809\" srcset=\"https:\/\/przylep.edu.pl\/przedszkole\/wp-content\/uploads\/2022\/11\/20221028_120424-1024x768.jpg 1024w, https:\/\/przylep.edu.pl\/przedszkole\/wp-content\/uploads\/2022\/11\/20221028_120424-300x225.jpg 300w, https:\/\/przylep.edu.pl\/przedszkole\/wp-content\/uploads\/2022\/11\/20221028_120424-768x576.jpg 768w, https:\/\/przylep.edu.pl\/przedszkole\/wp-content\/uploads\/2022\/11\/20221028_120424-600x450.jpg 600w, https:\/\/przylep.edu.pl\/przedszkole\/wp-content\/uploads\/2022\/11\/20221028_120424.jpg 1219w\" sizes=\"auto, (max-width: 1024px) 100vw, 1024px\" \/><\/figure>\n\n\n\n<figure class=\"wp-block-image size-large\"><img loading=\"lazy\" decoding=\"async\" width=\"1024\" height=\"768\" data-id=\"7810\" src=\"https:\/\/przylep.edu.pl\/przedszkole\/wp-content\/uploads\/2022\/11\/20221028_121316-1024x768.jpg\" alt=\"\" class=\"wp-image-7810\" srcset=\"https:\/\/przylep.edu.pl\/przedszkole\/wp-content\/uploads\/2022\/11\/20221028_121316-1024x768.jpg 1024w, https:\/\/przylep.edu.pl\/przedszkole\/wp-content\/uploads\/2022\/11\/20221028_121316-300x225.jpg 300w, https:\/\/przylep.edu.pl\/przedszkole\/wp-content\/uploads\/2022\/11\/20221028_121316-768x576.jpg 768w, https:\/\/przylep.edu.pl\/przedszkole\/wp-content\/uploads\/2022\/11\/20221028_121316-600x450.jpg 600w, https:\/\/przylep.edu.pl\/przedszkole\/wp-content\/uploads\/2022\/11\/20221028_121316.jpg 1219w\" sizes=\"auto, (max-width: 1024px) 100vw, 1024px\" \/><\/figure>\n\n\n\n<figure class=\"wp-block-image size-large\"><img loading=\"lazy\" decoding=\"async\" width=\"1024\" height=\"766\" data-id=\"7815\" src=\"https:\/\/przylep.edu.pl\/przedszkole\/wp-content\/uploads\/2022\/11\/312533726_640197121139027_9136160388782395422_n-1024x766.jpg\" alt=\"\" class=\"wp-image-7815\" srcset=\"https:\/\/przylep.edu.pl\/przedszkole\/wp-content\/uploads\/2022\/11\/312533726_640197121139027_9136160388782395422_n-1024x766.jpg 1024w, https:\/\/przylep.edu.pl\/przedszkole\/wp-content\/uploads\/2022\/11\/312533726_640197121139027_9136160388782395422_n-300x224.jpg 300w, https:\/\/przylep.edu.pl\/przedszkole\/wp-content\/uploads\/2022\/11\/312533726_640197121139027_9136160388782395422_n-768x574.jpg 768w, https:\/\/przylep.edu.pl\/przedszkole\/wp-content\/uploads\/2022\/11\/312533726_640197121139027_9136160388782395422_n-1536x1149.jpg 1536w, https:\/\/przylep.edu.pl\/przedszkole\/wp-content\/uploads\/2022\/11\/312533726_640197121139027_9136160388782395422_n-2048x1532.jpg 2048w, https:\/\/przylep.edu.pl\/przedszkole\/wp-content\/uploads\/2022\/11\/312533726_640197121139027_9136160388782395422_n-600x450.jpg 600w\" sizes=\"auto, (max-width: 1024px) 100vw, 1024px\" \/><\/figure>\n\n\n\n<figure class=\"wp-block-image size-large\"><img loading=\"lazy\" decoding=\"async\" width=\"1024\" height=\"766\" data-id=\"7814\" src=\"https:\/\/przylep.edu.pl\/przedszkole\/wp-content\/uploads\/2022\/11\/312901800_1147323372550850_3959887510762260238_n-1024x766.jpg\" alt=\"\" class=\"wp-image-7814\" srcset=\"https:\/\/przylep.edu.pl\/przedszkole\/wp-content\/uploads\/2022\/11\/312901800_1147323372550850_3959887510762260238_n-1024x766.jpg 1024w, https:\/\/przylep.edu.pl\/przedszkole\/wp-content\/uploads\/2022\/11\/312901800_1147323372550850_3959887510762260238_n-300x224.jpg 300w, https:\/\/przylep.edu.pl\/przedszkole\/wp-content\/uploads\/2022\/11\/312901800_1147323372550850_3959887510762260238_n-768x574.jpg 768w, https:\/\/przylep.edu.pl\/przedszkole\/wp-content\/uploads\/2022\/11\/312901800_1147323372550850_3959887510762260238_n-1536x1149.jpg 1536w, https:\/\/przylep.edu.pl\/przedszkole\/wp-content\/uploads\/2022\/11\/312901800_1147323372550850_3959887510762260238_n-2048x1532.jpg 2048w, https:\/\/przylep.edu.pl\/przedszkole\/wp-content\/uploads\/2022\/11\/312901800_1147323372550850_3959887510762260238_n-600x450.jpg 600w\" sizes=\"auto, (max-width: 1024px) 100vw, 1024px\" \/><\/figure>\n\n\n\n<figure class=\"wp-block-image size-large\"><img loading=\"lazy\" decoding=\"async\" width=\"1024\" height=\"768\" data-id=\"7811\" src=\"https:\/\/przylep.edu.pl\/przedszkole\/wp-content\/uploads\/2022\/11\/313115169_3293668440900022_6239839203096031425_n-1024x768.jpg\" alt=\"\" class=\"wp-image-7811\" srcset=\"https:\/\/przylep.edu.pl\/przedszkole\/wp-content\/uploads\/2022\/11\/313115169_3293668440900022_6239839203096031425_n-1024x768.jpg 1024w, https:\/\/przylep.edu.pl\/przedszkole\/wp-content\/uploads\/2022\/11\/313115169_3293668440900022_6239839203096031425_n-300x225.jpg 300w, https:\/\/przylep.edu.pl\/przedszkole\/wp-content\/uploads\/2022\/11\/313115169_3293668440900022_6239839203096031425_n-768x576.jpg 768w, https:\/\/przylep.edu.pl\/przedszkole\/wp-content\/uploads\/2022\/11\/313115169_3293668440900022_6239839203096031425_n-1536x1152.jpg 1536w, https:\/\/przylep.edu.pl\/przedszkole\/wp-content\/uploads\/2022\/11\/313115169_3293668440900022_6239839203096031425_n-2048x1536.jpg 2048w, https:\/\/przylep.edu.pl\/przedszkole\/wp-content\/uploads\/2022\/11\/313115169_3293668440900022_6239839203096031425_n-600x450.jpg 600w\" sizes=\"auto, (max-width: 1024px) 100vw, 1024px\" \/><\/figure>\n\n\n\n<figure class=\"wp-block-image size-large\"><img loading=\"lazy\" decoding=\"async\" width=\"1024\" height=\"766\" data-id=\"7813\" src=\"https:\/\/przylep.edu.pl\/przedszkole\/wp-content\/uploads\/2022\/11\/313118732_554047496442387_3775562008904127154_n-1024x766.jpg\" alt=\"\" class=\"wp-image-7813\" srcset=\"https:\/\/przylep.edu.pl\/przedszkole\/wp-content\/uploads\/2022\/11\/313118732_554047496442387_3775562008904127154_n-1024x766.jpg 1024w, https:\/\/przylep.edu.pl\/przedszkole\/wp-content\/uploads\/2022\/11\/313118732_554047496442387_3775562008904127154_n-300x224.jpg 300w, https:\/\/przylep.edu.pl\/przedszkole\/wp-content\/uploads\/2022\/11\/313118732_554047496442387_3775562008904127154_n-768x574.jpg 768w, https:\/\/przylep.edu.pl\/przedszkole\/wp-content\/uploads\/2022\/11\/313118732_554047496442387_3775562008904127154_n-1536x1149.jpg 1536w, https:\/\/przylep.edu.pl\/przedszkole\/wp-content\/uploads\/2022\/11\/313118732_554047496442387_3775562008904127154_n-2048x1532.jpg 2048w, https:\/\/przylep.edu.pl\/przedszkole\/wp-content\/uploads\/2022\/11\/313118732_554047496442387_3775562008904127154_n-600x450.jpg 600w\" sizes=\"auto, (max-width: 1024px) 100vw, 1024px\" \/><\/figure>\n\n\n\n<figure class=\"wp-block-image size-large\"><img loading=\"lazy\" decoding=\"async\" width=\"1024\" height=\"768\" data-id=\"7812\" src=\"https:\/\/przylep.edu.pl\/przedszkole\/wp-content\/uploads\/2022\/11\/313282343_1483674832114207_1858682190180662013_n-1024x768.jpg\" alt=\"\" class=\"wp-image-7812\" srcset=\"https:\/\/przylep.edu.pl\/przedszkole\/wp-content\/uploads\/2022\/11\/313282343_1483674832114207_1858682190180662013_n-1024x768.jpg 1024w, https:\/\/przylep.edu.pl\/przedszkole\/wp-content\/uploads\/2022\/11\/313282343_1483674832114207_1858682190180662013_n-300x225.jpg 300w, https:\/\/przylep.edu.pl\/przedszkole\/wp-content\/uploads\/2022\/11\/313282343_1483674832114207_1858682190180662013_n-768x576.jpg 768w, https:\/\/przylep.edu.pl\/przedszkole\/wp-content\/uploads\/2022\/11\/313282343_1483674832114207_1858682190180662013_n-1536x1152.jpg 1536w, https:\/\/przylep.edu.pl\/przedszkole\/wp-content\/uploads\/2022\/11\/313282343_1483674832114207_1858682190180662013_n-2048x1536.jpg 2048w, https:\/\/przylep.edu.pl\/przedszkole\/wp-content\/uploads\/2022\/11\/313282343_1483674832114207_1858682190180662013_n-600x450.jpg 600w\" sizes=\"auto, (max-width: 1024px) 100vw, 1024px\" \/><\/figure>\n\n\n\n<figure class=\"wp-block-image size-large\"><img loading=\"lazy\" decoding=\"async\" width=\"686\" height=\"914\" data-id=\"7808\" src=\"https:\/\/przylep.edu.pl\/przedszkole\/wp-content\/uploads\/2022\/11\/313497223_1157764771818102_8649177375459660114_n-1.jpg\" alt=\"\" class=\"wp-image-7808\" srcset=\"https:\/\/przylep.edu.pl\/przedszkole\/wp-content\/uploads\/2022\/11\/313497223_1157764771818102_8649177375459660114_n-1.jpg 686w, https:\/\/przylep.edu.pl\/przedszkole\/wp-content\/uploads\/2022\/11\/313497223_1157764771818102_8649177375459660114_n-1-225x300.jpg 225w\" sizes=\"auto, (max-width: 686px) 100vw, 686px\" \/><\/figure>\n<\/figure>\n","protected":false},"excerpt":{"rendered":"<p>Za nami kolejna edycja jesiennego przegl\u0105du prac dyniowych. Ilo\u015b\u0107 przyniesionych dy\u0144 przesz\u0142a nasze oczekiwania. W naszych przegl\u0105dach ka\u017cde dziecko wygrywa, liczy si\u0119 \u015bwietna zabawa oraz ch\u0119\u0107 udzia\u0142u. Ka\u017cdy przedszkolak bior\u0105cy udzia\u0142 w przegl\u0105dzie otrzyma\u0142 dyplom oraz nagrod\u0119. Bardzo dzi\u0119kujemy za tak du\u017ce zaanga\u017cowanie, cieszymy si\u0119, \u017ce razem z ca\u0142ymi rodzinami mo\u017cemy sprawi\u0107 rado\u015b\u0107 dzieciom.<\/p>\n","protected":false},"author":2,"featured_media":7816,"comment_status":"closed","ping_status":"open","sticky":false,"template":"","format":"standard","meta":{"footnotes":""},"categories":[45,41,40],"tags":[],"class_list":["post-7807","post","type-post","status-publish","format-standard","has-post-thumbnail","hentry","category-aktualnosci","category-galerie","category-strona-glowna"],"_links":{"self":[{"href":"https:\/\/przylep.edu.pl\/przedszkole\/wp-json\/wp\/v2\/posts\/7807","targetHints":{"allow":["GET"]}}],"collection":[{"href":"https:\/\/przylep.edu.pl\/przedszkole\/wp-json\/wp\/v2\/posts"}],"about":[{"href":"https:\/\/przylep.edu.pl\/przedszkole\/wp-json\/wp\/v2\/types\/post"}],"author":[{"embeddable":true,"href":"https:\/\/przylep.edu.pl\/przedszkole\/wp-json\/wp\/v2\/users\/2"}],"replies":[{"embeddable":true,"href":"https:\/\/przylep.edu.pl\/przedszkole\/wp-json\/wp\/v2\/comments?post=7807"}],"version-history":[{"count":1,"href":"https:\/\/przylep.edu.pl\/przedszkole\/wp-json\/wp\/v2\/posts\/7807\/revisions"}],"predecessor-version":[{"id":7817,"href":"https:\/\/przylep.edu.pl\/przedszkole\/wp-json\/wp\/v2\/posts\/7807\/revisions\/7817"}],"wp:featuredmedia":[{"embeddable":true,"href":"https:\/\/przylep.edu.pl\/przedszkole\/wp-json\/wp\/v2\/media\/7816"}],"wp:attachment":[{"href":"https:\/\/przylep.edu.pl\/przedszkole\/wp-json\/wp\/v2\/media?parent=7807"}],"wp:term":[{"taxonomy":"category","embeddable":true,"href":"https:\/\/przylep.edu.pl\/przedszkole\/wp-json\/wp\/v2\/categories?post=7807"},{"taxonomy":"post_tag","embeddable":true,"href":"https:\/\/przylep.edu.pl\/przedszkole\/wp-json\/wp\/v2\/tags?post=7807"}],"curies":[{"name":"wp","href":"https:\/\/api.w.org\/{rel}","templated":true}]}}