{"id":7761,"date":"2022-05-04T10:01:00","date_gmt":"2022-05-04T08:01:00","guid":{"rendered":"https:\/\/przylep.edu.pl\/przedszkole\/?p=7761"},"modified":"2022-10-10T10:27:16","modified_gmt":"2022-10-10T08:27:16","slug":"grant-pomorze-zachodnie-wsparcie-psychologiczno-pedagogiczne","status":"publish","type":"post","link":"https:\/\/przylep.edu.pl\/przedszkole\/2022\/05\/04\/grant-pomorze-zachodnie-wsparcie-psychologiczno-pedagogiczne\/","title":{"rendered":"GRANT &#8222;Pomorze Zachodnie- Wsparcie psychologiczno-pedagogiczne"},"content":{"rendered":"\n<p><\/p>\n\n\n\n<p><\/p>\n\n\n\n<h1 class=\"wp-block-heading\">Nasza plac\u00f3wka wraz GMIN\u0104 KO\u0141BASKOWO realizuje projekt dofinansowany z Funduszy Europejskich GRANT \u201ePOMORZE ZACHODNIE \u2013WSPARCIE PSYCHOLOGICZNO-PEDAGOGICZNE<\/h1>\n\n\n\n<p>Celem projektu jest wsparcie psychologiczno-pedagogiczne o charakterze dora\u017anej odpowiedzi na sytuacj\u0119 zdrowotn\u0105 spowodowan\u0105 COVID-19.<\/p>\n\n\n\n<p>Zaplanowane dzia\u0142ania maj\u0105 na celu wsparcie uczni\u00f3w ucz\u0119szczaj\u0105cych<br>do zachodniopomorskich szk\u00f3\u0142 i plac\u00f3wek prowadzonych przez jednostki samorz\u0105du terytorialnego i ich jednostki organizacyjne z wojew\u00f3dztwa zachodniopomorskiego.<\/p>\n\n\n\n<p>W NASZEJ PLAC\u00d3WCE W RAMACH PROJEKTU BY\u0141Y ORGANIZOWANE ZAJ\u0118CIA TUS, KOREKCYJNO-KOMPENSACYJNE, INTEGRACJI SENSORYCZNEJ, ROZWIJAJ\u0104CE ZDOLNO\u015aCI- NAUKA GRY NA UKULELE ORAZ LOGOPEDYCZNE<\/p>\n\n\n\n<div class=\"wp-block-file\"><a id=\"wp-block-file--media-c6bca7f4-c969-455a-a52a-46fba6fffefb\" href=\"https:\/\/przylep.edu.pl\/przedszkole\/wp-content\/uploads\/2022\/10\/FE_EWT_barwy-RP_Europejski_Fundusz_Rozwoju_Regionalnego_plakat_A3_pion_edit.docx\">FE_EWT_barwy-RP_Europejski_Fundusz_Rozwoju_Regionalnego_plakat_A3_pion_edit<\/a><a href=\"https:\/\/przylep.edu.pl\/przedszkole\/wp-content\/uploads\/2022\/10\/FE_EWT_barwy-RP_Europejski_Fundusz_Rozwoju_Regionalnego_plakat_A3_pion_edit.docx\" class=\"wp-block-file__button\" download aria-describedby=\"wp-block-file--media-c6bca7f4-c969-455a-a52a-46fba6fffefb\">Pobierz<\/a><\/div>\n","protected":false},"excerpt":{"rendered":"<p>Nasza plac\u00f3wka wraz GMIN\u0104 KO\u0141BASKOWO realizuje projekt dofinansowany z Funduszy Europejskich GRANT \u201ePOMORZE ZACHODNIE \u2013WSPARCIE PSYCHOLOGICZNO-PEDAGOGICZNE Celem projektu jest wsparcie psychologiczno-pedagogiczne o charakterze dora\u017anej odpowiedzi na sytuacj\u0119 zdrowotn\u0105 spowodowan\u0105 COVID-19. Zaplanowane dzia\u0142ania maj\u0105 na celu wsparcie uczni\u00f3w ucz\u0119szczaj\u0105cychdo zachodniopomorskich szk\u00f3\u0142 i plac\u00f3wek prowadzonych przez jednostki samorz\u0105du terytorialnego i ich jednostki organizacyjne z wojew\u00f3dztwa zachodniopomorskiego. W [&hellip;]<\/p>\n","protected":false},"author":2,"featured_media":7767,"comment_status":"closed","ping_status":"open","sticky":false,"template":"","format":"standard","meta":{"footnotes":""},"categories":[45,40],"tags":[],"class_list":["post-7761","post","type-post","status-publish","format-standard","has-post-thumbnail","hentry","category-aktualnosci","category-strona-glowna"],"_links":{"self":[{"href":"https:\/\/przylep.edu.pl\/przedszkole\/wp-json\/wp\/v2\/posts\/7761","targetHints":{"allow":["GET"]}}],"collection":[{"href":"https:\/\/przylep.edu.pl\/przedszkole\/wp-json\/wp\/v2\/posts"}],"about":[{"href":"https:\/\/przylep.edu.pl\/przedszkole\/wp-json\/wp\/v2\/types\/post"}],"author":[{"embeddable":true,"href":"https:\/\/przylep.edu.pl\/przedszkole\/wp-json\/wp\/v2\/users\/2"}],"replies":[{"embeddable":true,"href":"https:\/\/przylep.edu.pl\/przedszkole\/wp-json\/wp\/v2\/comments?post=7761"}],"version-history":[{"count":4,"href":"https:\/\/przylep.edu.pl\/przedszkole\/wp-json\/wp\/v2\/posts\/7761\/revisions"}],"predecessor-version":[{"id":7770,"href":"https:\/\/przylep.edu.pl\/przedszkole\/wp-json\/wp\/v2\/posts\/7761\/revisions\/7770"}],"wp:featuredmedia":[{"embeddable":true,"href":"https:\/\/przylep.edu.pl\/przedszkole\/wp-json\/wp\/v2\/media\/7767"}],"wp:attachment":[{"href":"https:\/\/przylep.edu.pl\/przedszkole\/wp-json\/wp\/v2\/media?parent=7761"}],"wp:term":[{"taxonomy":"category","embeddable":true,"href":"https:\/\/przylep.edu.pl\/przedszkole\/wp-json\/wp\/v2\/categories?post=7761"},{"taxonomy":"post_tag","embeddable":true,"href":"https:\/\/przylep.edu.pl\/przedszkole\/wp-json\/wp\/v2\/tags?post=7761"}],"curies":[{"name":"wp","href":"https:\/\/api.w.org\/{rel}","templated":true}]}}