{"id":7694,"date":"2022-09-18T13:17:07","date_gmt":"2022-09-18T11:17:07","guid":{"rendered":"https:\/\/przylep.edu.pl\/przedszkole\/?p=7694"},"modified":"2022-09-18T13:17:09","modified_gmt":"2022-09-18T11:17:09","slug":"wycieczka-do-wiejskiego-podworka-w-bobolinie","status":"publish","type":"post","link":"https:\/\/przylep.edu.pl\/przedszkole\/2022\/09\/18\/wycieczka-do-wiejskiego-podworka-w-bobolinie\/","title":{"rendered":"Wycieczka do &#8222;Wiejskiego Podw\u00f3rka&#8221; w Bobolinie"},"content":{"rendered":"\n<p>Pierwsze wyjazdy ju\u017c za nami&#8230;<\/p>\n\n\n\n<p>Grupa sze\u015bciolatk\u00f3w razem  z pierwsz\u0105 klas\u0105 wybra\u0142a si\u0119 do Bobolina, do znanego ju\u017c nam &#8222;Wiejskiego Podw\u00f3rka&#8221;. Dzieci mia\u0142y mo\u017cliwo\u015b\u0107 karmienia i g\u0142askania zwierz\u0105t, spacerowa\u0107 z alpakami. Dzie\u0144 pe\u0142en wra\u017ce\u0144 zako\u0144czy\u0142 si\u0119 pyszn\u0105 kie\u0142bask\u0105 z ogniska. <\/p>\n\n\n\n<figure class=\"wp-block-gallery has-nested-images columns-default is-cropped wp-block-gallery-1 is-layout-flex wp-block-gallery-is-layout-flex\">\n<figure class=\"wp-block-image size-large\"><img loading=\"lazy\" decoding=\"async\" width=\"768\" height=\"1024\" data-id=\"7700\" src=\"https:\/\/przylep.edu.pl\/przedszkole\/wp-content\/uploads\/2022\/09\/306951343_1306902480145438_3675029525436767_n-768x1024.jpg\" alt=\"\" class=\"wp-image-7700\" srcset=\"https:\/\/przylep.edu.pl\/przedszkole\/wp-content\/uploads\/2022\/09\/306951343_1306902480145438_3675029525436767_n-768x1024.jpg 768w, https:\/\/przylep.edu.pl\/przedszkole\/wp-content\/uploads\/2022\/09\/306951343_1306902480145438_3675029525436767_n-225x300.jpg 225w, https:\/\/przylep.edu.pl\/przedszkole\/wp-content\/uploads\/2022\/09\/306951343_1306902480145438_3675029525436767_n-1152x1536.jpg 1152w, https:\/\/przylep.edu.pl\/przedszkole\/wp-content\/uploads\/2022\/09\/306951343_1306902480145438_3675029525436767_n-1536x2048.jpg 1536w, https:\/\/przylep.edu.pl\/przedszkole\/wp-content\/uploads\/2022\/09\/306951343_1306902480145438_3675029525436767_n-scaled.jpg 1920w\" sizes=\"auto, (max-width: 768px) 100vw, 768px\" \/><\/figure>\n\n\n\n<figure class=\"wp-block-image size-large\"><img loading=\"lazy\" decoding=\"async\" width=\"768\" height=\"1024\" data-id=\"7698\" src=\"https:\/\/przylep.edu.pl\/przedszkole\/wp-content\/uploads\/2022\/09\/307013571_502453214552422_3547301620372637888_n-768x1024.jpg\" alt=\"\" class=\"wp-image-7698\" srcset=\"https:\/\/przylep.edu.pl\/przedszkole\/wp-content\/uploads\/2022\/09\/307013571_502453214552422_3547301620372637888_n-768x1024.jpg 768w, https:\/\/przylep.edu.pl\/przedszkole\/wp-content\/uploads\/2022\/09\/307013571_502453214552422_3547301620372637888_n-225x300.jpg 225w, https:\/\/przylep.edu.pl\/przedszkole\/wp-content\/uploads\/2022\/09\/307013571_502453214552422_3547301620372637888_n-1152x1536.jpg 1152w, https:\/\/przylep.edu.pl\/przedszkole\/wp-content\/uploads\/2022\/09\/307013571_502453214552422_3547301620372637888_n-1536x2048.jpg 1536w, https:\/\/przylep.edu.pl\/przedszkole\/wp-content\/uploads\/2022\/09\/307013571_502453214552422_3547301620372637888_n-scaled.jpg 1920w\" sizes=\"auto, (max-width: 768px) 100vw, 768px\" \/><\/figure>\n\n\n\n<figure class=\"wp-block-image size-large\"><img loading=\"lazy\" decoding=\"async\" width=\"1024\" height=\"768\" data-id=\"7697\" src=\"https:\/\/przylep.edu.pl\/przedszkole\/wp-content\/uploads\/2022\/09\/307046532_1278901686211125_3976534542316360094_n-1024x768.jpg\" alt=\"\" class=\"wp-image-7697\" srcset=\"https:\/\/przylep.edu.pl\/przedszkole\/wp-content\/uploads\/2022\/09\/307046532_1278901686211125_3976534542316360094_n-1024x768.jpg 1024w, https:\/\/przylep.edu.pl\/przedszkole\/wp-content\/uploads\/2022\/09\/307046532_1278901686211125_3976534542316360094_n-300x225.jpg 300w, https:\/\/przylep.edu.pl\/przedszkole\/wp-content\/uploads\/2022\/09\/307046532_1278901686211125_3976534542316360094_n-768x576.jpg 768w, https:\/\/przylep.edu.pl\/przedszkole\/wp-content\/uploads\/2022\/09\/307046532_1278901686211125_3976534542316360094_n-1536x1152.jpg 1536w, https:\/\/przylep.edu.pl\/przedszkole\/wp-content\/uploads\/2022\/09\/307046532_1278901686211125_3976534542316360094_n-2048x1536.jpg 2048w, https:\/\/przylep.edu.pl\/przedszkole\/wp-content\/uploads\/2022\/09\/307046532_1278901686211125_3976534542316360094_n-600x450.jpg 600w\" sizes=\"auto, (max-width: 1024px) 100vw, 1024px\" \/><\/figure>\n\n\n\n<figure class=\"wp-block-image size-large\"><img loading=\"lazy\" decoding=\"async\" width=\"768\" height=\"1024\" data-id=\"7699\" src=\"https:\/\/przylep.edu.pl\/przedszkole\/wp-content\/uploads\/2022\/09\/307083034_1816447145359181_3095324483078127338_n-768x1024.jpg\" alt=\"\" class=\"wp-image-7699\" srcset=\"https:\/\/przylep.edu.pl\/przedszkole\/wp-content\/uploads\/2022\/09\/307083034_1816447145359181_3095324483078127338_n-768x1024.jpg 768w, https:\/\/przylep.edu.pl\/przedszkole\/wp-content\/uploads\/2022\/09\/307083034_1816447145359181_3095324483078127338_n-225x300.jpg 225w, https:\/\/przylep.edu.pl\/przedszkole\/wp-content\/uploads\/2022\/09\/307083034_1816447145359181_3095324483078127338_n-1152x1536.jpg 1152w, https:\/\/przylep.edu.pl\/przedszkole\/wp-content\/uploads\/2022\/09\/307083034_1816447145359181_3095324483078127338_n-1536x2048.jpg 1536w, https:\/\/przylep.edu.pl\/przedszkole\/wp-content\/uploads\/2022\/09\/307083034_1816447145359181_3095324483078127338_n-scaled.jpg 1920w\" sizes=\"auto, (max-width: 768px) 100vw, 768px\" \/><\/figure>\n\n\n\n<figure class=\"wp-block-image size-large\"><img loading=\"lazy\" decoding=\"async\" width=\"720\" height=\"540\" data-id=\"7695\" src=\"https:\/\/przylep.edu.pl\/przedszkole\/wp-content\/uploads\/2022\/09\/307196171_860226264861327_7197725062951890005_n.jpg\" alt=\"\" class=\"wp-image-7695\" srcset=\"https:\/\/przylep.edu.pl\/przedszkole\/wp-content\/uploads\/2022\/09\/307196171_860226264861327_7197725062951890005_n.jpg 720w, https:\/\/przylep.edu.pl\/przedszkole\/wp-content\/uploads\/2022\/09\/307196171_860226264861327_7197725062951890005_n-300x225.jpg 300w, https:\/\/przylep.edu.pl\/przedszkole\/wp-content\/uploads\/2022\/09\/307196171_860226264861327_7197725062951890005_n-600x450.jpg 600w\" sizes=\"auto, (max-width: 720px) 100vw, 720px\" \/><\/figure>\n\n\n\n<figure class=\"wp-block-image size-large\"><img loading=\"lazy\" decoding=\"async\" width=\"1024\" height=\"768\" data-id=\"7696\" src=\"https:\/\/przylep.edu.pl\/przedszkole\/wp-content\/uploads\/2022\/09\/307515500_3310069895987422_673404824085106114_n-1024x768.jpg\" alt=\"\" class=\"wp-image-7696\" srcset=\"https:\/\/przylep.edu.pl\/przedszkole\/wp-content\/uploads\/2022\/09\/307515500_3310069895987422_673404824085106114_n-1024x768.jpg 1024w, https:\/\/przylep.edu.pl\/przedszkole\/wp-content\/uploads\/2022\/09\/307515500_3310069895987422_673404824085106114_n-300x225.jpg 300w, https:\/\/przylep.edu.pl\/przedszkole\/wp-content\/uploads\/2022\/09\/307515500_3310069895987422_673404824085106114_n-768x576.jpg 768w, https:\/\/przylep.edu.pl\/przedszkole\/wp-content\/uploads\/2022\/09\/307515500_3310069895987422_673404824085106114_n-1536x1152.jpg 1536w, https:\/\/przylep.edu.pl\/przedszkole\/wp-content\/uploads\/2022\/09\/307515500_3310069895987422_673404824085106114_n-2048x1536.jpg 2048w, https:\/\/przylep.edu.pl\/przedszkole\/wp-content\/uploads\/2022\/09\/307515500_3310069895987422_673404824085106114_n-600x450.jpg 600w\" sizes=\"auto, (max-width: 1024px) 100vw, 1024px\" \/><\/figure>\n<\/figure>\n","protected":false},"excerpt":{"rendered":"<p>Pierwsze wyjazdy ju\u017c za nami&#8230; Grupa sze\u015bciolatk\u00f3w razem z pierwsz\u0105 klas\u0105 wybra\u0142a si\u0119 do Bobolina, do znanego ju\u017c nam &#8222;Wiejskiego Podw\u00f3rka&#8221;. Dzieci mia\u0142y mo\u017cliwo\u015b\u0107 karmienia i g\u0142askania zwierz\u0105t, spacerowa\u0107 z alpakami. Dzie\u0144 pe\u0142en wra\u017ce\u0144 zako\u0144czy\u0142 si\u0119 pyszn\u0105 kie\u0142bask\u0105 z ogniska.<\/p>\n","protected":false},"author":2,"featured_media":7701,"comment_status":"closed","ping_status":"open","sticky":false,"template":"","format":"standard","meta":{"footnotes":""},"categories":[45,41,40],"tags":[],"class_list":["post-7694","post","type-post","status-publish","format-standard","has-post-thumbnail","hentry","category-aktualnosci","category-galerie","category-strona-glowna"],"_links":{"self":[{"href":"https:\/\/przylep.edu.pl\/przedszkole\/wp-json\/wp\/v2\/posts\/7694","targetHints":{"allow":["GET"]}}],"collection":[{"href":"https:\/\/przylep.edu.pl\/przedszkole\/wp-json\/wp\/v2\/posts"}],"about":[{"href":"https:\/\/przylep.edu.pl\/przedszkole\/wp-json\/wp\/v2\/types\/post"}],"author":[{"embeddable":true,"href":"https:\/\/przylep.edu.pl\/przedszkole\/wp-json\/wp\/v2\/users\/2"}],"replies":[{"embeddable":true,"href":"https:\/\/przylep.edu.pl\/przedszkole\/wp-json\/wp\/v2\/comments?post=7694"}],"version-history":[{"count":1,"href":"https:\/\/przylep.edu.pl\/przedszkole\/wp-json\/wp\/v2\/posts\/7694\/revisions"}],"predecessor-version":[{"id":7702,"href":"https:\/\/przylep.edu.pl\/przedszkole\/wp-json\/wp\/v2\/posts\/7694\/revisions\/7702"}],"wp:featuredmedia":[{"embeddable":true,"href":"https:\/\/przylep.edu.pl\/przedszkole\/wp-json\/wp\/v2\/media\/7701"}],"wp:attachment":[{"href":"https:\/\/przylep.edu.pl\/przedszkole\/wp-json\/wp\/v2\/media?parent=7694"}],"wp:term":[{"taxonomy":"category","embeddable":true,"href":"https:\/\/przylep.edu.pl\/przedszkole\/wp-json\/wp\/v2\/categories?post=7694"},{"taxonomy":"post_tag","embeddable":true,"href":"https:\/\/przylep.edu.pl\/przedszkole\/wp-json\/wp\/v2\/tags?post=7694"}],"curies":[{"name":"wp","href":"https:\/\/api.w.org\/{rel}","templated":true}]}}