{"id":7677,"date":"2022-09-18T12:51:37","date_gmt":"2022-09-18T10:51:37","guid":{"rendered":"https:\/\/przylep.edu.pl\/przedszkole\/?p=7677"},"modified":"2022-09-25T19:17:31","modified_gmt":"2022-09-25T17:17:31","slug":"uwierz-w-siebie-dzien-kroki-w-przylepie","status":"publish","type":"post","link":"https:\/\/przylep.edu.pl\/przedszkole\/2022\/09\/18\/uwierz-w-siebie-dzien-kroki-w-przylepie\/","title":{"rendered":"Uwierz w siebie-Dzie\u0144 Kropki w Przylepie"},"content":{"rendered":"\n<p>15 wrze\u015bnia obchodzili\u015bmy w\u00a0naszej plac\u00f3wce Mi\u0119dzynarodowy Dzie\u0144 Kropki, czyli dzie\u0144 odkrywania r\u00f3\u017cnych talent\u00f3w oraz u\u015bwiadamiania dzieciom poczucia we w\u0142asne si\u0142y i\u00a0mo\u017cliwo\u015bci. Aby wizualnie zaznaczy\u0107 to nietypowe \u015bwi\u0119to dzieci mia\u0142y za zadanie za\u0142o\u017cy\u0107 ubranka z\u00a0elementami kropek i\u00a0kropeczek w\u00a0czym bardzo pomogli im Rodzice, kt\u00f3rzy stan\u0119li na wysoko\u015bci zadania i\u00a0przygotowali wspaniale stroje cz\u0119sto w\u0142asnor\u0119cznie wykonane, za co z\u00a0ca\u0142ego serca dzi\u0119kujemy.<\/p>\n\n\n\n<figure class=\"wp-block-gallery has-nested-images columns-default is-cropped wp-block-gallery-1 is-layout-flex wp-block-gallery-is-layout-flex\">\n<figure class=\"wp-block-image size-large\"><img loading=\"lazy\" decoding=\"async\" width=\"686\" height=\"914\" data-id=\"7679\" src=\"https:\/\/przylep.edu.pl\/przedszkole\/wp-content\/uploads\/2022\/09\/20220915_094603.jpg\" alt=\"\" class=\"wp-image-7679\" srcset=\"https:\/\/przylep.edu.pl\/przedszkole\/wp-content\/uploads\/2022\/09\/20220915_094603.jpg 686w, https:\/\/przylep.edu.pl\/przedszkole\/wp-content\/uploads\/2022\/09\/20220915_094603-225x300.jpg 225w\" sizes=\"auto, (max-width: 686px) 100vw, 686px\" \/><\/figure>\n\n\n\n<figure class=\"wp-block-image size-large\"><img loading=\"lazy\" decoding=\"async\" width=\"686\" height=\"914\" data-id=\"7686\" src=\"https:\/\/przylep.edu.pl\/przedszkole\/wp-content\/uploads\/2022\/09\/20220915_095024.jpg\" alt=\"\" class=\"wp-image-7686\" srcset=\"https:\/\/przylep.edu.pl\/przedszkole\/wp-content\/uploads\/2022\/09\/20220915_095024.jpg 686w, https:\/\/przylep.edu.pl\/przedszkole\/wp-content\/uploads\/2022\/09\/20220915_095024-225x300.jpg 225w\" sizes=\"auto, (max-width: 686px) 100vw, 686px\" \/><\/figure>\n\n\n\n<figure class=\"wp-block-image size-large\"><img loading=\"lazy\" decoding=\"async\" width=\"686\" height=\"914\" data-id=\"7681\" src=\"https:\/\/przylep.edu.pl\/przedszkole\/wp-content\/uploads\/2022\/09\/20220915_102430.jpg\" alt=\"\" class=\"wp-image-7681\" srcset=\"https:\/\/przylep.edu.pl\/przedszkole\/wp-content\/uploads\/2022\/09\/20220915_102430.jpg 686w, https:\/\/przylep.edu.pl\/przedszkole\/wp-content\/uploads\/2022\/09\/20220915_102430-225x300.jpg 225w\" sizes=\"auto, (max-width: 686px) 100vw, 686px\" \/><\/figure>\n\n\n\n<figure class=\"wp-block-image size-large\"><img loading=\"lazy\" decoding=\"async\" width=\"174\" height=\"232\" data-id=\"7678\" src=\"https:\/\/przylep.edu.pl\/przedszkole\/wp-content\/uploads\/2022\/09\/20220915_110255.jpg\" alt=\"\" class=\"wp-image-7678\" \/><\/figure>\n\n\n\n<figure class=\"wp-block-image size-large\"><img loading=\"lazy\" decoding=\"async\" width=\"1024\" height=\"768\" data-id=\"7684\" src=\"https:\/\/przylep.edu.pl\/przedszkole\/wp-content\/uploads\/2022\/09\/20220915_135814-1024x768.jpg\" alt=\"\" class=\"wp-image-7684\" srcset=\"https:\/\/przylep.edu.pl\/przedszkole\/wp-content\/uploads\/2022\/09\/20220915_135814-1024x768.jpg 1024w, https:\/\/przylep.edu.pl\/przedszkole\/wp-content\/uploads\/2022\/09\/20220915_135814-300x225.jpg 300w, https:\/\/przylep.edu.pl\/przedszkole\/wp-content\/uploads\/2022\/09\/20220915_135814-768x576.jpg 768w, https:\/\/przylep.edu.pl\/przedszkole\/wp-content\/uploads\/2022\/09\/20220915_135814-600x450.jpg 600w, https:\/\/przylep.edu.pl\/przedszkole\/wp-content\/uploads\/2022\/09\/20220915_135814.jpg 1219w\" sizes=\"auto, (max-width: 1024px) 100vw, 1024px\" \/><\/figure>\n\n\n\n<figure class=\"wp-block-image size-large\"><img loading=\"lazy\" decoding=\"async\" width=\"729\" height=\"1024\" data-id=\"7682\" src=\"https:\/\/przylep.edu.pl\/przedszkole\/wp-content\/uploads\/2022\/09\/306610410_1287133545433510_1556708539624436990_n-729x1024.jpg\" alt=\"\" class=\"wp-image-7682\" srcset=\"https:\/\/przylep.edu.pl\/przedszkole\/wp-content\/uploads\/2022\/09\/306610410_1287133545433510_1556708539624436990_n-729x1024.jpg 729w, https:\/\/przylep.edu.pl\/przedszkole\/wp-content\/uploads\/2022\/09\/306610410_1287133545433510_1556708539624436990_n-213x300.jpg 213w, https:\/\/przylep.edu.pl\/przedszkole\/wp-content\/uploads\/2022\/09\/306610410_1287133545433510_1556708539624436990_n-768x1079.jpg 768w, https:\/\/przylep.edu.pl\/przedszkole\/wp-content\/uploads\/2022\/09\/306610410_1287133545433510_1556708539624436990_n-1093x1536.jpg 1093w, https:\/\/przylep.edu.pl\/przedszkole\/wp-content\/uploads\/2022\/09\/306610410_1287133545433510_1556708539624436990_n.jpg 1125w\" sizes=\"auto, (max-width: 729px) 100vw, 729px\" \/><\/figure>\n\n\n\n<figure class=\"wp-block-image size-large\"><img loading=\"lazy\" decoding=\"async\" width=\"1024\" height=\"768\" data-id=\"7690\" src=\"https:\/\/przylep.edu.pl\/przedszkole\/wp-content\/uploads\/2022\/09\/306622394_827554888253285_818737503378613917_n-1024x768.jpg\" alt=\"\" class=\"wp-image-7690\" srcset=\"https:\/\/przylep.edu.pl\/przedszkole\/wp-content\/uploads\/2022\/09\/306622394_827554888253285_818737503378613917_n-1024x768.jpg 1024w, https:\/\/przylep.edu.pl\/przedszkole\/wp-content\/uploads\/2022\/09\/306622394_827554888253285_818737503378613917_n-300x225.jpg 300w, https:\/\/przylep.edu.pl\/przedszkole\/wp-content\/uploads\/2022\/09\/306622394_827554888253285_818737503378613917_n-768x576.jpg 768w, https:\/\/przylep.edu.pl\/przedszkole\/wp-content\/uploads\/2022\/09\/306622394_827554888253285_818737503378613917_n-1536x1152.jpg 1536w, https:\/\/przylep.edu.pl\/przedszkole\/wp-content\/uploads\/2022\/09\/306622394_827554888253285_818737503378613917_n-600x450.jpg 600w, https:\/\/przylep.edu.pl\/przedszkole\/wp-content\/uploads\/2022\/09\/306622394_827554888253285_818737503378613917_n.jpg 2048w\" sizes=\"auto, (max-width: 1024px) 100vw, 1024px\" \/><\/figure>\n\n\n\n<figure class=\"wp-block-image size-large\"><img loading=\"lazy\" decoding=\"async\" width=\"1024\" height=\"768\" data-id=\"7691\" src=\"https:\/\/przylep.edu.pl\/przedszkole\/wp-content\/uploads\/2022\/09\/306676168_427046782745705_4876334241070729878_n-1024x768.jpg\" alt=\"\" class=\"wp-image-7691\" srcset=\"https:\/\/przylep.edu.pl\/przedszkole\/wp-content\/uploads\/2022\/09\/306676168_427046782745705_4876334241070729878_n-1024x768.jpg 1024w, https:\/\/przylep.edu.pl\/przedszkole\/wp-content\/uploads\/2022\/09\/306676168_427046782745705_4876334241070729878_n-300x225.jpg 300w, https:\/\/przylep.edu.pl\/przedszkole\/wp-content\/uploads\/2022\/09\/306676168_427046782745705_4876334241070729878_n-768x576.jpg 768w, https:\/\/przylep.edu.pl\/przedszkole\/wp-content\/uploads\/2022\/09\/306676168_427046782745705_4876334241070729878_n-1536x1152.jpg 1536w, https:\/\/przylep.edu.pl\/przedszkole\/wp-content\/uploads\/2022\/09\/306676168_427046782745705_4876334241070729878_n-600x450.jpg 600w, https:\/\/przylep.edu.pl\/przedszkole\/wp-content\/uploads\/2022\/09\/306676168_427046782745705_4876334241070729878_n.jpg 2048w\" sizes=\"auto, (max-width: 1024px) 100vw, 1024px\" \/><\/figure>\n\n\n\n<figure class=\"wp-block-image size-large\"><img loading=\"lazy\" decoding=\"async\" width=\"1024\" height=\"577\" data-id=\"7683\" src=\"https:\/\/przylep.edu.pl\/przedszkole\/wp-content\/uploads\/2022\/09\/306678676_656414692728053_4911447870923677792_n-1024x577.jpg\" alt=\"\" class=\"wp-image-7683\" srcset=\"https:\/\/przylep.edu.pl\/przedszkole\/wp-content\/uploads\/2022\/09\/306678676_656414692728053_4911447870923677792_n-1024x577.jpg 1024w, https:\/\/przylep.edu.pl\/przedszkole\/wp-content\/uploads\/2022\/09\/306678676_656414692728053_4911447870923677792_n-300x169.jpg 300w, https:\/\/przylep.edu.pl\/przedszkole\/wp-content\/uploads\/2022\/09\/306678676_656414692728053_4911447870923677792_n-768x433.jpg 768w, https:\/\/przylep.edu.pl\/przedszkole\/wp-content\/uploads\/2022\/09\/306678676_656414692728053_4911447870923677792_n-1536x865.jpg 1536w, https:\/\/przylep.edu.pl\/przedszkole\/wp-content\/uploads\/2022\/09\/306678676_656414692728053_4911447870923677792_n.jpg 1734w\" sizes=\"auto, (max-width: 1024px) 100vw, 1024px\" \/><\/figure>\n\n\n\n<figure class=\"wp-block-image size-large\"><img loading=\"lazy\" decoding=\"async\" width=\"576\" height=\"1024\" data-id=\"7687\" src=\"https:\/\/przylep.edu.pl\/przedszkole\/wp-content\/uploads\/2022\/09\/307174788_500881805192480_563483908762808504_n-576x1024.jpg\" alt=\"\" class=\"wp-image-7687\" srcset=\"https:\/\/przylep.edu.pl\/przedszkole\/wp-content\/uploads\/2022\/09\/307174788_500881805192480_563483908762808504_n-576x1024.jpg 576w, https:\/\/przylep.edu.pl\/przedszkole\/wp-content\/uploads\/2022\/09\/307174788_500881805192480_563483908762808504_n-169x300.jpg 169w, https:\/\/przylep.edu.pl\/przedszkole\/wp-content\/uploads\/2022\/09\/307174788_500881805192480_563483908762808504_n-768x1364.jpg 768w, https:\/\/przylep.edu.pl\/przedszkole\/wp-content\/uploads\/2022\/09\/307174788_500881805192480_563483908762808504_n-865x1536.jpg 865w, https:\/\/przylep.edu.pl\/przedszkole\/wp-content\/uploads\/2022\/09\/307174788_500881805192480_563483908762808504_n.jpg 976w\" sizes=\"auto, (max-width: 576px) 100vw, 576px\" \/><\/figure>\n\n\n\n<figure class=\"wp-block-image size-large\"><img loading=\"lazy\" decoding=\"async\" width=\"768\" height=\"1024\" data-id=\"7689\" src=\"https:\/\/przylep.edu.pl\/przedszkole\/wp-content\/uploads\/2022\/09\/307210660_600627514940565_5320637746348497476_n-768x1024.jpg\" alt=\"\" class=\"wp-image-7689\" srcset=\"https:\/\/przylep.edu.pl\/przedszkole\/wp-content\/uploads\/2022\/09\/307210660_600627514940565_5320637746348497476_n-768x1024.jpg 768w, https:\/\/przylep.edu.pl\/przedszkole\/wp-content\/uploads\/2022\/09\/307210660_600627514940565_5320637746348497476_n-225x300.jpg 225w, https:\/\/przylep.edu.pl\/przedszkole\/wp-content\/uploads\/2022\/09\/307210660_600627514940565_5320637746348497476_n-1152x1536.jpg 1152w, https:\/\/przylep.edu.pl\/przedszkole\/wp-content\/uploads\/2022\/09\/307210660_600627514940565_5320637746348497476_n-1536x2048.jpg 1536w, https:\/\/przylep.edu.pl\/przedszkole\/wp-content\/uploads\/2022\/09\/307210660_600627514940565_5320637746348497476_n-scaled.jpg 1920w\" sizes=\"auto, (max-width: 768px) 100vw, 768px\" \/><\/figure>\n\n\n\n<figure class=\"wp-block-image size-large\"><img loading=\"lazy\" decoding=\"async\" width=\"1024\" height=\"577\" data-id=\"7685\" src=\"https:\/\/przylep.edu.pl\/przedszkole\/wp-content\/uploads\/2022\/09\/307414267_645960656958765_8537265206276868240_n-1024x577.jpg\" alt=\"\" class=\"wp-image-7685\" srcset=\"https:\/\/przylep.edu.pl\/przedszkole\/wp-content\/uploads\/2022\/09\/307414267_645960656958765_8537265206276868240_n-1024x577.jpg 1024w, https:\/\/przylep.edu.pl\/przedszkole\/wp-content\/uploads\/2022\/09\/307414267_645960656958765_8537265206276868240_n-300x169.jpg 300w, https:\/\/przylep.edu.pl\/przedszkole\/wp-content\/uploads\/2022\/09\/307414267_645960656958765_8537265206276868240_n-768x433.jpg 768w, https:\/\/przylep.edu.pl\/przedszkole\/wp-content\/uploads\/2022\/09\/307414267_645960656958765_8537265206276868240_n-1536x865.jpg 1536w, https:\/\/przylep.edu.pl\/przedszkole\/wp-content\/uploads\/2022\/09\/307414267_645960656958765_8537265206276868240_n.jpg 1734w\" sizes=\"auto, (max-width: 1024px) 100vw, 1024px\" \/><\/figure>\n\n\n\n<figure class=\"wp-block-image size-large\"><img loading=\"lazy\" decoding=\"async\" width=\"1024\" height=\"766\" data-id=\"7680\" src=\"https:\/\/przylep.edu.pl\/przedszkole\/wp-content\/uploads\/2022\/09\/307509366_1241309766706651_5553800715188110533_n-1024x766.jpg\" alt=\"\" class=\"wp-image-7680\" srcset=\"https:\/\/przylep.edu.pl\/przedszkole\/wp-content\/uploads\/2022\/09\/307509366_1241309766706651_5553800715188110533_n-1024x766.jpg 1024w, https:\/\/przylep.edu.pl\/przedszkole\/wp-content\/uploads\/2022\/09\/307509366_1241309766706651_5553800715188110533_n-300x225.jpg 300w, https:\/\/przylep.edu.pl\/przedszkole\/wp-content\/uploads\/2022\/09\/307509366_1241309766706651_5553800715188110533_n-768x575.jpg 768w, https:\/\/przylep.edu.pl\/przedszkole\/wp-content\/uploads\/2022\/09\/307509366_1241309766706651_5553800715188110533_n-600x450.jpg 600w, https:\/\/przylep.edu.pl\/przedszkole\/wp-content\/uploads\/2022\/09\/307509366_1241309766706651_5553800715188110533_n.jpg 1125w\" sizes=\"auto, (max-width: 1024px) 100vw, 1024px\" \/><\/figure>\n\n\n\n<figure class=\"wp-block-image size-large\"><img loading=\"lazy\" decoding=\"async\" width=\"768\" height=\"1024\" data-id=\"7688\" src=\"https:\/\/przylep.edu.pl\/przedszkole\/wp-content\/uploads\/2022\/09\/307587966_803775894277829_7084471391446236609_n-768x1024.jpg\" alt=\"\" class=\"wp-image-7688\" srcset=\"https:\/\/przylep.edu.pl\/przedszkole\/wp-content\/uploads\/2022\/09\/307587966_803775894277829_7084471391446236609_n-768x1024.jpg 768w, https:\/\/przylep.edu.pl\/przedszkole\/wp-content\/uploads\/2022\/09\/307587966_803775894277829_7084471391446236609_n-225x300.jpg 225w, https:\/\/przylep.edu.pl\/przedszkole\/wp-content\/uploads\/2022\/09\/307587966_803775894277829_7084471391446236609_n-1152x1536.jpg 1152w, https:\/\/przylep.edu.pl\/przedszkole\/wp-content\/uploads\/2022\/09\/307587966_803775894277829_7084471391446236609_n-1536x2048.jpg 1536w, https:\/\/przylep.edu.pl\/przedszkole\/wp-content\/uploads\/2022\/09\/307587966_803775894277829_7084471391446236609_n-scaled.jpg 1920w\" sizes=\"auto, (max-width: 768px) 100vw, 768px\" \/><\/figure>\n<\/figure>\n","protected":false},"excerpt":{"rendered":"<p>15 wrze\u015bnia obchodzili\u015bmy w\u00a0naszej plac\u00f3wce Mi\u0119dzynarodowy Dzie\u0144 Kropki, czyli dzie\u0144 odkrywania r\u00f3\u017cnych talent\u00f3w oraz u\u015bwiadamiania dzieciom poczucia we w\u0142asne si\u0142y i\u00a0mo\u017cliwo\u015bci. Aby wizualnie zaznaczy\u0107 to nietypowe \u015bwi\u0119to dzieci mia\u0142y za zadanie za\u0142o\u017cy\u0107 ubranka z\u00a0elementami kropek i\u00a0kropeczek w\u00a0czym bardzo pomogli im Rodzice, kt\u00f3rzy stan\u0119li na wysoko\u015bci zadania i\u00a0przygotowali wspaniale stroje cz\u0119sto w\u0142asnor\u0119cznie wykonane, za co z\u00a0ca\u0142ego [&hellip;]<\/p>\n","protected":false},"author":2,"featured_media":7692,"comment_status":"closed","ping_status":"open","sticky":false,"template":"","format":"standard","meta":{"footnotes":""},"categories":[45,41,40],"tags":[],"class_list":["post-7677","post","type-post","status-publish","format-standard","has-post-thumbnail","hentry","category-aktualnosci","category-galerie","category-strona-glowna"],"_links":{"self":[{"href":"https:\/\/przylep.edu.pl\/przedszkole\/wp-json\/wp\/v2\/posts\/7677","targetHints":{"allow":["GET"]}}],"collection":[{"href":"https:\/\/przylep.edu.pl\/przedszkole\/wp-json\/wp\/v2\/posts"}],"about":[{"href":"https:\/\/przylep.edu.pl\/przedszkole\/wp-json\/wp\/v2\/types\/post"}],"author":[{"embeddable":true,"href":"https:\/\/przylep.edu.pl\/przedszkole\/wp-json\/wp\/v2\/users\/2"}],"replies":[{"embeddable":true,"href":"https:\/\/przylep.edu.pl\/przedszkole\/wp-json\/wp\/v2\/comments?post=7677"}],"version-history":[{"count":2,"href":"https:\/\/przylep.edu.pl\/przedszkole\/wp-json\/wp\/v2\/posts\/7677\/revisions"}],"predecessor-version":[{"id":7704,"href":"https:\/\/przylep.edu.pl\/przedszkole\/wp-json\/wp\/v2\/posts\/7677\/revisions\/7704"}],"wp:featuredmedia":[{"embeddable":true,"href":"https:\/\/przylep.edu.pl\/przedszkole\/wp-json\/wp\/v2\/media\/7692"}],"wp:attachment":[{"href":"https:\/\/przylep.edu.pl\/przedszkole\/wp-json\/wp\/v2\/media?parent=7677"}],"wp:term":[{"taxonomy":"category","embeddable":true,"href":"https:\/\/przylep.edu.pl\/przedszkole\/wp-json\/wp\/v2\/categories?post=7677"},{"taxonomy":"post_tag","embeddable":true,"href":"https:\/\/przylep.edu.pl\/przedszkole\/wp-json\/wp\/v2\/tags?post=7677"}],"curies":[{"name":"wp","href":"https:\/\/api.w.org\/{rel}","templated":true}]}}