{"id":7673,"date":"2022-09-04T19:45:03","date_gmt":"2022-09-04T17:45:03","guid":{"rendered":"https:\/\/przylep.edu.pl\/przedszkole\/?p=7673"},"modified":"2022-09-18T11:57:53","modified_gmt":"2022-09-18T09:57:53","slug":"szkolenie-nauczycieli","status":"publish","type":"post","link":"https:\/\/przylep.edu.pl\/przedszkole\/2022\/09\/04\/szkolenie-nauczycieli\/","title":{"rendered":"Szkolenie Nauczycieli"},"content":{"rendered":"\n<p>W gor\u0105czce przygotowa\u0144 do rozpocz\u0119cia roku szkolnego nie zabrak\u0142o czasu na nasz\u0105 edukacj\u0119&#8230; i tak ostatni weekend wakacji sp\u0119dzili\u015bmy na szkoleniu z wa\u017cnego obszaru jakim jest efektywna komunikacja w pracy nauczyciela. W tym celu go\u015bcili\u015bmy w murach naszej plac\u00f3wki najlepszego z najlepszych psychologa, trenera Dawida Ba\u0142utowskiego. <\/p>\n\n\n\n<p> To by\u0142 bardzo dobrze sp\u0119dzony weekend. <\/p>\n\n\n\n<figure class=\"wp-block-gallery has-nested-images columns-default is-cropped wp-block-gallery-1 is-layout-flex wp-block-gallery-is-layout-flex\">\n<figure class=\"wp-block-image size-large\"><img loading=\"lazy\" decoding=\"async\" width=\"1024\" height=\"769\" data-id=\"7674\" src=\"https:\/\/przylep.edu.pl\/przedszkole\/wp-content\/uploads\/2022\/09\/301571932_388002119964786_1383844068006302025_n-1024x769.jpg\" alt=\"\" class=\"wp-image-7674\" srcset=\"https:\/\/przylep.edu.pl\/przedszkole\/wp-content\/uploads\/2022\/09\/301571932_388002119964786_1383844068006302025_n-1024x769.jpg 1024w, https:\/\/przylep.edu.pl\/przedszkole\/wp-content\/uploads\/2022\/09\/301571932_388002119964786_1383844068006302025_n-300x225.jpg 300w, https:\/\/przylep.edu.pl\/przedszkole\/wp-content\/uploads\/2022\/09\/301571932_388002119964786_1383844068006302025_n-768x577.jpg 768w, https:\/\/przylep.edu.pl\/przedszkole\/wp-content\/uploads\/2022\/09\/301571932_388002119964786_1383844068006302025_n-1536x1153.jpg 1536w, https:\/\/przylep.edu.pl\/przedszkole\/wp-content\/uploads\/2022\/09\/301571932_388002119964786_1383844068006302025_n-600x450.jpg 600w, https:\/\/przylep.edu.pl\/przedszkole\/wp-content\/uploads\/2022\/09\/301571932_388002119964786_1383844068006302025_n.jpg 1746w\" sizes=\"auto, (max-width: 1024px) 100vw, 1024px\" \/><\/figure>\n<\/figure>\n","protected":false},"excerpt":{"rendered":"<p>W gor\u0105czce przygotowa\u0144 do rozpocz\u0119cia roku szkolnego nie zabrak\u0142o czasu na nasz\u0105 edukacj\u0119&#8230; i tak ostatni weekend wakacji sp\u0119dzili\u015bmy na szkoleniu z wa\u017cnego obszaru jakim jest efektywna komunikacja w pracy nauczyciela. W tym celu go\u015bcili\u015bmy w murach naszej plac\u00f3wki najlepszego z najlepszych psychologa, trenera Dawida Ba\u0142utowskiego. To by\u0142 bardzo dobrze sp\u0119dzony weekend.<\/p>\n","protected":false},"author":2,"featured_media":7675,"comment_status":"closed","ping_status":"open","sticky":false,"template":"","format":"standard","meta":{"footnotes":""},"categories":[45,40],"tags":[],"class_list":["post-7673","post","type-post","status-publish","format-standard","has-post-thumbnail","hentry","category-aktualnosci","category-strona-glowna"],"_links":{"self":[{"href":"https:\/\/przylep.edu.pl\/przedszkole\/wp-json\/wp\/v2\/posts\/7673","targetHints":{"allow":["GET"]}}],"collection":[{"href":"https:\/\/przylep.edu.pl\/przedszkole\/wp-json\/wp\/v2\/posts"}],"about":[{"href":"https:\/\/przylep.edu.pl\/przedszkole\/wp-json\/wp\/v2\/types\/post"}],"author":[{"embeddable":true,"href":"https:\/\/przylep.edu.pl\/przedszkole\/wp-json\/wp\/v2\/users\/2"}],"replies":[{"embeddable":true,"href":"https:\/\/przylep.edu.pl\/przedszkole\/wp-json\/wp\/v2\/comments?post=7673"}],"version-history":[{"count":1,"href":"https:\/\/przylep.edu.pl\/przedszkole\/wp-json\/wp\/v2\/posts\/7673\/revisions"}],"predecessor-version":[{"id":7676,"href":"https:\/\/przylep.edu.pl\/przedszkole\/wp-json\/wp\/v2\/posts\/7673\/revisions\/7676"}],"wp:featuredmedia":[{"embeddable":true,"href":"https:\/\/przylep.edu.pl\/przedszkole\/wp-json\/wp\/v2\/media\/7675"}],"wp:attachment":[{"href":"https:\/\/przylep.edu.pl\/przedszkole\/wp-json\/wp\/v2\/media?parent=7673"}],"wp:term":[{"taxonomy":"category","embeddable":true,"href":"https:\/\/przylep.edu.pl\/przedszkole\/wp-json\/wp\/v2\/categories?post=7673"},{"taxonomy":"post_tag","embeddable":true,"href":"https:\/\/przylep.edu.pl\/przedszkole\/wp-json\/wp\/v2\/tags?post=7673"}],"curies":[{"name":"wp","href":"https:\/\/api.w.org\/{rel}","templated":true}]}}