{"id":7663,"date":"2022-08-31T06:26:35","date_gmt":"2022-08-31T04:26:35","guid":{"rendered":"https:\/\/przylep.edu.pl\/przedszkole\/?p=7663"},"modified":"2022-08-31T06:29:56","modified_gmt":"2022-08-31T04:29:56","slug":"rozpoczecie-nowego-roku-szkolnego-2022-2023","status":"publish","type":"post","link":"https:\/\/przylep.edu.pl\/przedszkole\/2022\/08\/31\/rozpoczecie-nowego-roku-szkolnego-2022-2023\/","title":{"rendered":"Rozpocz\u0119cie Nowego Roku Szkolnego 2022\/2023"},"content":{"rendered":"\n<p>Szanowni Pa\u0144stwo, zapraszamy na rozpocz\u0119cie roku szkolnego 1 wrze\u015bnia 2022 r. o 9.00 do sali gimnastycznej, gdzie uroczy\u015bcie rozpoczniemy now\u0105 przygod\u0119 w \u015bwiecie edukacji. Przypominamy o stroju galowym, dobrym humorze i pozytywnej energii.<\/p>\n\n\n\n<p>Pracownicy Zespo\u0142u Szkolno-Przedszkolnego<\/p>\n\n\n","protected":false},"excerpt":{"rendered":"<p>Szanowni Pa\u0144stwo, zapraszamy na rozpocz\u0119cie roku szkolnego 1 wrze\u015bnia 2022 r. o 9.00 do sali gimnastycznej, gdzie uroczy\u015bcie rozpoczniemy now\u0105 przygod\u0119 w \u015bwiecie edukacji. Przypominamy o stroju galowym, dobrym humorze i pozytywnej energii. Pracownicy Zespo\u0142u Szkolno-Przedszkolnego<\/p>\n","protected":false},"author":2,"featured_media":7668,"comment_status":"closed","ping_status":"open","sticky":false,"template":"","format":"standard","meta":{"footnotes":""},"categories":[45,40],"tags":[],"class_list":["post-7663","post","type-post","status-publish","format-standard","has-post-thumbnail","hentry","category-aktualnosci","category-strona-glowna"],"_links":{"self":[{"href":"https:\/\/przylep.edu.pl\/przedszkole\/wp-json\/wp\/v2\/posts\/7663","targetHints":{"allow":["GET"]}}],"collection":[{"href":"https:\/\/przylep.edu.pl\/przedszkole\/wp-json\/wp\/v2\/posts"}],"about":[{"href":"https:\/\/przylep.edu.pl\/przedszkole\/wp-json\/wp\/v2\/types\/post"}],"author":[{"embeddable":true,"href":"https:\/\/przylep.edu.pl\/przedszkole\/wp-json\/wp\/v2\/users\/2"}],"replies":[{"embeddable":true,"href":"https:\/\/przylep.edu.pl\/przedszkole\/wp-json\/wp\/v2\/comments?post=7663"}],"version-history":[{"count":1,"href":"https:\/\/przylep.edu.pl\/przedszkole\/wp-json\/wp\/v2\/posts\/7663\/revisions"}],"predecessor-version":[{"id":7664,"href":"https:\/\/przylep.edu.pl\/przedszkole\/wp-json\/wp\/v2\/posts\/7663\/revisions\/7664"}],"wp:featuredmedia":[{"embeddable":true,"href":"https:\/\/przylep.edu.pl\/przedszkole\/wp-json\/wp\/v2\/media\/7668"}],"wp:attachment":[{"href":"https:\/\/przylep.edu.pl\/przedszkole\/wp-json\/wp\/v2\/media?parent=7663"}],"wp:term":[{"taxonomy":"category","embeddable":true,"href":"https:\/\/przylep.edu.pl\/przedszkole\/wp-json\/wp\/v2\/categories?post=7663"},{"taxonomy":"post_tag","embeddable":true,"href":"https:\/\/przylep.edu.pl\/przedszkole\/wp-json\/wp\/v2\/tags?post=7663"}],"curies":[{"name":"wp","href":"https:\/\/api.w.org\/{rel}","templated":true}]}}