{"id":7648,"date":"2022-07-22T19:48:00","date_gmt":"2022-07-22T17:48:00","guid":{"rendered":"https:\/\/przylep.edu.pl\/przedszkole\/?p=7648"},"modified":"2022-08-03T19:55:35","modified_gmt":"2022-08-03T17:55:35","slug":"catering-zapraszamy-do-skladania-ofert","status":"publish","type":"post","link":"https:\/\/przylep.edu.pl\/przedszkole\/2022\/07\/22\/catering-zapraszamy-do-skladania-ofert\/","title":{"rendered":"Catering- Zapraszamy do sk\u0142adania ofert"},"content":{"rendered":"\n<p>ZAPYTANIE OFERTOWE<\/p>\n\n\n\n<p>dla kt\u00f3rego nie stosuje si\u0119 procedur zawartych w ustawie Prawo zam\u00f3wie\u0144 publicznych<\/p>\n\n\n\n<p>na us\u0142ug\u0119 cateringu obiadu dla dzieci z Przedszkola w Zespole Szkolno-Przedszkolnym w Przylepie.<\/p>\n\n\n\n<p>I.&nbsp; ZAMAWIAJ\u0104CY:<\/p>\n\n\n\n<p>Zesp\u00f3\u0142 Szkolno-Przedszkolny w Przylepie<\/p>\n\n\n\n<p>Przylep, ul. Rodzinna 1<\/p>\n\n\n\n<p>72-004 Przec\u0142aw<\/p>\n\n\n\n<p>II. PRZEDMIOT ZAM\u00d3WIENIA:<\/p>\n\n\n\n<p>Us\u0142uga cateringu ( obiad dwudaniowy)&nbsp; dla dzieci, kt\u00f3re b\u0119d\u0105 ucz\u0119szcza\u0107 do Przedszkola w Zespole Szkolno-Przedszkolnym w Przylepie.<\/p>\n\n\n\n<p>III.&nbsp; OPIS PRZEDMIOTU ZAM\u00d3WIENIA:<\/p>\n\n\n\n<p>Przedmiotem zam\u00f3wienia jest us\u0142uga cateringu \u2013 przygotowanie i dostawa wy\u017cywienia dla 114 dzieci w wieku przedszkolnym 3-6 lat, kt\u00f3re b\u0119d\u0105 ucz\u0119szcza\u0107 do Przedszkola w Zespole Szkolno-Przedszkolnym w Przylepie okresie od 01.09.2022 r. do 31.08. 2023 r.<\/p>\n\n\n\n<p>Przedmiot zam\u00f3wienia obejmuje przygotowanie dwudaniowego obiadu z sur\u00f3wk\u0105 dla grupy maksymalnie 114 dzieci w okresie&nbsp; od 01.09.2022 r. do 31.08. 2023 r.<\/p>\n\n\n\n<p>Warto\u015b\u0107 kaloryczna posi\u0142k\u00f3w: 490 kcal.<\/p>\n\n\n\n<p>Posi\u0142ki b\u0119d\u0105 dostarczane od poniedzia\u0142ku do pi\u0105tku w godzinach do 11:00.<\/p>\n\n\n\n<p>Produkty w dziennym jad\u0142ospisie musi by\u0107 zgodny z Rozporz\u0105dzeniem Ministra Zdrowia<br>z dnia 26 lipca 2016 roku w sprawie grup \u015brodk\u00f3w spo\u017cywczych przeznaczonych do sprzeda\u017cy dzieciom w jednostkach systemu o\u015bwiaty oraz wymaga\u0144, jakie musz\u0105 spe\u0142ni\u0107 \u015brodki spo\u017cywcze stosowane w ramach \u017cywienia zbiorowego dzieci i m\u0142odzie\u017cy w&nbsp; tych jednostkach (Dz.U. z 2016 r. poz. 1154). oraz musi obejmowa\u0107: obiad &#8211; zupa, drugie danie: ziemniaki (lub zamiennie ry\u017c, kasza, kopytka, makaron itp.) &#8211; dania mi\u0119sne np. sztuka mi\u0119sa, udziec kurczaka, pier\u015b z indyka, kotlet schabowy, stek z piersi z kurczaka, bitki wo\u0142owe, gulasz itp. ryba, pierogi, nale\u015bniki, knedle itp. \u2013sur\u00f3wka;<\/p>\n\n\n\n<p>Wykonawca najp\u00f3\u017aniej na 7 dni roboczych przed rozpocz\u0119ciem ka\u017cdego kolejnego miesi\u0105ca \u015bwiadczenia us\u0142ug ustali i przedstawi do zatwierdzenia Zamawiaj\u0105cemu propozycje jad\u0142ospisu<br>na okres kolejnego miesi\u0105ca, zamawiaj\u0105cy ma prawo do dokonania zmian w jad\u0142ospisie.<\/p>\n\n\n\n<p>Posi\u0142ki musza by\u0107 urozmaicone, wysokiej jako\u015bci zar\u00f3wno co do warto\u015bci od\u017cywczej, gramatury jak<br>i estetyki.<\/p>\n\n\n\n<p>Wykonawca dostarcza posi\u0142ki w\u0142asnym transportem i samodzielnie je przygotowuje. Wykonawca dba o w\u0142a\u015bciwy stan dostarczania posi\u0142k\u00f3w (posi\u0142ki gor\u0105ce, \u015bwie\u017ce, smaczne i estetyczne) oraz w\u0142a\u015bciwie dobrane do wieku dzieci.<\/p>\n\n\n\n<p>Wykonawca o\u015bwiadcza, \u017ce posiada pe\u0142ne uprawnienia potrzebne do \u015bwiadczenia us\u0142ugi wydane przez Pa\u0144stwowego Powiatowego Inspektora Sanitarnego.<\/p>\n\n\n\n<p>Stan posi\u0142k\u00f3w i spos\u00f3b dowo\u017cenia musi spe\u0142nia\u0107 wymogi Pa\u0144stwowej Stacji Sanitarno-Epidemiologicznej.<\/p>\n\n\n\n<p>W przypadku awarii lub innych nie przewidzianych zdarze\u0144 Wykonawca jest zobowi\u0105zany zapewni\u0107 posi\u0142ki o nie gorszej jako\u015bci na sw\u00f3j koszt z innych \u017ar\u00f3de\u0142.<\/p>\n\n\n\n<p>W cenie oferty nale\u017cy uwzgl\u0119dni\u0107 koszt posi\u0142k\u00f3w standardowych i dietetycznych w razie konieczno\u015bci.<\/p>\n\n\n\n<p>Zamawiaj\u0105cy zastrzega sobie prawo do zmiany w ilo\u015bci przedmiotu zam\u00f3wienia w trakcie trwania umowy. Rozliczenie finansowe Wykonawcy za us\u0142ugi z Zamawiaj\u0105cym odbywa\u0107 si\u0119 b\u0119dzie<br>na podstawie faktycznie dostarczonych posi\u0142k\u00f3w i ich ceny jednostkowej.<\/p>\n\n\n\n<p>Cena jednostkowa posi\u0142ku winna zawiera\u0107 koszt przygotowania. Wykonawca jest zobowi\u0105zany do przygotowania posi\u0142k\u00f3w o najwy\u017cszym standardzie, na bazie produkt\u00f3w najwy\u017cszej jako\u015bci<br>&nbsp;i bezpiecze\u0144stwem zgodnie z normami HACCP.<\/p>\n\n\n\n<p>Posi\u0142ki musz\u0105 spe\u0142nia\u0107 wymogi \u017cywienia zalecane przez Instytut Matki i Dziecka dla dzieci przedszkolnych w wieku od 3 do 6 lat oraz Instytutu \u017bywno\u015bci i \u017bywienia. Posi\u0142ki nie mog\u0105<br>by\u0107 przygotowywane z p\u00f3\u0142produkt\u00f3w.<\/p>\n\n\n\n<p>W przypadku wzmo\u017conej zachorowalno\u015bci lub nieobecno\u015bci dzieci, Zamawiaj\u0105cemu przys\u0142uguje prawo do ograniczenia ilo\u015bci posi\u0142k\u00f3w.<\/p>\n\n\n\n<p>Termin realizacji zam\u00f3wienia: od 1 wrze\u015bnia 2022&nbsp; do 31 sierpnia 2023 r.<\/p>\n\n\n\n<p>Termin sk\u0142adania ofert: 22 sierpnia 2022 r.<\/p>\n\n\n\n<p>Adres: sekretariat@przylep.edu.pl<\/p>\n","protected":false},"excerpt":{"rendered":"<p>ZAPYTANIE OFERTOWE dla kt\u00f3rego nie stosuje si\u0119 procedur zawartych w ustawie Prawo zam\u00f3wie\u0144 publicznych na us\u0142ug\u0119 cateringu obiadu dla dzieci z Przedszkola w Zespole Szkolno-Przedszkolnym w Przylepie. I.&nbsp; ZAMAWIAJ\u0104CY: Zesp\u00f3\u0142 Szkolno-Przedszkolny w Przylepie Przylep, ul. Rodzinna 1 72-004 Przec\u0142aw II. PRZEDMIOT ZAM\u00d3WIENIA: Us\u0142uga cateringu ( obiad dwudaniowy)&nbsp; dla dzieci, kt\u00f3re b\u0119d\u0105 ucz\u0119szcza\u0107 do Przedszkola w [&hellip;]<\/p>\n","protected":false},"author":2,"featured_media":7649,"comment_status":"closed","ping_status":"open","sticky":false,"template":"","format":"standard","meta":{"footnotes":""},"categories":[45,40],"tags":[],"class_list":["post-7648","post","type-post","status-publish","format-standard","has-post-thumbnail","hentry","category-aktualnosci","category-strona-glowna"],"_links":{"self":[{"href":"https:\/\/przylep.edu.pl\/przedszkole\/wp-json\/wp\/v2\/posts\/7648","targetHints":{"allow":["GET"]}}],"collection":[{"href":"https:\/\/przylep.edu.pl\/przedszkole\/wp-json\/wp\/v2\/posts"}],"about":[{"href":"https:\/\/przylep.edu.pl\/przedszkole\/wp-json\/wp\/v2\/types\/post"}],"author":[{"embeddable":true,"href":"https:\/\/przylep.edu.pl\/przedszkole\/wp-json\/wp\/v2\/users\/2"}],"replies":[{"embeddable":true,"href":"https:\/\/przylep.edu.pl\/przedszkole\/wp-json\/wp\/v2\/comments?post=7648"}],"version-history":[{"count":1,"href":"https:\/\/przylep.edu.pl\/przedszkole\/wp-json\/wp\/v2\/posts\/7648\/revisions"}],"predecessor-version":[{"id":7650,"href":"https:\/\/przylep.edu.pl\/przedszkole\/wp-json\/wp\/v2\/posts\/7648\/revisions\/7650"}],"wp:featuredmedia":[{"embeddable":true,"href":"https:\/\/przylep.edu.pl\/przedszkole\/wp-json\/wp\/v2\/media\/7649"}],"wp:attachment":[{"href":"https:\/\/przylep.edu.pl\/przedszkole\/wp-json\/wp\/v2\/media?parent=7648"}],"wp:term":[{"taxonomy":"category","embeddable":true,"href":"https:\/\/przylep.edu.pl\/przedszkole\/wp-json\/wp\/v2\/categories?post=7648"},{"taxonomy":"post_tag","embeddable":true,"href":"https:\/\/przylep.edu.pl\/przedszkole\/wp-json\/wp\/v2\/tags?post=7648"}],"curies":[{"name":"wp","href":"https:\/\/api.w.org\/{rel}","templated":true}]}}