{"id":7638,"date":"2022-07-09T07:34:00","date_gmt":"2022-07-09T05:34:00","guid":{"rendered":"https:\/\/przylep.edu.pl\/przedszkole\/?p=7638"},"modified":"2022-07-13T08:03:52","modified_gmt":"2022-07-13T06:03:52","slug":"wakacyjny-joga-challenge-dla-malych-i-duzych","status":"publish","type":"post","link":"https:\/\/przylep.edu.pl\/przedszkole\/2022\/07\/09\/wakacyjny-joga-challenge-dla-malych-i-duzych\/","title":{"rendered":"Wakacyjny Joga Challenge dla ma\u0142ych i du\u017cych"},"content":{"rendered":"\n<p>W ramach zaj\u0119\u0107 wakacyjnych, w s\u0142oneczne dni ca\u0142e przedszkole spotyka si\u0119 na wsp\u00f3lnych zaj\u0119ciach tanecznych na boisku szkolnym. Poprzez zaj\u0119cia taneczne dzieci poprawiaj\u0105 swoje samopoczucie, kszta\u0142tuj\u0105 poprawn\u0105 postaw\u0119 cia\u0142a i wspaniale si\u0119 bawi\u0105 ze swoimi r\u00f3wie\u015bnikami. <\/p>\n\n\n\n<figure class=\"wp-block-gallery has-nested-images columns-default is-cropped wp-block-gallery-1 is-layout-flex wp-block-gallery-is-layout-flex\">\n<figure class=\"wp-block-image size-large\"><img loading=\"lazy\" decoding=\"async\" width=\"686\" height=\"914\" data-id=\"7639\" src=\"https:\/\/przylep.edu.pl\/przedszkole\/wp-content\/uploads\/2022\/07\/20220705_095147.jpg\" alt=\"\" class=\"wp-image-7639\" srcset=\"https:\/\/przylep.edu.pl\/przedszkole\/wp-content\/uploads\/2022\/07\/20220705_095147.jpg 686w, https:\/\/przylep.edu.pl\/przedszkole\/wp-content\/uploads\/2022\/07\/20220705_095147-225x300.jpg 225w\" sizes=\"auto, (max-width: 686px) 100vw, 686px\" \/><\/figure>\n\n\n\n<figure class=\"wp-block-image size-large\"><img loading=\"lazy\" decoding=\"async\" width=\"686\" height=\"914\" data-id=\"7643\" src=\"https:\/\/przylep.edu.pl\/przedszkole\/wp-content\/uploads\/2022\/07\/20220705_095519.jpg\" alt=\"\" class=\"wp-image-7643\" srcset=\"https:\/\/przylep.edu.pl\/przedszkole\/wp-content\/uploads\/2022\/07\/20220705_095519.jpg 686w, https:\/\/przylep.edu.pl\/przedszkole\/wp-content\/uploads\/2022\/07\/20220705_095519-225x300.jpg 225w\" sizes=\"auto, (max-width: 686px) 100vw, 686px\" \/><\/figure>\n\n\n\n<figure class=\"wp-block-image size-large\"><img loading=\"lazy\" decoding=\"async\" width=\"686\" height=\"914\" data-id=\"7640\" src=\"https:\/\/przylep.edu.pl\/przedszkole\/wp-content\/uploads\/2022\/07\/20220705_095929.jpg\" alt=\"\" class=\"wp-image-7640\" srcset=\"https:\/\/przylep.edu.pl\/przedszkole\/wp-content\/uploads\/2022\/07\/20220705_095929.jpg 686w, https:\/\/przylep.edu.pl\/przedszkole\/wp-content\/uploads\/2022\/07\/20220705_095929-225x300.jpg 225w\" sizes=\"auto, (max-width: 686px) 100vw, 686px\" \/><\/figure>\n\n\n\n<figure class=\"wp-block-image size-large\"><img loading=\"lazy\" decoding=\"async\" width=\"686\" height=\"914\" data-id=\"7641\" src=\"https:\/\/przylep.edu.pl\/przedszkole\/wp-content\/uploads\/2022\/07\/20220705_100333.jpg\" alt=\"\" class=\"wp-image-7641\" srcset=\"https:\/\/przylep.edu.pl\/przedszkole\/wp-content\/uploads\/2022\/07\/20220705_100333.jpg 686w, https:\/\/przylep.edu.pl\/przedszkole\/wp-content\/uploads\/2022\/07\/20220705_100333-225x300.jpg 225w\" sizes=\"auto, (max-width: 686px) 100vw, 686px\" \/><\/figure>\n\n\n\n<figure class=\"wp-block-image size-large\"><img loading=\"lazy\" decoding=\"async\" width=\"686\" height=\"914\" data-id=\"7642\" src=\"https:\/\/przylep.edu.pl\/przedszkole\/wp-content\/uploads\/2022\/07\/20220705_100417.jpg\" alt=\"\" class=\"wp-image-7642\" srcset=\"https:\/\/przylep.edu.pl\/przedszkole\/wp-content\/uploads\/2022\/07\/20220705_100417.jpg 686w, https:\/\/przylep.edu.pl\/przedszkole\/wp-content\/uploads\/2022\/07\/20220705_100417-225x300.jpg 225w\" sizes=\"auto, (max-width: 686px) 100vw, 686px\" \/><\/figure>\n\n\n\n<figure class=\"wp-block-image size-large\"><img loading=\"lazy\" decoding=\"async\" width=\"686\" height=\"914\" data-id=\"7644\" src=\"https:\/\/przylep.edu.pl\/przedszkole\/wp-content\/uploads\/2022\/07\/20220705_100430.jpg\" alt=\"\" class=\"wp-image-7644\" srcset=\"https:\/\/przylep.edu.pl\/przedszkole\/wp-content\/uploads\/2022\/07\/20220705_100430.jpg 686w, https:\/\/przylep.edu.pl\/przedszkole\/wp-content\/uploads\/2022\/07\/20220705_100430-225x300.jpg 225w\" sizes=\"auto, (max-width: 686px) 100vw, 686px\" \/><\/figure>\n<\/figure>\n","protected":false},"excerpt":{"rendered":"<p>W ramach zaj\u0119\u0107 wakacyjnych, w s\u0142oneczne dni ca\u0142e przedszkole spotyka si\u0119 na wsp\u00f3lnych zaj\u0119ciach tanecznych na boisku szkolnym. Poprzez zaj\u0119cia taneczne dzieci poprawiaj\u0105 swoje samopoczucie, kszta\u0142tuj\u0105 poprawn\u0105 postaw\u0119 cia\u0142a i wspaniale si\u0119 bawi\u0105 ze swoimi r\u00f3wie\u015bnikami.<\/p>\n","protected":false},"author":2,"featured_media":7645,"comment_status":"closed","ping_status":"open","sticky":false,"template":"","format":"standard","meta":{"footnotes":""},"categories":[45,41,40],"tags":[],"class_list":["post-7638","post","type-post","status-publish","format-standard","has-post-thumbnail","hentry","category-aktualnosci","category-galerie","category-strona-glowna"],"_links":{"self":[{"href":"https:\/\/przylep.edu.pl\/przedszkole\/wp-json\/wp\/v2\/posts\/7638","targetHints":{"allow":["GET"]}}],"collection":[{"href":"https:\/\/przylep.edu.pl\/przedszkole\/wp-json\/wp\/v2\/posts"}],"about":[{"href":"https:\/\/przylep.edu.pl\/przedszkole\/wp-json\/wp\/v2\/types\/post"}],"author":[{"embeddable":true,"href":"https:\/\/przylep.edu.pl\/przedszkole\/wp-json\/wp\/v2\/users\/2"}],"replies":[{"embeddable":true,"href":"https:\/\/przylep.edu.pl\/przedszkole\/wp-json\/wp\/v2\/comments?post=7638"}],"version-history":[{"count":1,"href":"https:\/\/przylep.edu.pl\/przedszkole\/wp-json\/wp\/v2\/posts\/7638\/revisions"}],"predecessor-version":[{"id":7646,"href":"https:\/\/przylep.edu.pl\/przedszkole\/wp-json\/wp\/v2\/posts\/7638\/revisions\/7646"}],"wp:featuredmedia":[{"embeddable":true,"href":"https:\/\/przylep.edu.pl\/przedszkole\/wp-json\/wp\/v2\/media\/7645"}],"wp:attachment":[{"href":"https:\/\/przylep.edu.pl\/przedszkole\/wp-json\/wp\/v2\/media?parent=7638"}],"wp:term":[{"taxonomy":"category","embeddable":true,"href":"https:\/\/przylep.edu.pl\/przedszkole\/wp-json\/wp\/v2\/categories?post=7638"},{"taxonomy":"post_tag","embeddable":true,"href":"https:\/\/przylep.edu.pl\/przedszkole\/wp-json\/wp\/v2\/tags?post=7638"}],"curies":[{"name":"wp","href":"https:\/\/api.w.org\/{rel}","templated":true}]}}