{"id":7595,"date":"2022-06-10T21:45:00","date_gmt":"2022-06-10T19:45:00","guid":{"rendered":"https:\/\/przylep.edu.pl\/przedszkole\/?p=7595"},"modified":"2022-06-27T21:51:39","modified_gmt":"2022-06-27T19:51:39","slug":"rodzinnie-u-wrzosow","status":"publish","type":"post","link":"https:\/\/przylep.edu.pl\/przedszkole\/2022\/06\/10\/rodzinnie-u-wrzosow\/","title":{"rendered":"Rodzinnie u Wrzos\u00f3w"},"content":{"rendered":"\n<p>6 czerwca pi\u0119ciolatki z grupy Wrzosowej go\u015bci\u0142y w przedszkolnych progach swoich najbli\u017cszych. By\u0142o to spotkanie pe\u0142ne wra\u017ce\u0144: tremy, rado\u015bci, wzrusze\u0144 do \u0142ez, \u015bmiechu i dumy. Po cz\u0119\u015bci artystycznej przygotowanej przez dzieci, odby\u0142 si\u0119 konkurs dla rodzic\u00f3w, w kt\u00f3rym ka\u017cdy m\u00f3g\u0142 wygra\u0107&#8230; sw\u00f3j portret! Wrzosy oczarowa\u0142y publiczno\u015b\u0107, a oklaskom nie by\u0142o ko\u0144ca &#8211; szczeg\u00f3lnie, \u017ce by\u0142o to pierwsze spotkanie w takim gronie po pandemii. Jeszcze raz wszystkim mamom i tatom \u017cyczymy wszystkiego co najlepsze!<\/p>\n\n\n\n<figure class=\"wp-block-gallery has-nested-images columns-default is-cropped wp-block-gallery-1 is-layout-flex wp-block-gallery-is-layout-flex\">\n<figure class=\"wp-block-image size-large\"><img loading=\"lazy\" decoding=\"async\" width=\"1024\" height=\"686\" data-id=\"7597\" src=\"https:\/\/przylep.edu.pl\/przedszkole\/wp-content\/uploads\/2022\/06\/285849398_1482942935469216_3752155091336545301_n-1024x686.jpg\" alt=\"\" class=\"wp-image-7597\" srcset=\"https:\/\/przylep.edu.pl\/przedszkole\/wp-content\/uploads\/2022\/06\/285849398_1482942935469216_3752155091336545301_n-1024x686.jpg 1024w, https:\/\/przylep.edu.pl\/przedszkole\/wp-content\/uploads\/2022\/06\/285849398_1482942935469216_3752155091336545301_n-300x201.jpg 300w, https:\/\/przylep.edu.pl\/przedszkole\/wp-content\/uploads\/2022\/06\/285849398_1482942935469216_3752155091336545301_n-768x514.jpg 768w, https:\/\/przylep.edu.pl\/przedszkole\/wp-content\/uploads\/2022\/06\/285849398_1482942935469216_3752155091336545301_n-1536x1028.jpg 1536w, https:\/\/przylep.edu.pl\/przedszkole\/wp-content\/uploads\/2022\/06\/285849398_1482942935469216_3752155091336545301_n.jpg 2048w\" sizes=\"auto, (max-width: 1024px) 100vw, 1024px\" \/><\/figure>\n\n\n\n<figure class=\"wp-block-image size-large\"><img loading=\"lazy\" decoding=\"async\" width=\"1024\" height=\"686\" data-id=\"7599\" src=\"https:\/\/przylep.edu.pl\/przedszkole\/wp-content\/uploads\/2022\/06\/286854835_4979475472178083_7686001706118760979_n-1024x686.jpg\" alt=\"\" class=\"wp-image-7599\" srcset=\"https:\/\/przylep.edu.pl\/przedszkole\/wp-content\/uploads\/2022\/06\/286854835_4979475472178083_7686001706118760979_n-1024x686.jpg 1024w, https:\/\/przylep.edu.pl\/przedszkole\/wp-content\/uploads\/2022\/06\/286854835_4979475472178083_7686001706118760979_n-300x201.jpg 300w, https:\/\/przylep.edu.pl\/przedszkole\/wp-content\/uploads\/2022\/06\/286854835_4979475472178083_7686001706118760979_n-768x514.jpg 768w, https:\/\/przylep.edu.pl\/przedszkole\/wp-content\/uploads\/2022\/06\/286854835_4979475472178083_7686001706118760979_n-1536x1028.jpg 1536w, https:\/\/przylep.edu.pl\/przedszkole\/wp-content\/uploads\/2022\/06\/286854835_4979475472178083_7686001706118760979_n.jpg 2048w\" sizes=\"auto, (max-width: 1024px) 100vw, 1024px\" \/><\/figure>\n\n\n\n<figure class=\"wp-block-image size-large\"><img loading=\"lazy\" decoding=\"async\" width=\"1024\" height=\"686\" data-id=\"7598\" src=\"https:\/\/przylep.edu.pl\/przedszkole\/wp-content\/uploads\/2022\/06\/287001750_2532045106969771_3119777599265012384_n-1024x686.jpg\" alt=\"\" class=\"wp-image-7598\" srcset=\"https:\/\/przylep.edu.pl\/przedszkole\/wp-content\/uploads\/2022\/06\/287001750_2532045106969771_3119777599265012384_n-1024x686.jpg 1024w, https:\/\/przylep.edu.pl\/przedszkole\/wp-content\/uploads\/2022\/06\/287001750_2532045106969771_3119777599265012384_n-300x201.jpg 300w, https:\/\/przylep.edu.pl\/przedszkole\/wp-content\/uploads\/2022\/06\/287001750_2532045106969771_3119777599265012384_n-768x514.jpg 768w, https:\/\/przylep.edu.pl\/przedszkole\/wp-content\/uploads\/2022\/06\/287001750_2532045106969771_3119777599265012384_n-1536x1028.jpg 1536w, https:\/\/przylep.edu.pl\/przedszkole\/wp-content\/uploads\/2022\/06\/287001750_2532045106969771_3119777599265012384_n.jpg 2048w\" sizes=\"auto, (max-width: 1024px) 100vw, 1024px\" \/><\/figure>\n\n\n\n<figure class=\"wp-block-image size-large\"><img loading=\"lazy\" decoding=\"async\" width=\"686\" height=\"1024\" data-id=\"7596\" src=\"https:\/\/przylep.edu.pl\/przedszkole\/wp-content\/uploads\/2022\/06\/287555547_715235453020130_1333024565376121224_n-686x1024.jpg\" alt=\"\" class=\"wp-image-7596\" srcset=\"https:\/\/przylep.edu.pl\/przedszkole\/wp-content\/uploads\/2022\/06\/287555547_715235453020130_1333024565376121224_n-686x1024.jpg 686w, https:\/\/przylep.edu.pl\/przedszkole\/wp-content\/uploads\/2022\/06\/287555547_715235453020130_1333024565376121224_n-201x300.jpg 201w, https:\/\/przylep.edu.pl\/przedszkole\/wp-content\/uploads\/2022\/06\/287555547_715235453020130_1333024565376121224_n-768x1147.jpg 768w, https:\/\/przylep.edu.pl\/przedszkole\/wp-content\/uploads\/2022\/06\/287555547_715235453020130_1333024565376121224_n-1028x1536.jpg 1028w, https:\/\/przylep.edu.pl\/przedszkole\/wp-content\/uploads\/2022\/06\/287555547_715235453020130_1333024565376121224_n.jpg 1371w\" sizes=\"auto, (max-width: 686px) 100vw, 686px\" \/><\/figure>\n<\/figure>\n","protected":false},"excerpt":{"rendered":"<p>6 czerwca pi\u0119ciolatki z grupy Wrzosowej go\u015bci\u0142y w przedszkolnych progach swoich najbli\u017cszych. By\u0142o to spotkanie pe\u0142ne wra\u017ce\u0144: tremy, rado\u015bci, wzrusze\u0144 do \u0142ez, \u015bmiechu i dumy. Po cz\u0119\u015bci artystycznej przygotowanej przez dzieci, odby\u0142 si\u0119 konkurs dla rodzic\u00f3w, w kt\u00f3rym ka\u017cdy m\u00f3g\u0142 wygra\u0107&#8230; sw\u00f3j portret! Wrzosy oczarowa\u0142y publiczno\u015b\u0107, a oklaskom nie by\u0142o ko\u0144ca &#8211; szczeg\u00f3lnie, \u017ce by\u0142o [&hellip;]<\/p>\n","protected":false},"author":2,"featured_media":7600,"comment_status":"closed","ping_status":"open","sticky":false,"template":"","format":"standard","meta":{"footnotes":""},"categories":[45,41,40],"tags":[],"class_list":["post-7595","post","type-post","status-publish","format-standard","has-post-thumbnail","hentry","category-aktualnosci","category-galerie","category-strona-glowna"],"_links":{"self":[{"href":"https:\/\/przylep.edu.pl\/przedszkole\/wp-json\/wp\/v2\/posts\/7595","targetHints":{"allow":["GET"]}}],"collection":[{"href":"https:\/\/przylep.edu.pl\/przedszkole\/wp-json\/wp\/v2\/posts"}],"about":[{"href":"https:\/\/przylep.edu.pl\/przedszkole\/wp-json\/wp\/v2\/types\/post"}],"author":[{"embeddable":true,"href":"https:\/\/przylep.edu.pl\/przedszkole\/wp-json\/wp\/v2\/users\/2"}],"replies":[{"embeddable":true,"href":"https:\/\/przylep.edu.pl\/przedszkole\/wp-json\/wp\/v2\/comments?post=7595"}],"version-history":[{"count":1,"href":"https:\/\/przylep.edu.pl\/przedszkole\/wp-json\/wp\/v2\/posts\/7595\/revisions"}],"predecessor-version":[{"id":7601,"href":"https:\/\/przylep.edu.pl\/przedszkole\/wp-json\/wp\/v2\/posts\/7595\/revisions\/7601"}],"wp:featuredmedia":[{"embeddable":true,"href":"https:\/\/przylep.edu.pl\/przedszkole\/wp-json\/wp\/v2\/media\/7600"}],"wp:attachment":[{"href":"https:\/\/przylep.edu.pl\/przedszkole\/wp-json\/wp\/v2\/media?parent=7595"}],"wp:term":[{"taxonomy":"category","embeddable":true,"href":"https:\/\/przylep.edu.pl\/przedszkole\/wp-json\/wp\/v2\/categories?post=7595"},{"taxonomy":"post_tag","embeddable":true,"href":"https:\/\/przylep.edu.pl\/przedszkole\/wp-json\/wp\/v2\/tags?post=7595"}],"curies":[{"name":"wp","href":"https:\/\/api.w.org\/{rel}","templated":true}]}}