{"id":7586,"date":"2022-06-24T14:51:30","date_gmt":"2022-06-24T12:51:30","guid":{"rendered":"https:\/\/przylep.edu.pl\/przedszkole\/?p=7586"},"modified":"2022-06-24T14:51:31","modified_gmt":"2022-06-24T12:51:31","slug":"piknik-w-grupie-zoltej","status":"publish","type":"post","link":"https:\/\/przylep.edu.pl\/przedszkole\/2022\/06\/24\/piknik-w-grupie-zoltej\/","title":{"rendered":"Piknik w grupie \u017c\u00f3\u0142tej"},"content":{"rendered":"\n<p>&#8222;Co na dworze mo\u017cna robi\u0107? W pi\u0142k\u0119 gra\u0107 i skaka\u0107 Albo goni\u0107 za motylem I &#8222;s\u0142oneczko&#8221; \u0142apa\u0107&#8230;. Mo\u017cna te\u017c malowa\u0107 ogr\u00f3d- Pi\u0119kny, bo w ogrodzie Czyli bawi\u0107 si\u0119 aktywnie We wtorek i \u015brod\u0119&#8230;&#8221;<\/p>\n\n\n\n<p> Korzystaj\u0105c ze s\u0142onecznej aury, dzieci z grupy \u017c\u00f3\u0142tej wyruszy\u0142y do naszej przedszkolnej wiaty na zaj\u0119cia. Na \u015bwie\u017cym powietrzu, przedszkolaki wykaza\u0142y si\u0119 \u015bwie\u017cym przyp\u0142ywem pomys\u0142\u00f3w i tw\u00f3rczego zapa\u0142u. Na kartkach pojawi\u0142y si\u0119 kwiaty, motylki, chmurki&#8230;.. Po tw\u00f3rczych chwilach nadszed\u0142 czas na nasz ulubiony piknik obfituj\u0105cy w pe\u0142nie witamin.<\/p>\n\n\n\n<figure class=\"wp-block-gallery has-nested-images columns-default is-cropped wp-block-gallery-1 is-layout-flex wp-block-gallery-is-layout-flex\">\n<figure class=\"wp-block-image size-large\"><img loading=\"lazy\" decoding=\"async\" width=\"768\" height=\"1024\" data-id=\"7589\" src=\"https:\/\/przylep.edu.pl\/przedszkole\/wp-content\/uploads\/2022\/06\/287306950_550394533127129_6422860966450326943_n-1-768x1024.jpg\" alt=\"\" class=\"wp-image-7589\" srcset=\"https:\/\/przylep.edu.pl\/przedszkole\/wp-content\/uploads\/2022\/06\/287306950_550394533127129_6422860966450326943_n-1-768x1024.jpg 768w, https:\/\/przylep.edu.pl\/przedszkole\/wp-content\/uploads\/2022\/06\/287306950_550394533127129_6422860966450326943_n-1-225x300.jpg 225w, https:\/\/przylep.edu.pl\/przedszkole\/wp-content\/uploads\/2022\/06\/287306950_550394533127129_6422860966450326943_n-1-1152x1536.jpg 1152w, https:\/\/przylep.edu.pl\/przedszkole\/wp-content\/uploads\/2022\/06\/287306950_550394533127129_6422860966450326943_n-1.jpg 1536w\" sizes=\"auto, (max-width: 768px) 100vw, 768px\" \/><\/figure>\n\n\n\n<figure class=\"wp-block-image size-large\"><img loading=\"lazy\" decoding=\"async\" width=\"1024\" height=\"768\" data-id=\"7587\" src=\"https:\/\/przylep.edu.pl\/przedszkole\/wp-content\/uploads\/2022\/06\/288834757_581917073456314_5780958805253800865_n-1024x768.jpg\" alt=\"\" class=\"wp-image-7587\" srcset=\"https:\/\/przylep.edu.pl\/przedszkole\/wp-content\/uploads\/2022\/06\/288834757_581917073456314_5780958805253800865_n-1024x768.jpg 1024w, https:\/\/przylep.edu.pl\/przedszkole\/wp-content\/uploads\/2022\/06\/288834757_581917073456314_5780958805253800865_n-300x225.jpg 300w, https:\/\/przylep.edu.pl\/przedszkole\/wp-content\/uploads\/2022\/06\/288834757_581917073456314_5780958805253800865_n-768x576.jpg 768w, https:\/\/przylep.edu.pl\/przedszkole\/wp-content\/uploads\/2022\/06\/288834757_581917073456314_5780958805253800865_n-1536x1152.jpg 1536w, https:\/\/przylep.edu.pl\/przedszkole\/wp-content\/uploads\/2022\/06\/288834757_581917073456314_5780958805253800865_n-600x450.jpg 600w, https:\/\/przylep.edu.pl\/przedszkole\/wp-content\/uploads\/2022\/06\/288834757_581917073456314_5780958805253800865_n.jpg 2048w\" sizes=\"auto, (max-width: 1024px) 100vw, 1024px\" \/><\/figure>\n\n\n\n<figure class=\"wp-block-image size-large\"><img loading=\"lazy\" decoding=\"async\" width=\"768\" height=\"1024\" data-id=\"7590\" src=\"https:\/\/przylep.edu.pl\/przedszkole\/wp-content\/uploads\/2022\/06\/288897994_724010985539186_6516203572085895191_n-768x1024.jpg\" alt=\"\" class=\"wp-image-7590\" srcset=\"https:\/\/przylep.edu.pl\/przedszkole\/wp-content\/uploads\/2022\/06\/288897994_724010985539186_6516203572085895191_n-768x1024.jpg 768w, https:\/\/przylep.edu.pl\/przedszkole\/wp-content\/uploads\/2022\/06\/288897994_724010985539186_6516203572085895191_n-225x300.jpg 225w, https:\/\/przylep.edu.pl\/przedszkole\/wp-content\/uploads\/2022\/06\/288897994_724010985539186_6516203572085895191_n-1152x1536.jpg 1152w, https:\/\/przylep.edu.pl\/przedszkole\/wp-content\/uploads\/2022\/06\/288897994_724010985539186_6516203572085895191_n.jpg 1536w\" sizes=\"auto, (max-width: 768px) 100vw, 768px\" \/><\/figure>\n\n\n\n<figure class=\"wp-block-image size-large\"><img loading=\"lazy\" decoding=\"async\" width=\"1024\" height=\"768\" data-id=\"7588\" src=\"https:\/\/przylep.edu.pl\/przedszkole\/wp-content\/uploads\/2022\/06\/289026776_2117425035103397_7745965906380554313_n-1024x768.jpg\" alt=\"\" class=\"wp-image-7588\" srcset=\"https:\/\/przylep.edu.pl\/przedszkole\/wp-content\/uploads\/2022\/06\/289026776_2117425035103397_7745965906380554313_n-1024x768.jpg 1024w, https:\/\/przylep.edu.pl\/przedszkole\/wp-content\/uploads\/2022\/06\/289026776_2117425035103397_7745965906380554313_n-300x225.jpg 300w, https:\/\/przylep.edu.pl\/przedszkole\/wp-content\/uploads\/2022\/06\/289026776_2117425035103397_7745965906380554313_n-768x576.jpg 768w, https:\/\/przylep.edu.pl\/przedszkole\/wp-content\/uploads\/2022\/06\/289026776_2117425035103397_7745965906380554313_n-1536x1152.jpg 1536w, https:\/\/przylep.edu.pl\/przedszkole\/wp-content\/uploads\/2022\/06\/289026776_2117425035103397_7745965906380554313_n-600x450.jpg 600w, https:\/\/przylep.edu.pl\/przedszkole\/wp-content\/uploads\/2022\/06\/289026776_2117425035103397_7745965906380554313_n.jpg 2048w\" sizes=\"auto, (max-width: 1024px) 100vw, 1024px\" \/><\/figure>\n\n\n\n<figure class=\"wp-block-image size-large\"><img loading=\"lazy\" decoding=\"async\" width=\"768\" height=\"1024\" data-id=\"7591\" src=\"https:\/\/przylep.edu.pl\/przedszkole\/wp-content\/uploads\/2022\/06\/289409531_721442922245602_4297334992263731859_n-768x1024.jpg\" alt=\"\" class=\"wp-image-7591\" srcset=\"https:\/\/przylep.edu.pl\/przedszkole\/wp-content\/uploads\/2022\/06\/289409531_721442922245602_4297334992263731859_n-768x1024.jpg 768w, https:\/\/przylep.edu.pl\/przedszkole\/wp-content\/uploads\/2022\/06\/289409531_721442922245602_4297334992263731859_n-225x300.jpg 225w, https:\/\/przylep.edu.pl\/przedszkole\/wp-content\/uploads\/2022\/06\/289409531_721442922245602_4297334992263731859_n-1152x1536.jpg 1152w, https:\/\/przylep.edu.pl\/przedszkole\/wp-content\/uploads\/2022\/06\/289409531_721442922245602_4297334992263731859_n.jpg 1536w\" sizes=\"auto, (max-width: 768px) 100vw, 768px\" \/><\/figure>\n<\/figure>\n","protected":false},"excerpt":{"rendered":"<p>&#8222;Co na dworze mo\u017cna robi\u0107? W pi\u0142k\u0119 gra\u0107 i skaka\u0107 Albo goni\u0107 za motylem I &#8222;s\u0142oneczko&#8221; \u0142apa\u0107&#8230;. Mo\u017cna te\u017c malowa\u0107 ogr\u00f3d- Pi\u0119kny, bo w ogrodzie Czyli bawi\u0107 si\u0119 aktywnie We wtorek i \u015brod\u0119&#8230;&#8221; Korzystaj\u0105c ze s\u0142onecznej aury, dzieci z grupy \u017c\u00f3\u0142tej wyruszy\u0142y do naszej przedszkolnej wiaty na zaj\u0119cia. Na \u015bwie\u017cym powietrzu, przedszkolaki wykaza\u0142y si\u0119 \u015bwie\u017cym [&hellip;]<\/p>\n","protected":false},"author":2,"featured_media":7592,"comment_status":"closed","ping_status":"open","sticky":false,"template":"","format":"standard","meta":{"footnotes":""},"categories":[45,41,40],"tags":[],"class_list":["post-7586","post","type-post","status-publish","format-standard","has-post-thumbnail","hentry","category-aktualnosci","category-galerie","category-strona-glowna"],"_links":{"self":[{"href":"https:\/\/przylep.edu.pl\/przedszkole\/wp-json\/wp\/v2\/posts\/7586","targetHints":{"allow":["GET"]}}],"collection":[{"href":"https:\/\/przylep.edu.pl\/przedszkole\/wp-json\/wp\/v2\/posts"}],"about":[{"href":"https:\/\/przylep.edu.pl\/przedszkole\/wp-json\/wp\/v2\/types\/post"}],"author":[{"embeddable":true,"href":"https:\/\/przylep.edu.pl\/przedszkole\/wp-json\/wp\/v2\/users\/2"}],"replies":[{"embeddable":true,"href":"https:\/\/przylep.edu.pl\/przedszkole\/wp-json\/wp\/v2\/comments?post=7586"}],"version-history":[{"count":1,"href":"https:\/\/przylep.edu.pl\/przedszkole\/wp-json\/wp\/v2\/posts\/7586\/revisions"}],"predecessor-version":[{"id":7593,"href":"https:\/\/przylep.edu.pl\/przedszkole\/wp-json\/wp\/v2\/posts\/7586\/revisions\/7593"}],"wp:featuredmedia":[{"embeddable":true,"href":"https:\/\/przylep.edu.pl\/przedszkole\/wp-json\/wp\/v2\/media\/7592"}],"wp:attachment":[{"href":"https:\/\/przylep.edu.pl\/przedszkole\/wp-json\/wp\/v2\/media?parent=7586"}],"wp:term":[{"taxonomy":"category","embeddable":true,"href":"https:\/\/przylep.edu.pl\/przedszkole\/wp-json\/wp\/v2\/categories?post=7586"},{"taxonomy":"post_tag","embeddable":true,"href":"https:\/\/przylep.edu.pl\/przedszkole\/wp-json\/wp\/v2\/tags?post=7586"}],"curies":[{"name":"wp","href":"https:\/\/api.w.org\/{rel}","templated":true}]}}