{"id":7574,"date":"2022-06-09T12:52:00","date_gmt":"2022-06-09T10:52:00","guid":{"rendered":"https:\/\/przylep.edu.pl\/przedszkole\/?p=7574"},"modified":"2022-06-14T12:56:34","modified_gmt":"2022-06-14T10:56:34","slug":"dzien-mamy-i-taty-w-grupie-niebieskiej","status":"publish","type":"post","link":"https:\/\/przylep.edu.pl\/przedszkole\/2022\/06\/09\/dzien-mamy-i-taty-w-grupie-niebieskiej\/","title":{"rendered":"Dzie\u0144 mamy i taty  w grupie niebieskiej"},"content":{"rendered":"\n<p>Dla ka\u017cdego dziecka \u2013 mama i tata s\u0105 najwa\u017cniejszymi osobami na \u015bwiecie. Dlatego te\u017c 9 czerwca, dziewczynki oraz ch\u0142opcy z grupy niebieskiej podzi\u0119kowali rodzicom za okazywan\u0105 im mi\u0142o\u015b\u0107 i trud wychowania. W\u0142a\u015bnie tego dnia, w naszej grupie obchodzili\u015bmy Dzie\u0144 Mamy i Taty. \u00a0Dzieci z du\u017cym zaanga\u017cowaniem przyst\u0105pi\u0142y do prezentowania swoich umiej\u0119tno\u015bci wokalnych, recytatorskich, ruchowych, tanecznych oraz muzyczno-rytmicznych. W pi\u0119knych strojach zaprezentowa\u0142y bogaty program artystyczny &#8211; \u00a0wiersze, piosenki, ta\u0144ce i \u00a0\u017cyczenia dla kochanych rodzic\u00f3w. Po cz\u0119\u015bci artystycznej &#8211; zako\u0144czonej gromkimi brawami, przedszkolaki obdarowa\u0142y Rodzic\u00f3w w\u0142asnor\u0119cznie wymalowanymi kubkami. Podczas wr\u0119czania upomink\u00f3w ca\u0142usom i u\u015bciskom nie by\u0142o ko\u0144ca. Na fina\u0142, wszyscy razem zata\u0144czyli dwa ta\u0144ce integracyjne. Mo\u017cna \u015bmia\u0142o powiedzie\u0107, \u017ce by\u0142 to dzie\u0144 pe\u0142en wra\u017ce\u0144, rado\u015bci, ale tak\u017ce i wzrusze\u0144. Na pewno na d\u0142ugo pozostanie on w pami\u0119ci dzieci oraz ich Rodzic\u00f3w.<\/p>\n\n\n\n<figure class=\"wp-block-gallery has-nested-images columns-default is-cropped wp-block-gallery-1 is-layout-flex wp-block-gallery-is-layout-flex\">\n<figure class=\"wp-block-image size-large\"><img loading=\"lazy\" decoding=\"async\" width=\"1024\" height=\"575\" data-id=\"7580\" src=\"https:\/\/przylep.edu.pl\/przedszkole\/wp-content\/uploads\/2022\/06\/286350184_740182167000697_1428615554946816868_n-1024x575.jpg\" alt=\"\" class=\"wp-image-7580\" srcset=\"https:\/\/przylep.edu.pl\/przedszkole\/wp-content\/uploads\/2022\/06\/286350184_740182167000697_1428615554946816868_n-1024x575.jpg 1024w, https:\/\/przylep.edu.pl\/przedszkole\/wp-content\/uploads\/2022\/06\/286350184_740182167000697_1428615554946816868_n-300x168.jpg 300w, https:\/\/przylep.edu.pl\/przedszkole\/wp-content\/uploads\/2022\/06\/286350184_740182167000697_1428615554946816868_n-768x431.jpg 768w, https:\/\/przylep.edu.pl\/przedszkole\/wp-content\/uploads\/2022\/06\/286350184_740182167000697_1428615554946816868_n-1536x862.jpg 1536w, https:\/\/przylep.edu.pl\/przedszkole\/wp-content\/uploads\/2022\/06\/286350184_740182167000697_1428615554946816868_n.jpg 2048w\" sizes=\"auto, (max-width: 1024px) 100vw, 1024px\" \/><\/figure>\n\n\n\n<figure class=\"wp-block-image size-large\"><img loading=\"lazy\" decoding=\"async\" width=\"1024\" height=\"529\" data-id=\"7576\" src=\"https:\/\/przylep.edu.pl\/przedszkole\/wp-content\/uploads\/2022\/06\/286756255_7497465830327553_411725607086247706_n-1024x529.jpg\" alt=\"\" class=\"wp-image-7576\" srcset=\"https:\/\/przylep.edu.pl\/przedszkole\/wp-content\/uploads\/2022\/06\/286756255_7497465830327553_411725607086247706_n-1024x529.jpg 1024w, https:\/\/przylep.edu.pl\/przedszkole\/wp-content\/uploads\/2022\/06\/286756255_7497465830327553_411725607086247706_n-300x155.jpg 300w, https:\/\/przylep.edu.pl\/przedszkole\/wp-content\/uploads\/2022\/06\/286756255_7497465830327553_411725607086247706_n-768x397.jpg 768w, https:\/\/przylep.edu.pl\/przedszkole\/wp-content\/uploads\/2022\/06\/286756255_7497465830327553_411725607086247706_n.jpg 1487w\" sizes=\"auto, (max-width: 1024px) 100vw, 1024px\" \/><\/figure>\n\n\n\n<figure class=\"wp-block-image size-large\"><img loading=\"lazy\" decoding=\"async\" width=\"577\" height=\"1024\" data-id=\"7579\" src=\"https:\/\/przylep.edu.pl\/przedszkole\/wp-content\/uploads\/2022\/06\/286758402_440352034763279_837063764383238715_n-577x1024.jpg\" alt=\"\" class=\"wp-image-7579\" srcset=\"https:\/\/przylep.edu.pl\/przedszkole\/wp-content\/uploads\/2022\/06\/286758402_440352034763279_837063764383238715_n-577x1024.jpg 577w, https:\/\/przylep.edu.pl\/przedszkole\/wp-content\/uploads\/2022\/06\/286758402_440352034763279_837063764383238715_n-169x300.jpg 169w, https:\/\/przylep.edu.pl\/przedszkole\/wp-content\/uploads\/2022\/06\/286758402_440352034763279_837063764383238715_n-768x1363.jpg 768w, https:\/\/przylep.edu.pl\/przedszkole\/wp-content\/uploads\/2022\/06\/286758402_440352034763279_837063764383238715_n-865x1536.jpg 865w, https:\/\/przylep.edu.pl\/przedszkole\/wp-content\/uploads\/2022\/06\/286758402_440352034763279_837063764383238715_n.jpg 977w\" sizes=\"auto, (max-width: 577px) 100vw, 577px\" \/><\/figure>\n\n\n\n<figure class=\"wp-block-image size-large\"><img loading=\"lazy\" decoding=\"async\" width=\"576\" height=\"1024\" data-id=\"7575\" src=\"https:\/\/przylep.edu.pl\/przedszkole\/wp-content\/uploads\/2022\/06\/286852415_758746675494463_6709481543289383143_n-576x1024.jpg\" alt=\"\" class=\"wp-image-7575\" srcset=\"https:\/\/przylep.edu.pl\/przedszkole\/wp-content\/uploads\/2022\/06\/286852415_758746675494463_6709481543289383143_n-576x1024.jpg 576w, https:\/\/przylep.edu.pl\/przedszkole\/wp-content\/uploads\/2022\/06\/286852415_758746675494463_6709481543289383143_n-169x300.jpg 169w, https:\/\/przylep.edu.pl\/przedszkole\/wp-content\/uploads\/2022\/06\/286852415_758746675494463_6709481543289383143_n-768x1364.jpg 768w, https:\/\/przylep.edu.pl\/przedszkole\/wp-content\/uploads\/2022\/06\/286852415_758746675494463_6709481543289383143_n-865x1536.jpg 865w, https:\/\/przylep.edu.pl\/przedszkole\/wp-content\/uploads\/2022\/06\/286852415_758746675494463_6709481543289383143_n.jpg 976w\" sizes=\"auto, (max-width: 576px) 100vw, 576px\" \/><\/figure>\n\n\n\n<figure class=\"wp-block-image size-large\"><img loading=\"lazy\" decoding=\"async\" width=\"893\" height=\"1024\" data-id=\"7582\" src=\"https:\/\/przylep.edu.pl\/przedszkole\/wp-content\/uploads\/2022\/06\/286924835_699800267909271_3539086669689703838_n-893x1024.jpg\" alt=\"\" class=\"wp-image-7582\" srcset=\"https:\/\/przylep.edu.pl\/przedszkole\/wp-content\/uploads\/2022\/06\/286924835_699800267909271_3539086669689703838_n-893x1024.jpg 893w, https:\/\/przylep.edu.pl\/przedszkole\/wp-content\/uploads\/2022\/06\/286924835_699800267909271_3539086669689703838_n-262x300.jpg 262w, https:\/\/przylep.edu.pl\/przedszkole\/wp-content\/uploads\/2022\/06\/286924835_699800267909271_3539086669689703838_n-768x880.jpg 768w, https:\/\/przylep.edu.pl\/przedszkole\/wp-content\/uploads\/2022\/06\/286924835_699800267909271_3539086669689703838_n-1340x1536.jpg 1340w, https:\/\/przylep.edu.pl\/przedszkole\/wp-content\/uploads\/2022\/06\/286924835_699800267909271_3539086669689703838_n.jpg 1704w\" sizes=\"auto, (max-width: 893px) 100vw, 893px\" \/><\/figure>\n\n\n\n<figure class=\"wp-block-image size-large\"><img loading=\"lazy\" decoding=\"async\" width=\"576\" height=\"1024\" data-id=\"7577\" src=\"https:\/\/przylep.edu.pl\/przedszkole\/wp-content\/uploads\/2022\/06\/286984620_351604380327707_5630536958547969885_n-576x1024.jpg\" alt=\"\" class=\"wp-image-7577\" srcset=\"https:\/\/przylep.edu.pl\/przedszkole\/wp-content\/uploads\/2022\/06\/286984620_351604380327707_5630536958547969885_n-576x1024.jpg 576w, https:\/\/przylep.edu.pl\/przedszkole\/wp-content\/uploads\/2022\/06\/286984620_351604380327707_5630536958547969885_n-169x300.jpg 169w, https:\/\/przylep.edu.pl\/przedszkole\/wp-content\/uploads\/2022\/06\/286984620_351604380327707_5630536958547969885_n-768x1364.jpg 768w, https:\/\/przylep.edu.pl\/przedszkole\/wp-content\/uploads\/2022\/06\/286984620_351604380327707_5630536958547969885_n-865x1536.jpg 865w, https:\/\/przylep.edu.pl\/przedszkole\/wp-content\/uploads\/2022\/06\/286984620_351604380327707_5630536958547969885_n.jpg 976w\" sizes=\"auto, (max-width: 576px) 100vw, 576px\" \/><\/figure>\n\n\n\n<figure class=\"wp-block-image size-large\"><img loading=\"lazy\" decoding=\"async\" width=\"577\" height=\"1024\" data-id=\"7583\" src=\"https:\/\/przylep.edu.pl\/przedszkole\/wp-content\/uploads\/2022\/06\/287040102_323013820015553_3394908388206075251_n-577x1024.jpg\" alt=\"\" class=\"wp-image-7583\" srcset=\"https:\/\/przylep.edu.pl\/przedszkole\/wp-content\/uploads\/2022\/06\/287040102_323013820015553_3394908388206075251_n-577x1024.jpg 577w, https:\/\/przylep.edu.pl\/przedszkole\/wp-content\/uploads\/2022\/06\/287040102_323013820015553_3394908388206075251_n-169x300.jpg 169w, https:\/\/przylep.edu.pl\/przedszkole\/wp-content\/uploads\/2022\/06\/287040102_323013820015553_3394908388206075251_n-768x1364.jpg 768w, https:\/\/przylep.edu.pl\/przedszkole\/wp-content\/uploads\/2022\/06\/287040102_323013820015553_3394908388206075251_n-865x1536.jpg 865w, https:\/\/przylep.edu.pl\/przedszkole\/wp-content\/uploads\/2022\/06\/287040102_323013820015553_3394908388206075251_n-1154x2048.jpg 1154w, https:\/\/przylep.edu.pl\/przedszkole\/wp-content\/uploads\/2022\/06\/287040102_323013820015553_3394908388206075251_n-scaled.jpg 1442w\" sizes=\"auto, (max-width: 577px) 100vw, 577px\" \/><\/figure>\n\n\n\n<figure class=\"wp-block-image size-large\"><img loading=\"lazy\" decoding=\"async\" width=\"558\" height=\"1024\" data-id=\"7578\" src=\"https:\/\/przylep.edu.pl\/przedszkole\/wp-content\/uploads\/2022\/06\/287129956_2196062980558713_4834454161214575234_n-558x1024.jpg\" alt=\"\" class=\"wp-image-7578\" srcset=\"https:\/\/przylep.edu.pl\/przedszkole\/wp-content\/uploads\/2022\/06\/287129956_2196062980558713_4834454161214575234_n-558x1024.jpg 558w, https:\/\/przylep.edu.pl\/przedszkole\/wp-content\/uploads\/2022\/06\/287129956_2196062980558713_4834454161214575234_n-164x300.jpg 164w, https:\/\/przylep.edu.pl\/przedszkole\/wp-content\/uploads\/2022\/06\/287129956_2196062980558713_4834454161214575234_n-768x1408.jpg 768w, https:\/\/przylep.edu.pl\/przedszkole\/wp-content\/uploads\/2022\/06\/287129956_2196062980558713_4834454161214575234_n-838x1536.jpg 838w, https:\/\/przylep.edu.pl\/przedszkole\/wp-content\/uploads\/2022\/06\/287129956_2196062980558713_4834454161214575234_n.jpg 897w\" sizes=\"auto, (max-width: 558px) 100vw, 558px\" \/><\/figure>\n\n\n\n<figure class=\"wp-block-image size-large\"><img loading=\"lazy\" decoding=\"async\" width=\"1024\" height=\"662\" data-id=\"7581\" src=\"https:\/\/przylep.edu.pl\/przedszkole\/wp-content\/uploads\/2022\/06\/287306950_550394533127129_6422860966450326943_n-1024x662.jpg\" alt=\"\" class=\"wp-image-7581\" srcset=\"https:\/\/przylep.edu.pl\/przedszkole\/wp-content\/uploads\/2022\/06\/287306950_550394533127129_6422860966450326943_n-1024x662.jpg 1024w, https:\/\/przylep.edu.pl\/przedszkole\/wp-content\/uploads\/2022\/06\/287306950_550394533127129_6422860966450326943_n-300x194.jpg 300w, https:\/\/przylep.edu.pl\/przedszkole\/wp-content\/uploads\/2022\/06\/287306950_550394533127129_6422860966450326943_n-768x497.jpg 768w, https:\/\/przylep.edu.pl\/przedszkole\/wp-content\/uploads\/2022\/06\/287306950_550394533127129_6422860966450326943_n-1536x994.jpg 1536w, https:\/\/przylep.edu.pl\/przedszkole\/wp-content\/uploads\/2022\/06\/287306950_550394533127129_6422860966450326943_n.jpg 1914w\" sizes=\"auto, (max-width: 1024px) 100vw, 1024px\" \/><\/figure>\n<\/figure>\n","protected":false},"excerpt":{"rendered":"<p>Dla ka\u017cdego dziecka \u2013 mama i tata s\u0105 najwa\u017cniejszymi osobami na \u015bwiecie. Dlatego te\u017c 9 czerwca, dziewczynki oraz ch\u0142opcy z grupy niebieskiej podzi\u0119kowali rodzicom za okazywan\u0105 im mi\u0142o\u015b\u0107 i trud wychowania. W\u0142a\u015bnie tego dnia, w naszej grupie obchodzili\u015bmy Dzie\u0144 Mamy i Taty. \u00a0Dzieci z du\u017cym zaanga\u017cowaniem przyst\u0105pi\u0142y do prezentowania swoich umiej\u0119tno\u015bci wokalnych, recytatorskich, ruchowych, tanecznych [&hellip;]<\/p>\n","protected":false},"author":2,"featured_media":7581,"comment_status":"closed","ping_status":"open","sticky":false,"template":"","format":"standard","meta":{"footnotes":""},"categories":[45,41,40],"tags":[],"class_list":["post-7574","post","type-post","status-publish","format-standard","has-post-thumbnail","hentry","category-aktualnosci","category-galerie","category-strona-glowna"],"_links":{"self":[{"href":"https:\/\/przylep.edu.pl\/przedszkole\/wp-json\/wp\/v2\/posts\/7574","targetHints":{"allow":["GET"]}}],"collection":[{"href":"https:\/\/przylep.edu.pl\/przedszkole\/wp-json\/wp\/v2\/posts"}],"about":[{"href":"https:\/\/przylep.edu.pl\/przedszkole\/wp-json\/wp\/v2\/types\/post"}],"author":[{"embeddable":true,"href":"https:\/\/przylep.edu.pl\/przedszkole\/wp-json\/wp\/v2\/users\/2"}],"replies":[{"embeddable":true,"href":"https:\/\/przylep.edu.pl\/przedszkole\/wp-json\/wp\/v2\/comments?post=7574"}],"version-history":[{"count":1,"href":"https:\/\/przylep.edu.pl\/przedszkole\/wp-json\/wp\/v2\/posts\/7574\/revisions"}],"predecessor-version":[{"id":7584,"href":"https:\/\/przylep.edu.pl\/przedszkole\/wp-json\/wp\/v2\/posts\/7574\/revisions\/7584"}],"wp:featuredmedia":[{"embeddable":true,"href":"https:\/\/przylep.edu.pl\/przedszkole\/wp-json\/wp\/v2\/media\/7581"}],"wp:attachment":[{"href":"https:\/\/przylep.edu.pl\/przedszkole\/wp-json\/wp\/v2\/media?parent=7574"}],"wp:term":[{"taxonomy":"category","embeddable":true,"href":"https:\/\/przylep.edu.pl\/przedszkole\/wp-json\/wp\/v2\/categories?post=7574"},{"taxonomy":"post_tag","embeddable":true,"href":"https:\/\/przylep.edu.pl\/przedszkole\/wp-json\/wp\/v2\/tags?post=7574"}],"curies":[{"name":"wp","href":"https:\/\/api.w.org\/{rel}","templated":true}]}}