{"id":7535,"date":"2022-06-07T21:50:00","date_gmt":"2022-06-07T19:50:00","guid":{"rendered":"https:\/\/przylep.edu.pl\/przedszkole\/?p=7535"},"modified":"2022-06-12T21:53:32","modified_gmt":"2022-06-12T19:53:32","slug":"dzien-rodziny-w-zerowce","status":"publish","type":"post","link":"https:\/\/przylep.edu.pl\/przedszkole\/2022\/06\/07\/dzien-rodziny-w-zerowce\/","title":{"rendered":"Dzie\u0144 rodziny w Zer\u00f3wce"},"content":{"rendered":"\n<p>Mama \u0142ez nie wstrzymuje, potoki z twarzy jej p\u0142yn\u0105. I tata, chocia\u017c to twardziel, siedzi z niet\u0119g\u0105 min\u0105. Bo tam na scenie dzieciaki, wyst\u0119p sw\u00f3j tak pi\u0119kny daj\u0105. I to, co w \u017cyciu jest wa\u017cne, dzielnie im przedstawiaj\u0105. Dzisiaj niewa\u017cna jest trema i kto sw\u0105 kwesti\u0119 pominie. Lecz najwa\u017cniejszy jest przekaz, co prosto z serc ma\u0142ych p\u0142ynie. ZER\u00d3WKA wszak przypomina, \u017ce cho\u0107by \u015bwiat si\u0119 zawali\u0142, to po\u015br\u00f3d zgliszcz i w\u015br\u00f3d ruin, RODZINA si\u0119 zawsze ocali!<\/p>\n\n\n\n<figure class=\"wp-block-gallery has-nested-images columns-default is-cropped wp-block-gallery-1 is-layout-flex wp-block-gallery-is-layout-flex\">\n<figure class=\"wp-block-image size-large\"><img loading=\"lazy\" decoding=\"async\" width=\"1024\" height=\"683\" data-id=\"7543\" src=\"https:\/\/przylep.edu.pl\/przedszkole\/wp-content\/uploads\/2022\/06\/286549488_748054629711131_874607598776130464_n-1024x683.jpg\" alt=\"\" class=\"wp-image-7543\" srcset=\"https:\/\/przylep.edu.pl\/przedszkole\/wp-content\/uploads\/2022\/06\/286549488_748054629711131_874607598776130464_n-1024x683.jpg 1024w, https:\/\/przylep.edu.pl\/przedszkole\/wp-content\/uploads\/2022\/06\/286549488_748054629711131_874607598776130464_n-300x200.jpg 300w, https:\/\/przylep.edu.pl\/przedszkole\/wp-content\/uploads\/2022\/06\/286549488_748054629711131_874607598776130464_n-768x512.jpg 768w, https:\/\/przylep.edu.pl\/przedszkole\/wp-content\/uploads\/2022\/06\/286549488_748054629711131_874607598776130464_n-1536x1024.jpg 1536w, https:\/\/przylep.edu.pl\/przedszkole\/wp-content\/uploads\/2022\/06\/286549488_748054629711131_874607598776130464_n.jpg 2048w\" sizes=\"auto, (max-width: 1024px) 100vw, 1024px\" \/><\/figure>\n\n\n\n<figure class=\"wp-block-image size-large\"><img loading=\"lazy\" decoding=\"async\" width=\"1024\" height=\"683\" data-id=\"7538\" src=\"https:\/\/przylep.edu.pl\/przedszkole\/wp-content\/uploads\/2022\/06\/286592452_1996560547216408_1374959995813257492_n-1024x683.jpg\" alt=\"\" class=\"wp-image-7538\" srcset=\"https:\/\/przylep.edu.pl\/przedszkole\/wp-content\/uploads\/2022\/06\/286592452_1996560547216408_1374959995813257492_n-1024x683.jpg 1024w, https:\/\/przylep.edu.pl\/przedszkole\/wp-content\/uploads\/2022\/06\/286592452_1996560547216408_1374959995813257492_n-300x200.jpg 300w, https:\/\/przylep.edu.pl\/przedszkole\/wp-content\/uploads\/2022\/06\/286592452_1996560547216408_1374959995813257492_n-768x512.jpg 768w, https:\/\/przylep.edu.pl\/przedszkole\/wp-content\/uploads\/2022\/06\/286592452_1996560547216408_1374959995813257492_n-1536x1024.jpg 1536w, https:\/\/przylep.edu.pl\/przedszkole\/wp-content\/uploads\/2022\/06\/286592452_1996560547216408_1374959995813257492_n.jpg 2048w\" sizes=\"auto, (max-width: 1024px) 100vw, 1024px\" \/><\/figure>\n\n\n\n<figure class=\"wp-block-image size-large\"><img loading=\"lazy\" decoding=\"async\" width=\"1024\" height=\"683\" data-id=\"7544\" src=\"https:\/\/przylep.edu.pl\/przedszkole\/wp-content\/uploads\/2022\/06\/286665409_481852097075610_750914601643227377_n-1024x683.jpg\" alt=\"\" class=\"wp-image-7544\" srcset=\"https:\/\/przylep.edu.pl\/przedszkole\/wp-content\/uploads\/2022\/06\/286665409_481852097075610_750914601643227377_n-1024x683.jpg 1024w, https:\/\/przylep.edu.pl\/przedszkole\/wp-content\/uploads\/2022\/06\/286665409_481852097075610_750914601643227377_n-300x200.jpg 300w, https:\/\/przylep.edu.pl\/przedszkole\/wp-content\/uploads\/2022\/06\/286665409_481852097075610_750914601643227377_n-768x512.jpg 768w, https:\/\/przylep.edu.pl\/przedszkole\/wp-content\/uploads\/2022\/06\/286665409_481852097075610_750914601643227377_n-1536x1024.jpg 1536w, https:\/\/przylep.edu.pl\/przedszkole\/wp-content\/uploads\/2022\/06\/286665409_481852097075610_750914601643227377_n.jpg 2048w\" sizes=\"auto, (max-width: 1024px) 100vw, 1024px\" \/><\/figure>\n\n\n\n<figure class=\"wp-block-image size-large\"><img loading=\"lazy\" decoding=\"async\" width=\"1024\" height=\"683\" data-id=\"7537\" src=\"https:\/\/przylep.edu.pl\/przedszkole\/wp-content\/uploads\/2022\/06\/286882649_1073173699953027_3623710891649010255_n-1024x683.jpg\" alt=\"\" class=\"wp-image-7537\" srcset=\"https:\/\/przylep.edu.pl\/przedszkole\/wp-content\/uploads\/2022\/06\/286882649_1073173699953027_3623710891649010255_n-1024x683.jpg 1024w, https:\/\/przylep.edu.pl\/przedszkole\/wp-content\/uploads\/2022\/06\/286882649_1073173699953027_3623710891649010255_n-300x200.jpg 300w, https:\/\/przylep.edu.pl\/przedszkole\/wp-content\/uploads\/2022\/06\/286882649_1073173699953027_3623710891649010255_n-768x512.jpg 768w, https:\/\/przylep.edu.pl\/przedszkole\/wp-content\/uploads\/2022\/06\/286882649_1073173699953027_3623710891649010255_n-1536x1024.jpg 1536w, https:\/\/przylep.edu.pl\/przedszkole\/wp-content\/uploads\/2022\/06\/286882649_1073173699953027_3623710891649010255_n.jpg 2048w\" sizes=\"auto, (max-width: 1024px) 100vw, 1024px\" \/><\/figure>\n\n\n\n<figure class=\"wp-block-image size-large\"><img loading=\"lazy\" decoding=\"async\" width=\"1024\" height=\"683\" data-id=\"7541\" src=\"https:\/\/przylep.edu.pl\/przedszkole\/wp-content\/uploads\/2022\/06\/287049478_720093842637869_8734874484171585947_n-1024x683.jpg\" alt=\"\" class=\"wp-image-7541\" srcset=\"https:\/\/przylep.edu.pl\/przedszkole\/wp-content\/uploads\/2022\/06\/287049478_720093842637869_8734874484171585947_n-1024x683.jpg 1024w, https:\/\/przylep.edu.pl\/przedszkole\/wp-content\/uploads\/2022\/06\/287049478_720093842637869_8734874484171585947_n-300x200.jpg 300w, https:\/\/przylep.edu.pl\/przedszkole\/wp-content\/uploads\/2022\/06\/287049478_720093842637869_8734874484171585947_n-768x512.jpg 768w, https:\/\/przylep.edu.pl\/przedszkole\/wp-content\/uploads\/2022\/06\/287049478_720093842637869_8734874484171585947_n-1536x1024.jpg 1536w, https:\/\/przylep.edu.pl\/przedszkole\/wp-content\/uploads\/2022\/06\/287049478_720093842637869_8734874484171585947_n.jpg 2048w\" sizes=\"auto, (max-width: 1024px) 100vw, 1024px\" \/><\/figure>\n\n\n\n<figure class=\"wp-block-image size-large\"><img loading=\"lazy\" decoding=\"async\" width=\"1024\" height=\"683\" data-id=\"7545\" src=\"https:\/\/przylep.edu.pl\/przedszkole\/wp-content\/uploads\/2022\/06\/287127685_889832709084797_8874968862701749880_n-1024x683.jpg\" alt=\"\" class=\"wp-image-7545\" srcset=\"https:\/\/przylep.edu.pl\/przedszkole\/wp-content\/uploads\/2022\/06\/287127685_889832709084797_8874968862701749880_n-1024x683.jpg 1024w, https:\/\/przylep.edu.pl\/przedszkole\/wp-content\/uploads\/2022\/06\/287127685_889832709084797_8874968862701749880_n-300x200.jpg 300w, https:\/\/przylep.edu.pl\/przedszkole\/wp-content\/uploads\/2022\/06\/287127685_889832709084797_8874968862701749880_n-768x512.jpg 768w, https:\/\/przylep.edu.pl\/przedszkole\/wp-content\/uploads\/2022\/06\/287127685_889832709084797_8874968862701749880_n-1536x1024.jpg 1536w, https:\/\/przylep.edu.pl\/przedszkole\/wp-content\/uploads\/2022\/06\/287127685_889832709084797_8874968862701749880_n.jpg 2048w\" sizes=\"auto, (max-width: 1024px) 100vw, 1024px\" \/><\/figure>\n\n\n\n<figure class=\"wp-block-image size-large\"><img loading=\"lazy\" decoding=\"async\" width=\"1024\" height=\"683\" data-id=\"7539\" src=\"https:\/\/przylep.edu.pl\/przedszkole\/wp-content\/uploads\/2022\/06\/287127685_3269723256684493_6625969210960692671_n-1024x683.jpg\" alt=\"\" class=\"wp-image-7539\" srcset=\"https:\/\/przylep.edu.pl\/przedszkole\/wp-content\/uploads\/2022\/06\/287127685_3269723256684493_6625969210960692671_n-1024x683.jpg 1024w, https:\/\/przylep.edu.pl\/przedszkole\/wp-content\/uploads\/2022\/06\/287127685_3269723256684493_6625969210960692671_n-300x200.jpg 300w, https:\/\/przylep.edu.pl\/przedszkole\/wp-content\/uploads\/2022\/06\/287127685_3269723256684493_6625969210960692671_n-768x512.jpg 768w, https:\/\/przylep.edu.pl\/przedszkole\/wp-content\/uploads\/2022\/06\/287127685_3269723256684493_6625969210960692671_n-1536x1024.jpg 1536w, https:\/\/przylep.edu.pl\/przedszkole\/wp-content\/uploads\/2022\/06\/287127685_3269723256684493_6625969210960692671_n.jpg 2048w\" sizes=\"auto, (max-width: 1024px) 100vw, 1024px\" \/><\/figure>\n\n\n\n<figure class=\"wp-block-image size-large\"><img loading=\"lazy\" decoding=\"async\" width=\"1024\" height=\"683\" data-id=\"7542\" src=\"https:\/\/przylep.edu.pl\/przedszkole\/wp-content\/uploads\/2022\/06\/287311301_5163257197088186_8732915804299546946_n-1024x683.jpg\" alt=\"\" class=\"wp-image-7542\" srcset=\"https:\/\/przylep.edu.pl\/przedszkole\/wp-content\/uploads\/2022\/06\/287311301_5163257197088186_8732915804299546946_n-1024x683.jpg 1024w, https:\/\/przylep.edu.pl\/przedszkole\/wp-content\/uploads\/2022\/06\/287311301_5163257197088186_8732915804299546946_n-300x200.jpg 300w, https:\/\/przylep.edu.pl\/przedszkole\/wp-content\/uploads\/2022\/06\/287311301_5163257197088186_8732915804299546946_n-768x512.jpg 768w, https:\/\/przylep.edu.pl\/przedszkole\/wp-content\/uploads\/2022\/06\/287311301_5163257197088186_8732915804299546946_n-1536x1024.jpg 1536w, https:\/\/przylep.edu.pl\/przedszkole\/wp-content\/uploads\/2022\/06\/287311301_5163257197088186_8732915804299546946_n.jpg 2048w\" sizes=\"auto, (max-width: 1024px) 100vw, 1024px\" \/><\/figure>\n\n\n\n<figure class=\"wp-block-image size-large\"><img loading=\"lazy\" decoding=\"async\" width=\"1024\" height=\"683\" data-id=\"7536\" src=\"https:\/\/przylep.edu.pl\/przedszkole\/wp-content\/uploads\/2022\/06\/287311312_592233179285026_8349540824275001904_n-1024x683.jpg\" alt=\"\" class=\"wp-image-7536\" srcset=\"https:\/\/przylep.edu.pl\/przedszkole\/wp-content\/uploads\/2022\/06\/287311312_592233179285026_8349540824275001904_n-1024x683.jpg 1024w, https:\/\/przylep.edu.pl\/przedszkole\/wp-content\/uploads\/2022\/06\/287311312_592233179285026_8349540824275001904_n-300x200.jpg 300w, https:\/\/przylep.edu.pl\/przedszkole\/wp-content\/uploads\/2022\/06\/287311312_592233179285026_8349540824275001904_n-768x512.jpg 768w, https:\/\/przylep.edu.pl\/przedszkole\/wp-content\/uploads\/2022\/06\/287311312_592233179285026_8349540824275001904_n-1536x1024.jpg 1536w, https:\/\/przylep.edu.pl\/przedszkole\/wp-content\/uploads\/2022\/06\/287311312_592233179285026_8349540824275001904_n.jpg 2048w\" sizes=\"auto, (max-width: 1024px) 100vw, 1024px\" \/><\/figure>\n\n\n\n<figure class=\"wp-block-image size-large\"><img loading=\"lazy\" decoding=\"async\" width=\"1024\" height=\"683\" data-id=\"7540\" src=\"https:\/\/przylep.edu.pl\/przedszkole\/wp-content\/uploads\/2022\/06\/287534103_545886723740108_9107865458622878769_n-1024x683.jpg\" alt=\"\" class=\"wp-image-7540\" srcset=\"https:\/\/przylep.edu.pl\/przedszkole\/wp-content\/uploads\/2022\/06\/287534103_545886723740108_9107865458622878769_n-1024x683.jpg 1024w, https:\/\/przylep.edu.pl\/przedszkole\/wp-content\/uploads\/2022\/06\/287534103_545886723740108_9107865458622878769_n-300x200.jpg 300w, https:\/\/przylep.edu.pl\/przedszkole\/wp-content\/uploads\/2022\/06\/287534103_545886723740108_9107865458622878769_n-768x512.jpg 768w, https:\/\/przylep.edu.pl\/przedszkole\/wp-content\/uploads\/2022\/06\/287534103_545886723740108_9107865458622878769_n-1536x1024.jpg 1536w, https:\/\/przylep.edu.pl\/przedszkole\/wp-content\/uploads\/2022\/06\/287534103_545886723740108_9107865458622878769_n.jpg 2048w\" sizes=\"auto, (max-width: 1024px) 100vw, 1024px\" \/><\/figure>\n<\/figure>\n","protected":false},"excerpt":{"rendered":"<p>Mama \u0142ez nie wstrzymuje, potoki z twarzy jej p\u0142yn\u0105. I tata, chocia\u017c to twardziel, siedzi z niet\u0119g\u0105 min\u0105. Bo tam na scenie dzieciaki, wyst\u0119p sw\u00f3j tak pi\u0119kny daj\u0105. I to, co w \u017cyciu jest wa\u017cne, dzielnie im przedstawiaj\u0105. Dzisiaj niewa\u017cna jest trema i kto sw\u0105 kwesti\u0119 pominie. Lecz najwa\u017cniejszy jest przekaz, co prosto z serc [&hellip;]<\/p>\n","protected":false},"author":2,"featured_media":7546,"comment_status":"closed","ping_status":"open","sticky":false,"template":"","format":"standard","meta":{"footnotes":""},"categories":[45,41,40],"tags":[],"class_list":["post-7535","post","type-post","status-publish","format-standard","has-post-thumbnail","hentry","category-aktualnosci","category-galerie","category-strona-glowna"],"_links":{"self":[{"href":"https:\/\/przylep.edu.pl\/przedszkole\/wp-json\/wp\/v2\/posts\/7535","targetHints":{"allow":["GET"]}}],"collection":[{"href":"https:\/\/przylep.edu.pl\/przedszkole\/wp-json\/wp\/v2\/posts"}],"about":[{"href":"https:\/\/przylep.edu.pl\/przedszkole\/wp-json\/wp\/v2\/types\/post"}],"author":[{"embeddable":true,"href":"https:\/\/przylep.edu.pl\/przedszkole\/wp-json\/wp\/v2\/users\/2"}],"replies":[{"embeddable":true,"href":"https:\/\/przylep.edu.pl\/przedszkole\/wp-json\/wp\/v2\/comments?post=7535"}],"version-history":[{"count":1,"href":"https:\/\/przylep.edu.pl\/przedszkole\/wp-json\/wp\/v2\/posts\/7535\/revisions"}],"predecessor-version":[{"id":7547,"href":"https:\/\/przylep.edu.pl\/przedszkole\/wp-json\/wp\/v2\/posts\/7535\/revisions\/7547"}],"wp:featuredmedia":[{"embeddable":true,"href":"https:\/\/przylep.edu.pl\/przedszkole\/wp-json\/wp\/v2\/media\/7546"}],"wp:attachment":[{"href":"https:\/\/przylep.edu.pl\/przedszkole\/wp-json\/wp\/v2\/media?parent=7535"}],"wp:term":[{"taxonomy":"category","embeddable":true,"href":"https:\/\/przylep.edu.pl\/przedszkole\/wp-json\/wp\/v2\/categories?post=7535"},{"taxonomy":"post_tag","embeddable":true,"href":"https:\/\/przylep.edu.pl\/przedszkole\/wp-json\/wp\/v2\/tags?post=7535"}],"curies":[{"name":"wp","href":"https:\/\/api.w.org\/{rel}","templated":true}]}}