{"id":7526,"date":"2022-06-04T07:48:00","date_gmt":"2022-06-04T05:48:00","guid":{"rendered":"https:\/\/przylep.edu.pl\/przedszkole\/?p=7526"},"modified":"2022-06-12T08:02:22","modified_gmt":"2022-06-12T06:02:22","slug":"konkurs-recytatorski","status":"publish","type":"post","link":"https:\/\/przylep.edu.pl\/przedszkole\/2022\/06\/04\/konkurs-recytatorski\/","title":{"rendered":"Konkurs Recytatorski"},"content":{"rendered":"\n<p>31 maja w Naszej plac\u00f3wce odby\u0142 si\u0119 szkolny konkurs recytatorski. Adresowany by\u0142 do uczni\u00f3w klasy pierwszej i drugiej. Ka\u017cdy uczestnik prezentowa\u0142 wybrany przez siebie wiersz, jednej z trzech autorek wierszy dla dzieci: Ma\u0142gorzaty Strza\u0142kowskiej, Doroty Gellner lub Agnieszki Fr\u0105czek. <\/p>\n\n\n\n<p>I miejsce zaj\u0119li Julia Piaszczy\u0144ska z klasy II i Karol Stachowiak z klasy I. <\/p>\n\n\n\n<p>II miejsce zaj\u0105\u0142 Leon Kula z klasy I.<\/p>\n\n\n\n<p>III miejsce zaj\u0119\u0142a Nina Ziobro z klasy I.<\/p>\n\n\n\n<p>Wyr\u00f3\u017cnienie otrzyma\u0142a Marta Horodko z klasy II, kt\u00f3ra zaprezentowa\u0142a wiersz w j\u0119zyku ukrai\u0144skim.<\/p>\n\n\n\n<p>Mamy nadziej\u0119, \u017ce czytanie wierszy b\u0119dzie cieszy\u0142o si\u0119 w\u015br\u00f3d naszych uczni\u00f3w coraz wi\u0119ksz\u0105 popularno\u015bci\u0105. <\/p>\n\n\n\n<figure class=\"wp-block-gallery has-nested-images columns-default is-cropped wp-block-gallery-1 is-layout-flex wp-block-gallery-is-layout-flex\">\n<figure class=\"wp-block-image size-large\"><img loading=\"lazy\" decoding=\"async\" width=\"768\" height=\"1024\" data-id=\"7532\" src=\"https:\/\/przylep.edu.pl\/przedszkole\/wp-content\/uploads\/2022\/06\/284468997_2386556448153753_230531398309409856_n-768x1024.jpg\" alt=\"\" class=\"wp-image-7532\" srcset=\"https:\/\/przylep.edu.pl\/przedszkole\/wp-content\/uploads\/2022\/06\/284468997_2386556448153753_230531398309409856_n-768x1024.jpg 768w, https:\/\/przylep.edu.pl\/przedszkole\/wp-content\/uploads\/2022\/06\/284468997_2386556448153753_230531398309409856_n-225x300.jpg 225w, https:\/\/przylep.edu.pl\/przedszkole\/wp-content\/uploads\/2022\/06\/284468997_2386556448153753_230531398309409856_n-1152x1536.jpg 1152w, https:\/\/przylep.edu.pl\/przedszkole\/wp-content\/uploads\/2022\/06\/284468997_2386556448153753_230531398309409856_n.jpg 1530w\" sizes=\"auto, (max-width: 768px) 100vw, 768px\" \/><\/figure>\n\n\n\n<figure class=\"wp-block-image size-large\"><img loading=\"lazy\" decoding=\"async\" width=\"768\" height=\"1024\" data-id=\"7531\" src=\"https:\/\/przylep.edu.pl\/przedszkole\/wp-content\/uploads\/2022\/06\/284926502_325400926434073_4144486783140395786_n-768x1024.jpg\" alt=\"\" class=\"wp-image-7531\" srcset=\"https:\/\/przylep.edu.pl\/przedszkole\/wp-content\/uploads\/2022\/06\/284926502_325400926434073_4144486783140395786_n-768x1024.jpg 768w, https:\/\/przylep.edu.pl\/przedszkole\/wp-content\/uploads\/2022\/06\/284926502_325400926434073_4144486783140395786_n-225x300.jpg 225w, https:\/\/przylep.edu.pl\/przedszkole\/wp-content\/uploads\/2022\/06\/284926502_325400926434073_4144486783140395786_n-1152x1536.jpg 1152w, https:\/\/przylep.edu.pl\/przedszkole\/wp-content\/uploads\/2022\/06\/284926502_325400926434073_4144486783140395786_n.jpg 1530w\" sizes=\"auto, (max-width: 768px) 100vw, 768px\" \/><\/figure>\n\n\n\n<figure class=\"wp-block-image size-large\"><img loading=\"lazy\" decoding=\"async\" width=\"1024\" height=\"768\" data-id=\"7530\" src=\"https:\/\/przylep.edu.pl\/przedszkole\/wp-content\/uploads\/2022\/06\/285137355_849592989776372_5977373263677469009_n-1024x768.jpg\" alt=\"\" class=\"wp-image-7530\" srcset=\"https:\/\/przylep.edu.pl\/przedszkole\/wp-content\/uploads\/2022\/06\/285137355_849592989776372_5977373263677469009_n-1024x768.jpg 1024w, https:\/\/przylep.edu.pl\/przedszkole\/wp-content\/uploads\/2022\/06\/285137355_849592989776372_5977373263677469009_n-300x225.jpg 300w, https:\/\/przylep.edu.pl\/przedszkole\/wp-content\/uploads\/2022\/06\/285137355_849592989776372_5977373263677469009_n-768x576.jpg 768w, https:\/\/przylep.edu.pl\/przedszkole\/wp-content\/uploads\/2022\/06\/285137355_849592989776372_5977373263677469009_n-1536x1152.jpg 1536w, https:\/\/przylep.edu.pl\/przedszkole\/wp-content\/uploads\/2022\/06\/285137355_849592989776372_5977373263677469009_n-600x450.jpg 600w, https:\/\/przylep.edu.pl\/przedszkole\/wp-content\/uploads\/2022\/06\/285137355_849592989776372_5977373263677469009_n.jpg 2040w\" sizes=\"auto, (max-width: 1024px) 100vw, 1024px\" \/><\/figure>\n\n\n\n<figure class=\"wp-block-image size-large\"><img loading=\"lazy\" decoding=\"async\" width=\"1024\" height=\"768\" data-id=\"7527\" src=\"https:\/\/przylep.edu.pl\/przedszkole\/wp-content\/uploads\/2022\/06\/285189220_685312092571374_9171255164828681936_n-1024x768.jpg\" alt=\"\" class=\"wp-image-7527\" srcset=\"https:\/\/przylep.edu.pl\/przedszkole\/wp-content\/uploads\/2022\/06\/285189220_685312092571374_9171255164828681936_n-1024x768.jpg 1024w, https:\/\/przylep.edu.pl\/przedszkole\/wp-content\/uploads\/2022\/06\/285189220_685312092571374_9171255164828681936_n-300x225.jpg 300w, https:\/\/przylep.edu.pl\/przedszkole\/wp-content\/uploads\/2022\/06\/285189220_685312092571374_9171255164828681936_n-768x576.jpg 768w, https:\/\/przylep.edu.pl\/przedszkole\/wp-content\/uploads\/2022\/06\/285189220_685312092571374_9171255164828681936_n-1536x1152.jpg 1536w, https:\/\/przylep.edu.pl\/przedszkole\/wp-content\/uploads\/2022\/06\/285189220_685312092571374_9171255164828681936_n-600x450.jpg 600w, https:\/\/przylep.edu.pl\/przedszkole\/wp-content\/uploads\/2022\/06\/285189220_685312092571374_9171255164828681936_n.jpg 2040w\" sizes=\"auto, (max-width: 1024px) 100vw, 1024px\" \/><\/figure>\n\n\n\n<figure class=\"wp-block-image size-large\"><img loading=\"lazy\" decoding=\"async\" width=\"768\" height=\"1024\" data-id=\"7529\" src=\"https:\/\/przylep.edu.pl\/przedszkole\/wp-content\/uploads\/2022\/06\/285191500_535894004654517_1149468864926442810_n-768x1024.jpg\" alt=\"\" class=\"wp-image-7529\" srcset=\"https:\/\/przylep.edu.pl\/przedszkole\/wp-content\/uploads\/2022\/06\/285191500_535894004654517_1149468864926442810_n-768x1024.jpg 768w, https:\/\/przylep.edu.pl\/przedszkole\/wp-content\/uploads\/2022\/06\/285191500_535894004654517_1149468864926442810_n-225x300.jpg 225w, https:\/\/przylep.edu.pl\/przedszkole\/wp-content\/uploads\/2022\/06\/285191500_535894004654517_1149468864926442810_n-1152x1536.jpg 1152w, https:\/\/przylep.edu.pl\/przedszkole\/wp-content\/uploads\/2022\/06\/285191500_535894004654517_1149468864926442810_n.jpg 1530w\" sizes=\"auto, (max-width: 768px) 100vw, 768px\" \/><\/figure>\n\n\n\n<figure class=\"wp-block-image size-large\"><img loading=\"lazy\" decoding=\"async\" width=\"1024\" height=\"768\" data-id=\"7528\" src=\"https:\/\/przylep.edu.pl\/przedszkole\/wp-content\/uploads\/2022\/06\/285258720_737569241023570_4362599918633740177_n-1024x768.jpg\" alt=\"\" class=\"wp-image-7528\" srcset=\"https:\/\/przylep.edu.pl\/przedszkole\/wp-content\/uploads\/2022\/06\/285258720_737569241023570_4362599918633740177_n-1024x768.jpg 1024w, https:\/\/przylep.edu.pl\/przedszkole\/wp-content\/uploads\/2022\/06\/285258720_737569241023570_4362599918633740177_n-300x225.jpg 300w, https:\/\/przylep.edu.pl\/przedszkole\/wp-content\/uploads\/2022\/06\/285258720_737569241023570_4362599918633740177_n-768x576.jpg 768w, https:\/\/przylep.edu.pl\/przedszkole\/wp-content\/uploads\/2022\/06\/285258720_737569241023570_4362599918633740177_n-1536x1152.jpg 1536w, https:\/\/przylep.edu.pl\/przedszkole\/wp-content\/uploads\/2022\/06\/285258720_737569241023570_4362599918633740177_n-600x450.jpg 600w, https:\/\/przylep.edu.pl\/przedszkole\/wp-content\/uploads\/2022\/06\/285258720_737569241023570_4362599918633740177_n.jpg 2040w\" sizes=\"auto, (max-width: 1024px) 100vw, 1024px\" \/><\/figure>\n<\/figure>\n","protected":false},"excerpt":{"rendered":"<p>31 maja w Naszej plac\u00f3wce odby\u0142 si\u0119 szkolny konkurs recytatorski. Adresowany by\u0142 do uczni\u00f3w klasy pierwszej i drugiej. Ka\u017cdy uczestnik prezentowa\u0142 wybrany przez siebie wiersz, jednej z trzech autorek wierszy dla dzieci: Ma\u0142gorzaty Strza\u0142kowskiej, Doroty Gellner lub Agnieszki Fr\u0105czek. I miejsce zaj\u0119li Julia Piaszczy\u0144ska z klasy II i Karol Stachowiak z klasy I. II miejsce [&hellip;]<\/p>\n","protected":false},"author":2,"featured_media":7533,"comment_status":"closed","ping_status":"open","sticky":false,"template":"","format":"standard","meta":{"footnotes":""},"categories":[45,41,40],"tags":[],"class_list":["post-7526","post","type-post","status-publish","format-standard","has-post-thumbnail","hentry","category-aktualnosci","category-galerie","category-strona-glowna"],"_links":{"self":[{"href":"https:\/\/przylep.edu.pl\/przedszkole\/wp-json\/wp\/v2\/posts\/7526","targetHints":{"allow":["GET"]}}],"collection":[{"href":"https:\/\/przylep.edu.pl\/przedszkole\/wp-json\/wp\/v2\/posts"}],"about":[{"href":"https:\/\/przylep.edu.pl\/przedszkole\/wp-json\/wp\/v2\/types\/post"}],"author":[{"embeddable":true,"href":"https:\/\/przylep.edu.pl\/przedszkole\/wp-json\/wp\/v2\/users\/2"}],"replies":[{"embeddable":true,"href":"https:\/\/przylep.edu.pl\/przedszkole\/wp-json\/wp\/v2\/comments?post=7526"}],"version-history":[{"count":1,"href":"https:\/\/przylep.edu.pl\/przedszkole\/wp-json\/wp\/v2\/posts\/7526\/revisions"}],"predecessor-version":[{"id":7534,"href":"https:\/\/przylep.edu.pl\/przedszkole\/wp-json\/wp\/v2\/posts\/7526\/revisions\/7534"}],"wp:featuredmedia":[{"embeddable":true,"href":"https:\/\/przylep.edu.pl\/przedszkole\/wp-json\/wp\/v2\/media\/7533"}],"wp:attachment":[{"href":"https:\/\/przylep.edu.pl\/przedszkole\/wp-json\/wp\/v2\/media?parent=7526"}],"wp:term":[{"taxonomy":"category","embeddable":true,"href":"https:\/\/przylep.edu.pl\/przedszkole\/wp-json\/wp\/v2\/categories?post=7526"},{"taxonomy":"post_tag","embeddable":true,"href":"https:\/\/przylep.edu.pl\/przedszkole\/wp-json\/wp\/v2\/tags?post=7526"}],"curies":[{"name":"wp","href":"https:\/\/api.w.org\/{rel}","templated":true}]}}