{"id":7515,"date":"2022-06-05T22:28:30","date_gmt":"2022-06-05T20:28:30","guid":{"rendered":"https:\/\/przylep.edu.pl\/przedszkole\/?p=7515"},"modified":"2022-06-05T22:28:31","modified_gmt":"2022-06-05T20:28:31","slug":"wycieczka-do-pleciugi","status":"publish","type":"post","link":"https:\/\/przylep.edu.pl\/przedszkole\/2022\/06\/05\/wycieczka-do-pleciugi\/","title":{"rendered":"Wycieczka do Pleciugi"},"content":{"rendered":"\n<p>O czym bzycz\u0105 pszczo\u0142y, a o czym muchy? Dlaczego burza znowu wygrzmoci\u0142a si\u0119 z takim hukiem? W jaki spos\u00f3b echo namiesza\u0142o w lesie? I czy mo\u017cna us\u0142ysze\u0107 cisz\u0119? <\/p>\n\n\n\n<p>2 czerwca grupa wrzosowa, \u017c\u00f3\u0142ta, grup \u201e0\u201d oraz klasa I wybrali si\u0119 do teatru Lalek Pleciuga na przedstawienie \u201eOrkiestra \u015bwiata\u201d. Dzieci z ogromnym zainteresowaniem podziwia\u0142y przedstawienie, kt\u00f3re by\u0142o pe\u0142ne \u015bpiewu oraz gry \u015bwiate\u0142. Na koniec nagrodzi\u0142y aktor\u00f3w gromkimi brawami. Warto wspomnie\u0107, \u017ce by\u0142a to pierwsza wycieczka autokarowa grupy \u017c\u00f3\u0142tej &#8211; i na pewno nie ostatnia.<\/p>\n\n\n\n<figure class=\"wp-block-gallery has-nested-images columns-default is-cropped wp-block-gallery-1 is-layout-flex wp-block-gallery-is-layout-flex\">\n<figure class=\"wp-block-image size-large\"><img loading=\"lazy\" decoding=\"async\" width=\"1024\" height=\"768\" data-id=\"7518\" src=\"https:\/\/przylep.edu.pl\/przedszkole\/wp-content\/uploads\/2022\/06\/283482945_598036051396519_3181098445069802065_n-1024x768.jpg\" alt=\"\" class=\"wp-image-7518\" srcset=\"https:\/\/przylep.edu.pl\/przedszkole\/wp-content\/uploads\/2022\/06\/283482945_598036051396519_3181098445069802065_n-1024x768.jpg 1024w, https:\/\/przylep.edu.pl\/przedszkole\/wp-content\/uploads\/2022\/06\/283482945_598036051396519_3181098445069802065_n-300x225.jpg 300w, https:\/\/przylep.edu.pl\/przedszkole\/wp-content\/uploads\/2022\/06\/283482945_598036051396519_3181098445069802065_n-768x576.jpg 768w, https:\/\/przylep.edu.pl\/przedszkole\/wp-content\/uploads\/2022\/06\/283482945_598036051396519_3181098445069802065_n-1536x1152.jpg 1536w, https:\/\/przylep.edu.pl\/przedszkole\/wp-content\/uploads\/2022\/06\/283482945_598036051396519_3181098445069802065_n-600x450.jpg 600w, https:\/\/przylep.edu.pl\/przedszkole\/wp-content\/uploads\/2022\/06\/283482945_598036051396519_3181098445069802065_n.jpg 2048w\" sizes=\"auto, (max-width: 1024px) 100vw, 1024px\" \/><\/figure>\n\n\n\n<figure class=\"wp-block-image size-large\"><img loading=\"lazy\" decoding=\"async\" width=\"1024\" height=\"769\" data-id=\"7521\" src=\"https:\/\/przylep.edu.pl\/przedszkole\/wp-content\/uploads\/2022\/06\/284811307_540581824284349_8530043520282424476_n-1024x769.jpg\" alt=\"\" class=\"wp-image-7521\" srcset=\"https:\/\/przylep.edu.pl\/przedszkole\/wp-content\/uploads\/2022\/06\/284811307_540581824284349_8530043520282424476_n-1024x769.jpg 1024w, https:\/\/przylep.edu.pl\/przedszkole\/wp-content\/uploads\/2022\/06\/284811307_540581824284349_8530043520282424476_n-300x225.jpg 300w, https:\/\/przylep.edu.pl\/przedszkole\/wp-content\/uploads\/2022\/06\/284811307_540581824284349_8530043520282424476_n-768x577.jpg 768w, https:\/\/przylep.edu.pl\/przedszkole\/wp-content\/uploads\/2022\/06\/284811307_540581824284349_8530043520282424476_n-1536x1153.jpg 1536w, https:\/\/przylep.edu.pl\/przedszkole\/wp-content\/uploads\/2022\/06\/284811307_540581824284349_8530043520282424476_n-2048x1538.jpg 2048w, https:\/\/przylep.edu.pl\/przedszkole\/wp-content\/uploads\/2022\/06\/284811307_540581824284349_8530043520282424476_n-600x450.jpg 600w\" sizes=\"auto, (max-width: 1024px) 100vw, 1024px\" \/><\/figure>\n\n\n\n<figure class=\"wp-block-image size-large\"><img loading=\"lazy\" decoding=\"async\" width=\"1024\" height=\"768\" data-id=\"7516\" src=\"https:\/\/przylep.edu.pl\/przedszkole\/wp-content\/uploads\/2022\/06\/284879868_760561031805563_5273025342614716436_n-1024x768.jpg\" alt=\"\" class=\"wp-image-7516\" srcset=\"https:\/\/przylep.edu.pl\/przedszkole\/wp-content\/uploads\/2022\/06\/284879868_760561031805563_5273025342614716436_n-1024x768.jpg 1024w, https:\/\/przylep.edu.pl\/przedszkole\/wp-content\/uploads\/2022\/06\/284879868_760561031805563_5273025342614716436_n-300x225.jpg 300w, https:\/\/przylep.edu.pl\/przedszkole\/wp-content\/uploads\/2022\/06\/284879868_760561031805563_5273025342614716436_n-768x576.jpg 768w, https:\/\/przylep.edu.pl\/przedszkole\/wp-content\/uploads\/2022\/06\/284879868_760561031805563_5273025342614716436_n-1536x1152.jpg 1536w, https:\/\/przylep.edu.pl\/przedszkole\/wp-content\/uploads\/2022\/06\/284879868_760561031805563_5273025342614716436_n-600x450.jpg 600w, https:\/\/przylep.edu.pl\/przedszkole\/wp-content\/uploads\/2022\/06\/284879868_760561031805563_5273025342614716436_n.jpg 2048w\" sizes=\"auto, (max-width: 1024px) 100vw, 1024px\" \/><\/figure>\n\n\n\n<figure class=\"wp-block-image size-large\"><img loading=\"lazy\" decoding=\"async\" width=\"1024\" height=\"768\" data-id=\"7520\" src=\"https:\/\/przylep.edu.pl\/przedszkole\/wp-content\/uploads\/2022\/06\/284917736_380520690714892_2048640943252434082_n-1024x768.jpg\" alt=\"\" class=\"wp-image-7520\" srcset=\"https:\/\/przylep.edu.pl\/przedszkole\/wp-content\/uploads\/2022\/06\/284917736_380520690714892_2048640943252434082_n-1024x768.jpg 1024w, https:\/\/przylep.edu.pl\/przedszkole\/wp-content\/uploads\/2022\/06\/284917736_380520690714892_2048640943252434082_n-300x225.jpg 300w, https:\/\/przylep.edu.pl\/przedszkole\/wp-content\/uploads\/2022\/06\/284917736_380520690714892_2048640943252434082_n-768x576.jpg 768w, https:\/\/przylep.edu.pl\/przedszkole\/wp-content\/uploads\/2022\/06\/284917736_380520690714892_2048640943252434082_n-1536x1152.jpg 1536w, https:\/\/przylep.edu.pl\/przedszkole\/wp-content\/uploads\/2022\/06\/284917736_380520690714892_2048640943252434082_n-2048x1536.jpg 2048w, https:\/\/przylep.edu.pl\/przedszkole\/wp-content\/uploads\/2022\/06\/284917736_380520690714892_2048640943252434082_n-600x450.jpg 600w\" sizes=\"auto, (max-width: 1024px) 100vw, 1024px\" \/><\/figure>\n\n\n\n<figure class=\"wp-block-image size-large\"><img loading=\"lazy\" decoding=\"async\" width=\"1024\" height=\"769\" data-id=\"7523\" src=\"https:\/\/przylep.edu.pl\/przedszkole\/wp-content\/uploads\/2022\/06\/285643151_429006952402952_4018060555636683942_n-1024x769.jpg\" alt=\"\" class=\"wp-image-7523\" srcset=\"https:\/\/przylep.edu.pl\/przedszkole\/wp-content\/uploads\/2022\/06\/285643151_429006952402952_4018060555636683942_n-1024x769.jpg 1024w, https:\/\/przylep.edu.pl\/przedszkole\/wp-content\/uploads\/2022\/06\/285643151_429006952402952_4018060555636683942_n-300x225.jpg 300w, https:\/\/przylep.edu.pl\/przedszkole\/wp-content\/uploads\/2022\/06\/285643151_429006952402952_4018060555636683942_n-768x577.jpg 768w, https:\/\/przylep.edu.pl\/przedszkole\/wp-content\/uploads\/2022\/06\/285643151_429006952402952_4018060555636683942_n-1536x1153.jpg 1536w, https:\/\/przylep.edu.pl\/przedszkole\/wp-content\/uploads\/2022\/06\/285643151_429006952402952_4018060555636683942_n-2048x1538.jpg 2048w, https:\/\/przylep.edu.pl\/przedszkole\/wp-content\/uploads\/2022\/06\/285643151_429006952402952_4018060555636683942_n-600x450.jpg 600w\" sizes=\"auto, (max-width: 1024px) 100vw, 1024px\" \/><\/figure>\n\n\n\n<figure class=\"wp-block-image size-large\"><img loading=\"lazy\" decoding=\"async\" width=\"1024\" height=\"688\" data-id=\"7519\" src=\"https:\/\/przylep.edu.pl\/przedszkole\/wp-content\/uploads\/2022\/06\/285686340_701000997797469_4822360922113182910_n-1024x688.jpg\" alt=\"\" class=\"wp-image-7519\" srcset=\"https:\/\/przylep.edu.pl\/przedszkole\/wp-content\/uploads\/2022\/06\/285686340_701000997797469_4822360922113182910_n-1024x688.jpg 1024w, https:\/\/przylep.edu.pl\/przedszkole\/wp-content\/uploads\/2022\/06\/285686340_701000997797469_4822360922113182910_n-300x202.jpg 300w, https:\/\/przylep.edu.pl\/przedszkole\/wp-content\/uploads\/2022\/06\/285686340_701000997797469_4822360922113182910_n-768x516.jpg 768w, https:\/\/przylep.edu.pl\/przedszkole\/wp-content\/uploads\/2022\/06\/285686340_701000997797469_4822360922113182910_n-1536x1032.jpg 1536w, https:\/\/przylep.edu.pl\/przedszkole\/wp-content\/uploads\/2022\/06\/285686340_701000997797469_4822360922113182910_n-2048x1376.jpg 2048w\" sizes=\"auto, (max-width: 1024px) 100vw, 1024px\" \/><\/figure>\n<\/figure>\n","protected":false},"excerpt":{"rendered":"<p>O czym bzycz\u0105 pszczo\u0142y, a o czym muchy? Dlaczego burza znowu wygrzmoci\u0142a si\u0119 z takim hukiem? W jaki spos\u00f3b echo namiesza\u0142o w lesie? I czy mo\u017cna us\u0142ysze\u0107 cisz\u0119? 2 czerwca grupa wrzosowa, \u017c\u00f3\u0142ta, grup \u201e0\u201d oraz klasa I wybrali si\u0119 do teatru Lalek Pleciuga na przedstawienie \u201eOrkiestra \u015bwiata\u201d. Dzieci z ogromnym zainteresowaniem podziwia\u0142y przedstawienie, kt\u00f3re [&hellip;]<\/p>\n","protected":false},"author":2,"featured_media":7524,"comment_status":"closed","ping_status":"open","sticky":false,"template":"","format":"standard","meta":{"footnotes":""},"categories":[45,41,40],"tags":[],"class_list":["post-7515","post","type-post","status-publish","format-standard","has-post-thumbnail","hentry","category-aktualnosci","category-galerie","category-strona-glowna"],"_links":{"self":[{"href":"https:\/\/przylep.edu.pl\/przedszkole\/wp-json\/wp\/v2\/posts\/7515","targetHints":{"allow":["GET"]}}],"collection":[{"href":"https:\/\/przylep.edu.pl\/przedszkole\/wp-json\/wp\/v2\/posts"}],"about":[{"href":"https:\/\/przylep.edu.pl\/przedszkole\/wp-json\/wp\/v2\/types\/post"}],"author":[{"embeddable":true,"href":"https:\/\/przylep.edu.pl\/przedszkole\/wp-json\/wp\/v2\/users\/2"}],"replies":[{"embeddable":true,"href":"https:\/\/przylep.edu.pl\/przedszkole\/wp-json\/wp\/v2\/comments?post=7515"}],"version-history":[{"count":1,"href":"https:\/\/przylep.edu.pl\/przedszkole\/wp-json\/wp\/v2\/posts\/7515\/revisions"}],"predecessor-version":[{"id":7525,"href":"https:\/\/przylep.edu.pl\/przedszkole\/wp-json\/wp\/v2\/posts\/7515\/revisions\/7525"}],"wp:featuredmedia":[{"embeddable":true,"href":"https:\/\/przylep.edu.pl\/przedszkole\/wp-json\/wp\/v2\/media\/7524"}],"wp:attachment":[{"href":"https:\/\/przylep.edu.pl\/przedszkole\/wp-json\/wp\/v2\/media?parent=7515"}],"wp:term":[{"taxonomy":"category","embeddable":true,"href":"https:\/\/przylep.edu.pl\/przedszkole\/wp-json\/wp\/v2\/categories?post=7515"},{"taxonomy":"post_tag","embeddable":true,"href":"https:\/\/przylep.edu.pl\/przedszkole\/wp-json\/wp\/v2\/tags?post=7515"}],"curies":[{"name":"wp","href":"https:\/\/api.w.org\/{rel}","templated":true}]}}