{"id":7448,"date":"2022-05-28T08:41:00","date_gmt":"2022-05-28T06:41:00","guid":{"rendered":"https:\/\/przylep.edu.pl\/przedszkole\/?p=7448"},"modified":"2022-06-05T09:10:25","modified_gmt":"2022-06-05T07:10:25","slug":"z-wizyta-u-alpak","status":"publish","type":"post","link":"https:\/\/przylep.edu.pl\/przedszkole\/2022\/05\/28\/z-wizyta-u-alpak\/","title":{"rendered":"Z wizyt\u0105 u Alpak"},"content":{"rendered":"\n<p>26 maja grupy Limonkowa i niebieska pojecha\u0142y na swoj\u0105 pierwsz\u0105 wycieczk\u0119. Celem wyjazdu by\u0142o &#8222;Wiejskie podw\u00f3rko&#8221; w Bobolinie. <\/p>\n\n\n\n<p>&nbsp;Na miejscu czeka\u0142o Nas mn\u00f3stwo atrakcji, dzieci mia\u0142y okazj\u0119 nakarmi\u0107 zwierz\u0119ta, wyprowadzi\u0107 alpaki na spacer,  pog\u0142aska\u0107 kr\u00f3liki i kota sfinksa. Dowiedzieli\u015bmy si\u0119 r\u00f3wnie\u017c jak zachowywa\u0107 si\u0119, gdy spotkamy agresywnego psa. <\/p>\n\n\n\n<p>Wszyscy wr\u00f3cili\u015bmy zm\u0119czeni, ale bardzo zadowoleni. Ten wyjazd zostanie na d\u0142ugo w naszej pami\u0119ci.<\/p>\n\n\n\n<figure class=\"wp-block-gallery has-nested-images columns-default is-cropped wp-block-gallery-1 is-layout-flex wp-block-gallery-is-layout-flex\">\n<figure class=\"wp-block-image size-large\"><img loading=\"lazy\" decoding=\"async\" width=\"1024\" height=\"768\" data-id=\"7457\" src=\"https:\/\/przylep.edu.pl\/przedszkole\/wp-content\/uploads\/2022\/06\/281342251_10227231195628993_7032371748748719103_n-1024x768.jpg\" alt=\"\" class=\"wp-image-7457\" srcset=\"https:\/\/przylep.edu.pl\/przedszkole\/wp-content\/uploads\/2022\/06\/281342251_10227231195628993_7032371748748719103_n-1024x768.jpg 1024w, https:\/\/przylep.edu.pl\/przedszkole\/wp-content\/uploads\/2022\/06\/281342251_10227231195628993_7032371748748719103_n-300x225.jpg 300w, https:\/\/przylep.edu.pl\/przedszkole\/wp-content\/uploads\/2022\/06\/281342251_10227231195628993_7032371748748719103_n-768x576.jpg 768w, https:\/\/przylep.edu.pl\/przedszkole\/wp-content\/uploads\/2022\/06\/281342251_10227231195628993_7032371748748719103_n-1536x1152.jpg 1536w, https:\/\/przylep.edu.pl\/przedszkole\/wp-content\/uploads\/2022\/06\/281342251_10227231195628993_7032371748748719103_n-600x450.jpg 600w, https:\/\/przylep.edu.pl\/przedszkole\/wp-content\/uploads\/2022\/06\/281342251_10227231195628993_7032371748748719103_n.jpg 2048w\" sizes=\"auto, (max-width: 1024px) 100vw, 1024px\" \/><\/figure>\n\n\n\n<figure class=\"wp-block-image size-large\"><img loading=\"lazy\" decoding=\"async\" width=\"1024\" height=\"768\" data-id=\"7456\" src=\"https:\/\/przylep.edu.pl\/przedszkole\/wp-content\/uploads\/2022\/06\/281459394_10227231189308835_1746879028509123347_n-1024x768.jpg\" alt=\"\" class=\"wp-image-7456\" srcset=\"https:\/\/przylep.edu.pl\/przedszkole\/wp-content\/uploads\/2022\/06\/281459394_10227231189308835_1746879028509123347_n-1024x768.jpg 1024w, https:\/\/przylep.edu.pl\/przedszkole\/wp-content\/uploads\/2022\/06\/281459394_10227231189308835_1746879028509123347_n-300x225.jpg 300w, https:\/\/przylep.edu.pl\/przedszkole\/wp-content\/uploads\/2022\/06\/281459394_10227231189308835_1746879028509123347_n-768x576.jpg 768w, https:\/\/przylep.edu.pl\/przedszkole\/wp-content\/uploads\/2022\/06\/281459394_10227231189308835_1746879028509123347_n-1536x1152.jpg 1536w, https:\/\/przylep.edu.pl\/przedszkole\/wp-content\/uploads\/2022\/06\/281459394_10227231189308835_1746879028509123347_n-600x450.jpg 600w, https:\/\/przylep.edu.pl\/przedszkole\/wp-content\/uploads\/2022\/06\/281459394_10227231189308835_1746879028509123347_n.jpg 2048w\" sizes=\"auto, (max-width: 1024px) 100vw, 1024px\" \/><\/figure>\n\n\n\n<figure class=\"wp-block-image size-large\"><img loading=\"lazy\" decoding=\"async\" width=\"768\" height=\"1024\" data-id=\"7449\" src=\"https:\/\/przylep.edu.pl\/przedszkole\/wp-content\/uploads\/2022\/06\/281465221_10227231186108755_3250219386030119957_n-768x1024.jpg\" alt=\"\" class=\"wp-image-7449\" srcset=\"https:\/\/przylep.edu.pl\/przedszkole\/wp-content\/uploads\/2022\/06\/281465221_10227231186108755_3250219386030119957_n-768x1024.jpg 768w, https:\/\/przylep.edu.pl\/przedszkole\/wp-content\/uploads\/2022\/06\/281465221_10227231186108755_3250219386030119957_n-225x300.jpg 225w, https:\/\/przylep.edu.pl\/przedszkole\/wp-content\/uploads\/2022\/06\/281465221_10227231186108755_3250219386030119957_n-1152x1536.jpg 1152w, https:\/\/przylep.edu.pl\/przedszkole\/wp-content\/uploads\/2022\/06\/281465221_10227231186108755_3250219386030119957_n.jpg 1536w\" sizes=\"auto, (max-width: 768px) 100vw, 768px\" \/><\/figure>\n\n\n\n<figure class=\"wp-block-image size-large\"><img loading=\"lazy\" decoding=\"async\" width=\"768\" height=\"1024\" data-id=\"7451\" src=\"https:\/\/przylep.edu.pl\/przedszkole\/wp-content\/uploads\/2022\/06\/281552923_10227231188988827_5738885477191750113_n-768x1024.jpg\" alt=\"\" class=\"wp-image-7451\" srcset=\"https:\/\/przylep.edu.pl\/przedszkole\/wp-content\/uploads\/2022\/06\/281552923_10227231188988827_5738885477191750113_n-768x1024.jpg 768w, https:\/\/przylep.edu.pl\/przedszkole\/wp-content\/uploads\/2022\/06\/281552923_10227231188988827_5738885477191750113_n-225x300.jpg 225w, https:\/\/przylep.edu.pl\/przedszkole\/wp-content\/uploads\/2022\/06\/281552923_10227231188988827_5738885477191750113_n-1152x1536.jpg 1152w, https:\/\/przylep.edu.pl\/przedszkole\/wp-content\/uploads\/2022\/06\/281552923_10227231188988827_5738885477191750113_n.jpg 1536w\" sizes=\"auto, (max-width: 768px) 100vw, 768px\" \/><\/figure>\n\n\n\n<figure class=\"wp-block-image size-large\"><img loading=\"lazy\" decoding=\"async\" width=\"768\" height=\"1024\" data-id=\"7453\" src=\"https:\/\/przylep.edu.pl\/przedszkole\/wp-content\/uploads\/2022\/06\/281563113_10227231190348861_7598249723722310196_n-768x1024.jpg\" alt=\"\" class=\"wp-image-7453\" srcset=\"https:\/\/przylep.edu.pl\/przedszkole\/wp-content\/uploads\/2022\/06\/281563113_10227231190348861_7598249723722310196_n-768x1024.jpg 768w, https:\/\/przylep.edu.pl\/przedszkole\/wp-content\/uploads\/2022\/06\/281563113_10227231190348861_7598249723722310196_n-225x300.jpg 225w, https:\/\/przylep.edu.pl\/przedszkole\/wp-content\/uploads\/2022\/06\/281563113_10227231190348861_7598249723722310196_n-1152x1536.jpg 1152w, https:\/\/przylep.edu.pl\/przedszkole\/wp-content\/uploads\/2022\/06\/281563113_10227231190348861_7598249723722310196_n.jpg 1536w\" sizes=\"auto, (max-width: 768px) 100vw, 768px\" \/><\/figure>\n\n\n\n<figure class=\"wp-block-image size-large\"><img loading=\"lazy\" decoding=\"async\" width=\"1024\" height=\"768\" data-id=\"7455\" src=\"https:\/\/przylep.edu.pl\/przedszkole\/wp-content\/uploads\/2022\/06\/281564004_10227231193788947_713774814531050637_n-1024x768.jpg\" alt=\"\" class=\"wp-image-7455\" srcset=\"https:\/\/przylep.edu.pl\/przedszkole\/wp-content\/uploads\/2022\/06\/281564004_10227231193788947_713774814531050637_n-1024x768.jpg 1024w, https:\/\/przylep.edu.pl\/przedszkole\/wp-content\/uploads\/2022\/06\/281564004_10227231193788947_713774814531050637_n-300x225.jpg 300w, https:\/\/przylep.edu.pl\/przedszkole\/wp-content\/uploads\/2022\/06\/281564004_10227231193788947_713774814531050637_n-768x576.jpg 768w, https:\/\/przylep.edu.pl\/przedszkole\/wp-content\/uploads\/2022\/06\/281564004_10227231193788947_713774814531050637_n-1536x1152.jpg 1536w, https:\/\/przylep.edu.pl\/przedszkole\/wp-content\/uploads\/2022\/06\/281564004_10227231193788947_713774814531050637_n-600x450.jpg 600w, https:\/\/przylep.edu.pl\/przedszkole\/wp-content\/uploads\/2022\/06\/281564004_10227231193788947_713774814531050637_n.jpg 2048w\" sizes=\"auto, (max-width: 1024px) 100vw, 1024px\" \/><\/figure>\n\n\n\n<figure class=\"wp-block-image size-large\"><img loading=\"lazy\" decoding=\"async\" width=\"768\" height=\"1024\" data-id=\"7458\" src=\"https:\/\/przylep.edu.pl\/przedszkole\/wp-content\/uploads\/2022\/06\/281591762_10227231190228858_5549320222131654545_n-768x1024.jpg\" alt=\"\" class=\"wp-image-7458\" srcset=\"https:\/\/przylep.edu.pl\/przedszkole\/wp-content\/uploads\/2022\/06\/281591762_10227231190228858_5549320222131654545_n-768x1024.jpg 768w, https:\/\/przylep.edu.pl\/przedszkole\/wp-content\/uploads\/2022\/06\/281591762_10227231190228858_5549320222131654545_n-225x300.jpg 225w, https:\/\/przylep.edu.pl\/przedszkole\/wp-content\/uploads\/2022\/06\/281591762_10227231190228858_5549320222131654545_n-1152x1536.jpg 1152w, https:\/\/przylep.edu.pl\/przedszkole\/wp-content\/uploads\/2022\/06\/281591762_10227231190228858_5549320222131654545_n.jpg 1536w\" sizes=\"auto, (max-width: 768px) 100vw, 768px\" \/><\/figure>\n\n\n\n<figure class=\"wp-block-image size-large\"><img loading=\"lazy\" decoding=\"async\" width=\"768\" height=\"1024\" data-id=\"7459\" src=\"https:\/\/przylep.edu.pl\/przedszkole\/wp-content\/uploads\/2022\/06\/281659820_10227231191188882_4745101877874897435_n-768x1024.jpg\" alt=\"\" class=\"wp-image-7459\" srcset=\"https:\/\/przylep.edu.pl\/przedszkole\/wp-content\/uploads\/2022\/06\/281659820_10227231191188882_4745101877874897435_n-768x1024.jpg 768w, https:\/\/przylep.edu.pl\/przedszkole\/wp-content\/uploads\/2022\/06\/281659820_10227231191188882_4745101877874897435_n-225x300.jpg 225w, https:\/\/przylep.edu.pl\/przedszkole\/wp-content\/uploads\/2022\/06\/281659820_10227231191188882_4745101877874897435_n-1152x1536.jpg 1152w, https:\/\/przylep.edu.pl\/przedszkole\/wp-content\/uploads\/2022\/06\/281659820_10227231191188882_4745101877874897435_n.jpg 1536w\" sizes=\"auto, (max-width: 768px) 100vw, 768px\" \/><\/figure>\n\n\n\n<figure class=\"wp-block-image size-large\"><img loading=\"lazy\" decoding=\"async\" width=\"768\" height=\"1024\" data-id=\"7454\" src=\"https:\/\/przylep.edu.pl\/przedszkole\/wp-content\/uploads\/2022\/06\/282017399_10227231194028953_6409839750099005090_n-768x1024.jpg\" alt=\"\" class=\"wp-image-7454\" srcset=\"https:\/\/przylep.edu.pl\/przedszkole\/wp-content\/uploads\/2022\/06\/282017399_10227231194028953_6409839750099005090_n-768x1024.jpg 768w, https:\/\/przylep.edu.pl\/przedszkole\/wp-content\/uploads\/2022\/06\/282017399_10227231194028953_6409839750099005090_n-225x300.jpg 225w, https:\/\/przylep.edu.pl\/przedszkole\/wp-content\/uploads\/2022\/06\/282017399_10227231194028953_6409839750099005090_n-1152x1536.jpg 1152w, https:\/\/przylep.edu.pl\/przedszkole\/wp-content\/uploads\/2022\/06\/282017399_10227231194028953_6409839750099005090_n.jpg 1536w\" sizes=\"auto, (max-width: 768px) 100vw, 768px\" \/><\/figure>\n\n\n\n<figure class=\"wp-block-image size-large\"><img loading=\"lazy\" decoding=\"async\" width=\"768\" height=\"1024\" data-id=\"7450\" src=\"https:\/\/przylep.edu.pl\/przedszkole\/wp-content\/uploads\/2022\/06\/282132405_10227231186348761_8546402337957865951_n-768x1024.jpg\" alt=\"\" class=\"wp-image-7450\" srcset=\"https:\/\/przylep.edu.pl\/przedszkole\/wp-content\/uploads\/2022\/06\/282132405_10227231186348761_8546402337957865951_n-768x1024.jpg 768w, https:\/\/przylep.edu.pl\/przedszkole\/wp-content\/uploads\/2022\/06\/282132405_10227231186348761_8546402337957865951_n-225x300.jpg 225w, https:\/\/przylep.edu.pl\/przedszkole\/wp-content\/uploads\/2022\/06\/282132405_10227231186348761_8546402337957865951_n-1152x1536.jpg 1152w, https:\/\/przylep.edu.pl\/przedszkole\/wp-content\/uploads\/2022\/06\/282132405_10227231186348761_8546402337957865951_n.jpg 1536w\" sizes=\"auto, (max-width: 768px) 100vw, 768px\" \/><\/figure>\n\n\n\n<figure class=\"wp-block-image size-large\"><img loading=\"lazy\" decoding=\"async\" width=\"1024\" height=\"768\" data-id=\"7452\" src=\"https:\/\/przylep.edu.pl\/przedszkole\/wp-content\/uploads\/2022\/06\/282133079_10227231188868824_1243833862559977203_n-1024x768.jpg\" alt=\"\" class=\"wp-image-7452\" srcset=\"https:\/\/przylep.edu.pl\/przedszkole\/wp-content\/uploads\/2022\/06\/282133079_10227231188868824_1243833862559977203_n-1024x768.jpg 1024w, https:\/\/przylep.edu.pl\/przedszkole\/wp-content\/uploads\/2022\/06\/282133079_10227231188868824_1243833862559977203_n-300x225.jpg 300w, https:\/\/przylep.edu.pl\/przedszkole\/wp-content\/uploads\/2022\/06\/282133079_10227231188868824_1243833862559977203_n-768x576.jpg 768w, https:\/\/przylep.edu.pl\/przedszkole\/wp-content\/uploads\/2022\/06\/282133079_10227231188868824_1243833862559977203_n-1536x1152.jpg 1536w, https:\/\/przylep.edu.pl\/przedszkole\/wp-content\/uploads\/2022\/06\/282133079_10227231188868824_1243833862559977203_n-600x450.jpg 600w, https:\/\/przylep.edu.pl\/przedszkole\/wp-content\/uploads\/2022\/06\/282133079_10227231188868824_1243833862559977203_n.jpg 2048w\" sizes=\"auto, (max-width: 1024px) 100vw, 1024px\" \/><\/figure>\n<\/figure>\n","protected":false},"excerpt":{"rendered":"<p>26 maja grupy Limonkowa i niebieska pojecha\u0142y na swoj\u0105 pierwsz\u0105 wycieczk\u0119. Celem wyjazdu by\u0142o &#8222;Wiejskie podw\u00f3rko&#8221; w Bobolinie. &nbsp;Na miejscu czeka\u0142o Nas mn\u00f3stwo atrakcji, dzieci mia\u0142y okazj\u0119 nakarmi\u0107 zwierz\u0119ta, wyprowadzi\u0107 alpaki na spacer, pog\u0142aska\u0107 kr\u00f3liki i kota sfinksa. Dowiedzieli\u015bmy si\u0119 r\u00f3wnie\u017c jak zachowywa\u0107 si\u0119, gdy spotkamy agresywnego psa. Wszyscy wr\u00f3cili\u015bmy zm\u0119czeni, ale bardzo zadowoleni. Ten [&hellip;]<\/p>\n","protected":false},"author":2,"featured_media":7460,"comment_status":"closed","ping_status":"open","sticky":false,"template":"","format":"standard","meta":{"footnotes":""},"categories":[45,41,40],"tags":[],"class_list":["post-7448","post","type-post","status-publish","format-standard","has-post-thumbnail","hentry","category-aktualnosci","category-galerie","category-strona-glowna"],"_links":{"self":[{"href":"https:\/\/przylep.edu.pl\/przedszkole\/wp-json\/wp\/v2\/posts\/7448","targetHints":{"allow":["GET"]}}],"collection":[{"href":"https:\/\/przylep.edu.pl\/przedszkole\/wp-json\/wp\/v2\/posts"}],"about":[{"href":"https:\/\/przylep.edu.pl\/przedszkole\/wp-json\/wp\/v2\/types\/post"}],"author":[{"embeddable":true,"href":"https:\/\/przylep.edu.pl\/przedszkole\/wp-json\/wp\/v2\/users\/2"}],"replies":[{"embeddable":true,"href":"https:\/\/przylep.edu.pl\/przedszkole\/wp-json\/wp\/v2\/comments?post=7448"}],"version-history":[{"count":2,"href":"https:\/\/przylep.edu.pl\/przedszkole\/wp-json\/wp\/v2\/posts\/7448\/revisions"}],"predecessor-version":[{"id":7462,"href":"https:\/\/przylep.edu.pl\/przedszkole\/wp-json\/wp\/v2\/posts\/7448\/revisions\/7462"}],"wp:featuredmedia":[{"embeddable":true,"href":"https:\/\/przylep.edu.pl\/przedszkole\/wp-json\/wp\/v2\/media\/7460"}],"wp:attachment":[{"href":"https:\/\/przylep.edu.pl\/przedszkole\/wp-json\/wp\/v2\/media?parent=7448"}],"wp:term":[{"taxonomy":"category","embeddable":true,"href":"https:\/\/przylep.edu.pl\/przedszkole\/wp-json\/wp\/v2\/categories?post=7448"},{"taxonomy":"post_tag","embeddable":true,"href":"https:\/\/przylep.edu.pl\/przedszkole\/wp-json\/wp\/v2\/tags?post=7448"}],"curies":[{"name":"wp","href":"https:\/\/api.w.org\/{rel}","templated":true}]}}