{"id":7420,"date":"2022-05-21T09:32:00","date_gmt":"2022-05-21T07:32:00","guid":{"rendered":"https:\/\/przylep.edu.pl\/przedszkole\/?p=7420"},"modified":"2022-05-28T09:38:47","modified_gmt":"2022-05-28T07:38:47","slug":"swiatowy-dzien-kosmosu","status":"publish","type":"post","link":"https:\/\/przylep.edu.pl\/przedszkole\/2022\/05\/21\/swiatowy-dzien-kosmosu\/","title":{"rendered":"\u015awiatowy dzie\u0144 kosmosu"},"content":{"rendered":"\n<p>20 maja w naszym przedszkolu obchodzili\u015bmy \u015awiatowy Dzie\u0144 Kosmosu. Dzieci wyruszy\u0142y na galaktyczn\u0105 podr\u00f3\u017c po planetach uk\u0142adu s\u0142onecznego. Przedszkolaki ogl\u0105da\u0142y ksi\u0105\u017cki, ilustracje, plakaty przedstawiaj\u0105ce uk\u0142ad s\u0142oneczny. Por\u00f3wnywa\u0142y i stara\u0142y si\u0119 zapami\u0119ta\u0107 wszystkie planety. Do\u015bwiadcza\u0142y, poznawa\u0142y, ale tak\u017ce uczy\u0142y si\u0119 poprzez zabaw\u0119. Dodatkowo wyruszy\u0142y na podb\u00f3j kosmosu rakiet\u0105, gdzie na ka\u017cdej planecie znajdowa\u0142a si\u0119 stacja, na kt\u00f3rej trzeba by\u0142o wykona\u0107 nieziemskie misje. Zadania plastyczne, ruchowe, muzyczne przypad\u0142y dzieciom do gustu, a u\u015bmiech i rado\u015b\u0107 zago\u015bci\u0142 na twarzach dzieci.<\/p>\n\n\n\n<figure class=\"wp-block-gallery has-nested-images columns-default is-cropped wp-block-gallery-1 is-layout-flex wp-block-gallery-is-layout-flex\">\n<figure class=\"wp-block-image size-large\"><img loading=\"lazy\" decoding=\"async\" width=\"960\" height=\"720\" data-id=\"7423\" src=\"https:\/\/przylep.edu.pl\/przedszkole\/wp-content\/uploads\/2022\/05\/281885089_1095712711342361_5077715691451962884_n.jpg\" alt=\"\" class=\"wp-image-7423\" srcset=\"https:\/\/przylep.edu.pl\/przedszkole\/wp-content\/uploads\/2022\/05\/281885089_1095712711342361_5077715691451962884_n.jpg 960w, https:\/\/przylep.edu.pl\/przedszkole\/wp-content\/uploads\/2022\/05\/281885089_1095712711342361_5077715691451962884_n-300x225.jpg 300w, https:\/\/przylep.edu.pl\/przedszkole\/wp-content\/uploads\/2022\/05\/281885089_1095712711342361_5077715691451962884_n-768x576.jpg 768w, https:\/\/przylep.edu.pl\/przedszkole\/wp-content\/uploads\/2022\/05\/281885089_1095712711342361_5077715691451962884_n-600x450.jpg 600w\" sizes=\"auto, (max-width: 960px) 100vw, 960px\" \/><\/figure>\n\n\n\n<figure class=\"wp-block-image size-large\"><img loading=\"lazy\" decoding=\"async\" width=\"1024\" height=\"577\" data-id=\"7427\" src=\"https:\/\/przylep.edu.pl\/przedszkole\/wp-content\/uploads\/2022\/05\/281942171_791154518521978_3083367345720503679_n-1024x577.jpg\" alt=\"\" class=\"wp-image-7427\" srcset=\"https:\/\/przylep.edu.pl\/przedszkole\/wp-content\/uploads\/2022\/05\/281942171_791154518521978_3083367345720503679_n-1024x577.jpg 1024w, https:\/\/przylep.edu.pl\/przedszkole\/wp-content\/uploads\/2022\/05\/281942171_791154518521978_3083367345720503679_n-300x169.jpg 300w, https:\/\/przylep.edu.pl\/przedszkole\/wp-content\/uploads\/2022\/05\/281942171_791154518521978_3083367345720503679_n-768x433.jpg 768w, https:\/\/przylep.edu.pl\/przedszkole\/wp-content\/uploads\/2022\/05\/281942171_791154518521978_3083367345720503679_n-1536x865.jpg 1536w, https:\/\/przylep.edu.pl\/przedszkole\/wp-content\/uploads\/2022\/05\/281942171_791154518521978_3083367345720503679_n-2048x1154.jpg 2048w\" sizes=\"auto, (max-width: 1024px) 100vw, 1024px\" \/><\/figure>\n\n\n\n<figure class=\"wp-block-image size-large\"><img loading=\"lazy\" decoding=\"async\" width=\"768\" height=\"1024\" data-id=\"7425\" src=\"https:\/\/przylep.edu.pl\/przedszkole\/wp-content\/uploads\/2022\/05\/282053248_1069028390625982_1686161809697115972_n-768x1024.jpg\" alt=\"\" class=\"wp-image-7425\" srcset=\"https:\/\/przylep.edu.pl\/przedszkole\/wp-content\/uploads\/2022\/05\/282053248_1069028390625982_1686161809697115972_n-768x1024.jpg 768w, https:\/\/przylep.edu.pl\/przedszkole\/wp-content\/uploads\/2022\/05\/282053248_1069028390625982_1686161809697115972_n-225x300.jpg 225w, https:\/\/przylep.edu.pl\/przedszkole\/wp-content\/uploads\/2022\/05\/282053248_1069028390625982_1686161809697115972_n-1152x1536.jpg 1152w, https:\/\/przylep.edu.pl\/przedszkole\/wp-content\/uploads\/2022\/05\/282053248_1069028390625982_1686161809697115972_n-1536x2048.jpg 1536w, https:\/\/przylep.edu.pl\/przedszkole\/wp-content\/uploads\/2022\/05\/282053248_1069028390625982_1686161809697115972_n-scaled.jpg 1920w\" sizes=\"auto, (max-width: 768px) 100vw, 768px\" \/><\/figure>\n\n\n\n<figure class=\"wp-block-image size-large\"><img loading=\"lazy\" decoding=\"async\" width=\"960\" height=\"720\" data-id=\"7421\" src=\"https:\/\/przylep.edu.pl\/przedszkole\/wp-content\/uploads\/2022\/05\/282164590_347981317432912_6680385560971401870_n.jpg\" alt=\"\" class=\"wp-image-7421\" srcset=\"https:\/\/przylep.edu.pl\/przedszkole\/wp-content\/uploads\/2022\/05\/282164590_347981317432912_6680385560971401870_n.jpg 960w, https:\/\/przylep.edu.pl\/przedszkole\/wp-content\/uploads\/2022\/05\/282164590_347981317432912_6680385560971401870_n-300x225.jpg 300w, https:\/\/przylep.edu.pl\/przedszkole\/wp-content\/uploads\/2022\/05\/282164590_347981317432912_6680385560971401870_n-768x576.jpg 768w, https:\/\/przylep.edu.pl\/przedszkole\/wp-content\/uploads\/2022\/05\/282164590_347981317432912_6680385560971401870_n-600x450.jpg 600w\" sizes=\"auto, (max-width: 960px) 100vw, 960px\" \/><\/figure>\n\n\n\n<figure class=\"wp-block-image size-large\"><img loading=\"lazy\" decoding=\"async\" width=\"960\" height=\"720\" data-id=\"7422\" src=\"https:\/\/przylep.edu.pl\/przedszkole\/wp-content\/uploads\/2022\/05\/282419519_1352234821925561_7032320279772213862_n.jpg\" alt=\"\" class=\"wp-image-7422\" srcset=\"https:\/\/przylep.edu.pl\/przedszkole\/wp-content\/uploads\/2022\/05\/282419519_1352234821925561_7032320279772213862_n.jpg 960w, https:\/\/przylep.edu.pl\/przedszkole\/wp-content\/uploads\/2022\/05\/282419519_1352234821925561_7032320279772213862_n-300x225.jpg 300w, https:\/\/przylep.edu.pl\/przedszkole\/wp-content\/uploads\/2022\/05\/282419519_1352234821925561_7032320279772213862_n-768x576.jpg 768w, https:\/\/przylep.edu.pl\/przedszkole\/wp-content\/uploads\/2022\/05\/282419519_1352234821925561_7032320279772213862_n-600x450.jpg 600w\" sizes=\"auto, (max-width: 960px) 100vw, 960px\" \/><\/figure>\n\n\n\n<figure class=\"wp-block-image size-large\"><img loading=\"lazy\" decoding=\"async\" width=\"960\" height=\"720\" data-id=\"7424\" src=\"https:\/\/przylep.edu.pl\/przedszkole\/wp-content\/uploads\/2022\/05\/283344852_1364162450677816_7950767642130897128_n.jpg\" alt=\"\" class=\"wp-image-7424\" srcset=\"https:\/\/przylep.edu.pl\/przedszkole\/wp-content\/uploads\/2022\/05\/283344852_1364162450677816_7950767642130897128_n.jpg 960w, https:\/\/przylep.edu.pl\/przedszkole\/wp-content\/uploads\/2022\/05\/283344852_1364162450677816_7950767642130897128_n-300x225.jpg 300w, https:\/\/przylep.edu.pl\/przedszkole\/wp-content\/uploads\/2022\/05\/283344852_1364162450677816_7950767642130897128_n-768x576.jpg 768w, https:\/\/przylep.edu.pl\/przedszkole\/wp-content\/uploads\/2022\/05\/283344852_1364162450677816_7950767642130897128_n-600x450.jpg 600w\" sizes=\"auto, (max-width: 960px) 100vw, 960px\" \/><\/figure>\n\n\n\n<figure class=\"wp-block-image size-large\"><img loading=\"lazy\" decoding=\"async\" width=\"577\" height=\"1024\" data-id=\"7426\" src=\"https:\/\/przylep.edu.pl\/przedszkole\/wp-content\/uploads\/2022\/05\/283377261_333749978883930_3438336549651930033_n-577x1024.jpg\" alt=\"\" class=\"wp-image-7426\" srcset=\"https:\/\/przylep.edu.pl\/przedszkole\/wp-content\/uploads\/2022\/05\/283377261_333749978883930_3438336549651930033_n-577x1024.jpg 577w, https:\/\/przylep.edu.pl\/przedszkole\/wp-content\/uploads\/2022\/05\/283377261_333749978883930_3438336549651930033_n-169x300.jpg 169w, https:\/\/przylep.edu.pl\/przedszkole\/wp-content\/uploads\/2022\/05\/283377261_333749978883930_3438336549651930033_n-768x1364.jpg 768w, https:\/\/przylep.edu.pl\/przedszkole\/wp-content\/uploads\/2022\/05\/283377261_333749978883930_3438336549651930033_n-865x1536.jpg 865w, https:\/\/przylep.edu.pl\/przedszkole\/wp-content\/uploads\/2022\/05\/283377261_333749978883930_3438336549651930033_n-1154x2048.jpg 1154w, https:\/\/przylep.edu.pl\/przedszkole\/wp-content\/uploads\/2022\/05\/283377261_333749978883930_3438336549651930033_n-scaled.jpg 1442w\" sizes=\"auto, (max-width: 577px) 100vw, 577px\" \/><\/figure>\n<\/figure>\n","protected":false},"excerpt":{"rendered":"<p>20 maja w naszym przedszkolu obchodzili\u015bmy \u015awiatowy Dzie\u0144 Kosmosu. Dzieci wyruszy\u0142y na galaktyczn\u0105 podr\u00f3\u017c po planetach uk\u0142adu s\u0142onecznego. Przedszkolaki ogl\u0105da\u0142y ksi\u0105\u017cki, ilustracje, plakaty przedstawiaj\u0105ce uk\u0142ad s\u0142oneczny. Por\u00f3wnywa\u0142y i stara\u0142y si\u0119 zapami\u0119ta\u0107 wszystkie planety. Do\u015bwiadcza\u0142y, poznawa\u0142y, ale tak\u017ce uczy\u0142y si\u0119 poprzez zabaw\u0119. Dodatkowo wyruszy\u0142y na podb\u00f3j kosmosu rakiet\u0105, gdzie na ka\u017cdej planecie znajdowa\u0142a si\u0119 stacja, na [&hellip;]<\/p>\n","protected":false},"author":2,"featured_media":7428,"comment_status":"closed","ping_status":"open","sticky":false,"template":"","format":"standard","meta":{"footnotes":""},"categories":[45,41,40],"tags":[],"class_list":["post-7420","post","type-post","status-publish","format-standard","has-post-thumbnail","hentry","category-aktualnosci","category-galerie","category-strona-glowna"],"_links":{"self":[{"href":"https:\/\/przylep.edu.pl\/przedszkole\/wp-json\/wp\/v2\/posts\/7420","targetHints":{"allow":["GET"]}}],"collection":[{"href":"https:\/\/przylep.edu.pl\/przedszkole\/wp-json\/wp\/v2\/posts"}],"about":[{"href":"https:\/\/przylep.edu.pl\/przedszkole\/wp-json\/wp\/v2\/types\/post"}],"author":[{"embeddable":true,"href":"https:\/\/przylep.edu.pl\/przedszkole\/wp-json\/wp\/v2\/users\/2"}],"replies":[{"embeddable":true,"href":"https:\/\/przylep.edu.pl\/przedszkole\/wp-json\/wp\/v2\/comments?post=7420"}],"version-history":[{"count":1,"href":"https:\/\/przylep.edu.pl\/przedszkole\/wp-json\/wp\/v2\/posts\/7420\/revisions"}],"predecessor-version":[{"id":7429,"href":"https:\/\/przylep.edu.pl\/przedszkole\/wp-json\/wp\/v2\/posts\/7420\/revisions\/7429"}],"wp:featuredmedia":[{"embeddable":true,"href":"https:\/\/przylep.edu.pl\/przedszkole\/wp-json\/wp\/v2\/media\/7428"}],"wp:attachment":[{"href":"https:\/\/przylep.edu.pl\/przedszkole\/wp-json\/wp\/v2\/media?parent=7420"}],"wp:term":[{"taxonomy":"category","embeddable":true,"href":"https:\/\/przylep.edu.pl\/przedszkole\/wp-json\/wp\/v2\/categories?post=7420"},{"taxonomy":"post_tag","embeddable":true,"href":"https:\/\/przylep.edu.pl\/przedszkole\/wp-json\/wp\/v2\/tags?post=7420"}],"curies":[{"name":"wp","href":"https:\/\/api.w.org\/{rel}","templated":true}]}}