{"id":7410,"date":"2022-05-16T21:06:00","date_gmt":"2022-05-16T19:06:00","guid":{"rendered":"https:\/\/przylep.edu.pl\/przedszkole\/?p=7410"},"modified":"2022-05-31T16:32:13","modified_gmt":"2022-05-31T14:32:13","slug":"dzien-tanca-z-klazna","status":"publish","type":"post","link":"https:\/\/przylep.edu.pl\/przedszkole\/2022\/05\/16\/dzien-tanca-z-klazna\/","title":{"rendered":"Dzie\u0144 Ta\u0144ca z Klanz\u0105"},"content":{"rendered":"\n<p>Dni Ta\u0144ca z Klanz\u0105 organizowane s\u0105 od 2008 roku, a ich inspiracj\u0105 jest obchodzony 15 maja Mi\u0119dzynarodowy Dzie\u0144 Rodziny. Spo\u0142eczno\u015b\u0107 naszej plac\u00f3wki spotka\u0142a si\u0119 16 maja, aby poda\u0107 sobie r\u0119ce i wsp\u00f3lnie zata\u0144czy\u0107 proste ta\u0144ce integracyjne i mile sp\u0119dzi\u0107 radosne chwile. By\u0142a to te\u017c okazja aby uczci\u0107 imieniny Zofii Zaorskiej &#8211; za\u0142o\u017cycielki i Honorowego Prezesa PSPiA KLANZA.<\/p>\n\n\n\n<figure class=\"wp-block-gallery has-nested-images columns-default is-cropped wp-block-gallery-1 is-layout-flex wp-block-gallery-is-layout-flex\">\n<figure class=\"wp-block-image size-large\"><img loading=\"lazy\" decoding=\"async\" width=\"1024\" height=\"435\" data-id=\"7411\" src=\"https:\/\/przylep.edu.pl\/przedszkole\/wp-content\/uploads\/2022\/05\/282843888_335002538707349_9218197149393260121_n-1024x435.jpg\" alt=\"\" class=\"wp-image-7411\" srcset=\"https:\/\/przylep.edu.pl\/przedszkole\/wp-content\/uploads\/2022\/05\/282843888_335002538707349_9218197149393260121_n-1024x435.jpg 1024w, https:\/\/przylep.edu.pl\/przedszkole\/wp-content\/uploads\/2022\/05\/282843888_335002538707349_9218197149393260121_n-300x127.jpg 300w, https:\/\/przylep.edu.pl\/przedszkole\/wp-content\/uploads\/2022\/05\/282843888_335002538707349_9218197149393260121_n-768x326.jpg 768w, https:\/\/przylep.edu.pl\/przedszkole\/wp-content\/uploads\/2022\/05\/282843888_335002538707349_9218197149393260121_n.jpg 1476w\" sizes=\"auto, (max-width: 1024px) 100vw, 1024px\" \/><\/figure>\n\n\n\n<figure class=\"wp-block-image size-large\"><img loading=\"lazy\" decoding=\"async\" width=\"1024\" height=\"768\" data-id=\"7416\" src=\"https:\/\/przylep.edu.pl\/przedszkole\/wp-content\/uploads\/2022\/05\/20220516_114847-1024x768.jpg\" alt=\"\" class=\"wp-image-7416\" srcset=\"https:\/\/przylep.edu.pl\/przedszkole\/wp-content\/uploads\/2022\/05\/20220516_114847-1024x768.jpg 1024w, https:\/\/przylep.edu.pl\/przedszkole\/wp-content\/uploads\/2022\/05\/20220516_114847-300x225.jpg 300w, https:\/\/przylep.edu.pl\/przedszkole\/wp-content\/uploads\/2022\/05\/20220516_114847-768x576.jpg 768w, https:\/\/przylep.edu.pl\/przedszkole\/wp-content\/uploads\/2022\/05\/20220516_114847-600x450.jpg 600w, https:\/\/przylep.edu.pl\/przedszkole\/wp-content\/uploads\/2022\/05\/20220516_114847.jpg 1219w\" sizes=\"auto, (max-width: 1024px) 100vw, 1024px\" \/><\/figure>\n\n\n\n<figure class=\"wp-block-image size-large\"><img loading=\"lazy\" decoding=\"async\" width=\"1024\" height=\"768\" data-id=\"7414\" src=\"https:\/\/przylep.edu.pl\/przedszkole\/wp-content\/uploads\/2022\/05\/20220516_115325-1024x768.jpg\" alt=\"\" class=\"wp-image-7414\" srcset=\"https:\/\/przylep.edu.pl\/przedszkole\/wp-content\/uploads\/2022\/05\/20220516_115325-1024x768.jpg 1024w, https:\/\/przylep.edu.pl\/przedszkole\/wp-content\/uploads\/2022\/05\/20220516_115325-300x225.jpg 300w, https:\/\/przylep.edu.pl\/przedszkole\/wp-content\/uploads\/2022\/05\/20220516_115325-768x576.jpg 768w, https:\/\/przylep.edu.pl\/przedszkole\/wp-content\/uploads\/2022\/05\/20220516_115325-600x450.jpg 600w, https:\/\/przylep.edu.pl\/przedszkole\/wp-content\/uploads\/2022\/05\/20220516_115325.jpg 1219w\" sizes=\"auto, (max-width: 1024px) 100vw, 1024px\" \/><\/figure>\n\n\n\n<figure class=\"wp-block-image size-large\"><img loading=\"lazy\" decoding=\"async\" width=\"1024\" height=\"768\" data-id=\"7412\" src=\"https:\/\/przylep.edu.pl\/przedszkole\/wp-content\/uploads\/2022\/05\/20220516_115551-1024x768.jpg\" alt=\"\" class=\"wp-image-7412\" srcset=\"https:\/\/przylep.edu.pl\/przedszkole\/wp-content\/uploads\/2022\/05\/20220516_115551-1024x768.jpg 1024w, https:\/\/przylep.edu.pl\/przedszkole\/wp-content\/uploads\/2022\/05\/20220516_115551-300x225.jpg 300w, https:\/\/przylep.edu.pl\/przedszkole\/wp-content\/uploads\/2022\/05\/20220516_115551-768x576.jpg 768w, https:\/\/przylep.edu.pl\/przedszkole\/wp-content\/uploads\/2022\/05\/20220516_115551-600x450.jpg 600w, https:\/\/przylep.edu.pl\/przedszkole\/wp-content\/uploads\/2022\/05\/20220516_115551.jpg 1219w\" sizes=\"auto, (max-width: 1024px) 100vw, 1024px\" \/><\/figure>\n\n\n\n<figure class=\"wp-block-image size-large\"><img loading=\"lazy\" decoding=\"async\" width=\"1024\" height=\"768\" data-id=\"7415\" src=\"https:\/\/przylep.edu.pl\/przedszkole\/wp-content\/uploads\/2022\/05\/20220516_115617-1024x768.jpg\" alt=\"\" class=\"wp-image-7415\" srcset=\"https:\/\/przylep.edu.pl\/przedszkole\/wp-content\/uploads\/2022\/05\/20220516_115617-1024x768.jpg 1024w, https:\/\/przylep.edu.pl\/przedszkole\/wp-content\/uploads\/2022\/05\/20220516_115617-300x225.jpg 300w, https:\/\/przylep.edu.pl\/przedszkole\/wp-content\/uploads\/2022\/05\/20220516_115617-768x576.jpg 768w, https:\/\/przylep.edu.pl\/przedszkole\/wp-content\/uploads\/2022\/05\/20220516_115617-600x450.jpg 600w, https:\/\/przylep.edu.pl\/przedszkole\/wp-content\/uploads\/2022\/05\/20220516_115617.jpg 1219w\" sizes=\"auto, (max-width: 1024px) 100vw, 1024px\" \/><\/figure>\n\n\n\n<figure class=\"wp-block-image size-large\"><img loading=\"lazy\" decoding=\"async\" width=\"1024\" height=\"768\" data-id=\"7413\" src=\"https:\/\/przylep.edu.pl\/przedszkole\/wp-content\/uploads\/2022\/05\/20220516_115701-1024x768.jpg\" alt=\"\" class=\"wp-image-7413\" srcset=\"https:\/\/przylep.edu.pl\/przedszkole\/wp-content\/uploads\/2022\/05\/20220516_115701-1024x768.jpg 1024w, https:\/\/przylep.edu.pl\/przedszkole\/wp-content\/uploads\/2022\/05\/20220516_115701-300x225.jpg 300w, https:\/\/przylep.edu.pl\/przedszkole\/wp-content\/uploads\/2022\/05\/20220516_115701-768x576.jpg 768w, https:\/\/przylep.edu.pl\/przedszkole\/wp-content\/uploads\/2022\/05\/20220516_115701-600x450.jpg 600w, https:\/\/przylep.edu.pl\/przedszkole\/wp-content\/uploads\/2022\/05\/20220516_115701.jpg 1219w\" sizes=\"auto, (max-width: 1024px) 100vw, 1024px\" \/><\/figure>\n\n\n\n<figure class=\"wp-block-image size-large\"><img loading=\"lazy\" decoding=\"async\" width=\"1024\" height=\"435\" data-id=\"7417\" src=\"https:\/\/przylep.edu.pl\/przedszkole\/wp-content\/uploads\/2022\/05\/282843888_335002538707349_9218197149393260121_n-1-1024x435.jpg\" alt=\"\" class=\"wp-image-7417\" srcset=\"https:\/\/przylep.edu.pl\/przedszkole\/wp-content\/uploads\/2022\/05\/282843888_335002538707349_9218197149393260121_n-1-1024x435.jpg 1024w, https:\/\/przylep.edu.pl\/przedszkole\/wp-content\/uploads\/2022\/05\/282843888_335002538707349_9218197149393260121_n-1-300x127.jpg 300w, https:\/\/przylep.edu.pl\/przedszkole\/wp-content\/uploads\/2022\/05\/282843888_335002538707349_9218197149393260121_n-1-768x326.jpg 768w, https:\/\/przylep.edu.pl\/przedszkole\/wp-content\/uploads\/2022\/05\/282843888_335002538707349_9218197149393260121_n-1.jpg 1476w\" sizes=\"auto, (max-width: 1024px) 100vw, 1024px\" \/><\/figure>\n<\/figure>\n","protected":false},"excerpt":{"rendered":"<p>Dni Ta\u0144ca z Klanz\u0105 organizowane s\u0105 od 2008 roku, a ich inspiracj\u0105 jest obchodzony 15 maja Mi\u0119dzynarodowy Dzie\u0144 Rodziny. Spo\u0142eczno\u015b\u0107 naszej plac\u00f3wki spotka\u0142a si\u0119 16 maja, aby poda\u0107 sobie r\u0119ce i wsp\u00f3lnie zata\u0144czy\u0107 proste ta\u0144ce integracyjne i mile sp\u0119dzi\u0107 radosne chwile. By\u0142a to te\u017c okazja aby uczci\u0107 imieniny Zofii Zaorskiej &#8211; za\u0142o\u017cycielki i Honorowego Prezesa [&hellip;]<\/p>\n","protected":false},"author":2,"featured_media":7418,"comment_status":"closed","ping_status":"open","sticky":false,"template":"","format":"standard","meta":{"footnotes":""},"categories":[45,41,40],"tags":[],"class_list":["post-7410","post","type-post","status-publish","format-standard","has-post-thumbnail","hentry","category-aktualnosci","category-galerie","category-strona-glowna"],"_links":{"self":[{"href":"https:\/\/przylep.edu.pl\/przedszkole\/wp-json\/wp\/v2\/posts\/7410","targetHints":{"allow":["GET"]}}],"collection":[{"href":"https:\/\/przylep.edu.pl\/przedszkole\/wp-json\/wp\/v2\/posts"}],"about":[{"href":"https:\/\/przylep.edu.pl\/przedszkole\/wp-json\/wp\/v2\/types\/post"}],"author":[{"embeddable":true,"href":"https:\/\/przylep.edu.pl\/przedszkole\/wp-json\/wp\/v2\/users\/2"}],"replies":[{"embeddable":true,"href":"https:\/\/przylep.edu.pl\/przedszkole\/wp-json\/wp\/v2\/comments?post=7410"}],"version-history":[{"count":2,"href":"https:\/\/przylep.edu.pl\/przedszkole\/wp-json\/wp\/v2\/posts\/7410\/revisions"}],"predecessor-version":[{"id":7447,"href":"https:\/\/przylep.edu.pl\/przedszkole\/wp-json\/wp\/v2\/posts\/7410\/revisions\/7447"}],"wp:featuredmedia":[{"embeddable":true,"href":"https:\/\/przylep.edu.pl\/przedszkole\/wp-json\/wp\/v2\/media\/7418"}],"wp:attachment":[{"href":"https:\/\/przylep.edu.pl\/przedszkole\/wp-json\/wp\/v2\/media?parent=7410"}],"wp:term":[{"taxonomy":"category","embeddable":true,"href":"https:\/\/przylep.edu.pl\/przedszkole\/wp-json\/wp\/v2\/categories?post=7410"},{"taxonomy":"post_tag","embeddable":true,"href":"https:\/\/przylep.edu.pl\/przedszkole\/wp-json\/wp\/v2\/tags?post=7410"}],"curies":[{"name":"wp","href":"https:\/\/api.w.org\/{rel}","templated":true}]}}