{"id":7380,"date":"2022-05-17T19:45:00","date_gmt":"2022-05-17T17:45:00","guid":{"rendered":"https:\/\/przylep.edu.pl\/przedszkole\/?p=7380"},"modified":"2022-05-22T19:53:06","modified_gmt":"2022-05-22T17:53:06","slug":"slodkie-lizaki-w-drugiej-klasie","status":"publish","type":"post","link":"https:\/\/przylep.edu.pl\/przedszkole\/2022\/05\/17\/slodkie-lizaki-w-drugiej-klasie\/","title":{"rendered":"S\u0142odkie lizaki w drugiej klasie&#8230;"},"content":{"rendered":"\n<p>We wtorek 17.05.2022 dzieci z klasy drugiej pojecha\u0142y komunikacj\u0105 miejsk\u0105 na warsztaty w Tw\u00f3rczej Cytrynce Szczeci\u0144skiej Manufakturze z Pomys\u0142em. Dzieci mog\u0142y samodzielnie zaprojektowa\u0107 i wykona\u0107 lizaki z naturalnych sk\u0142adnik\u00f3w. Zar\u00f3wno jazda tramwajem, autobusem, spacer ulicami Szczecina jak r\u00f3wnie\u017c wykonanie w\u0142asnor\u0119cznie lizak\u00f3w sprawi\u0142y dzieciom wielkie prze\u017cycie, zabaw\u0119 jak i \u015bwietn\u0105 frajd\u0119.<\/p>\n\n\n\n<figure class=\"wp-block-gallery columns-3 is-cropped wp-block-gallery-1 is-layout-flex wp-block-gallery-is-layout-flex\"><ul class=\"blocks-gallery-grid\"><li class=\"blocks-gallery-item\"><figure><img loading=\"lazy\" decoding=\"async\" width=\"492\" height=\"1024\" src=\"https:\/\/przylep.edu.pl\/przedszkole\/wp-content\/uploads\/2022\/05\/280577428_678801830105700_2735105177272545534_n-492x1024.jpg\" alt=\"\" data-id=\"7381\" data-full-url=\"https:\/\/przylep.edu.pl\/przedszkole\/wp-content\/uploads\/2022\/05\/280577428_678801830105700_2735105177272545534_n-scaled.jpg\" data-link=\"https:\/\/przylep.edu.pl\/przedszkole\/?attachment_id=7381\" class=\"wp-image-7381\" srcset=\"https:\/\/przylep.edu.pl\/przedszkole\/wp-content\/uploads\/2022\/05\/280577428_678801830105700_2735105177272545534_n-492x1024.jpg 492w, https:\/\/przylep.edu.pl\/przedszkole\/wp-content\/uploads\/2022\/05\/280577428_678801830105700_2735105177272545534_n-144x300.jpg 144w, https:\/\/przylep.edu.pl\/przedszkole\/wp-content\/uploads\/2022\/05\/280577428_678801830105700_2735105177272545534_n-768x1597.jpg 768w, https:\/\/przylep.edu.pl\/przedszkole\/wp-content\/uploads\/2022\/05\/280577428_678801830105700_2735105177272545534_n-738x1536.jpg 738w, https:\/\/przylep.edu.pl\/przedszkole\/wp-content\/uploads\/2022\/05\/280577428_678801830105700_2735105177272545534_n-985x2048.jpg 985w, https:\/\/przylep.edu.pl\/przedszkole\/wp-content\/uploads\/2022\/05\/280577428_678801830105700_2735105177272545534_n-scaled.jpg 1231w\" sizes=\"auto, (max-width: 492px) 100vw, 492px\" \/><\/figure><\/li><li class=\"blocks-gallery-item\"><figure><img loading=\"lazy\" decoding=\"async\" width=\"1024\" height=\"768\" src=\"https:\/\/przylep.edu.pl\/przedszkole\/wp-content\/uploads\/2022\/05\/280640648_1240828439784766_648273823286121755_n-1024x768.jpg\" alt=\"\" data-id=\"7382\" data-full-url=\"https:\/\/przylep.edu.pl\/przedszkole\/wp-content\/uploads\/2022\/05\/280640648_1240828439784766_648273823286121755_n-scaled.jpg\" data-link=\"https:\/\/przylep.edu.pl\/przedszkole\/?attachment_id=7382\" class=\"wp-image-7382\" srcset=\"https:\/\/przylep.edu.pl\/przedszkole\/wp-content\/uploads\/2022\/05\/280640648_1240828439784766_648273823286121755_n-1024x768.jpg 1024w, https:\/\/przylep.edu.pl\/przedszkole\/wp-content\/uploads\/2022\/05\/280640648_1240828439784766_648273823286121755_n-300x225.jpg 300w, https:\/\/przylep.edu.pl\/przedszkole\/wp-content\/uploads\/2022\/05\/280640648_1240828439784766_648273823286121755_n-768x576.jpg 768w, https:\/\/przylep.edu.pl\/przedszkole\/wp-content\/uploads\/2022\/05\/280640648_1240828439784766_648273823286121755_n-1536x1152.jpg 1536w, https:\/\/przylep.edu.pl\/przedszkole\/wp-content\/uploads\/2022\/05\/280640648_1240828439784766_648273823286121755_n-2048x1536.jpg 2048w, https:\/\/przylep.edu.pl\/przedszkole\/wp-content\/uploads\/2022\/05\/280640648_1240828439784766_648273823286121755_n-600x450.jpg 600w\" sizes=\"auto, (max-width: 1024px) 100vw, 1024px\" \/><\/figure><\/li><li class=\"blocks-gallery-item\"><figure><img loading=\"lazy\" decoding=\"async\" width=\"1024\" height=\"492\" src=\"https:\/\/przylep.edu.pl\/przedszkole\/wp-content\/uploads\/2022\/05\/280726511_546053130502304_8827609752696460266_n-1024x492.jpg\" alt=\"\" data-id=\"7383\" data-full-url=\"https:\/\/przylep.edu.pl\/przedszkole\/wp-content\/uploads\/2022\/05\/280726511_546053130502304_8827609752696460266_n-scaled.jpg\" data-link=\"https:\/\/przylep.edu.pl\/przedszkole\/?attachment_id=7383\" class=\"wp-image-7383\" srcset=\"https:\/\/przylep.edu.pl\/przedszkole\/wp-content\/uploads\/2022\/05\/280726511_546053130502304_8827609752696460266_n-1024x492.jpg 1024w, https:\/\/przylep.edu.pl\/przedszkole\/wp-content\/uploads\/2022\/05\/280726511_546053130502304_8827609752696460266_n-300x144.jpg 300w, https:\/\/przylep.edu.pl\/przedszkole\/wp-content\/uploads\/2022\/05\/280726511_546053130502304_8827609752696460266_n-768x369.jpg 768w, https:\/\/przylep.edu.pl\/przedszkole\/wp-content\/uploads\/2022\/05\/280726511_546053130502304_8827609752696460266_n-1536x738.jpg 1536w, https:\/\/przylep.edu.pl\/przedszkole\/wp-content\/uploads\/2022\/05\/280726511_546053130502304_8827609752696460266_n-2048x985.jpg 2048w\" sizes=\"auto, (max-width: 1024px) 100vw, 1024px\" \/><\/figure><\/li><li class=\"blocks-gallery-item\"><figure><img loading=\"lazy\" decoding=\"async\" width=\"492\" height=\"1024\" src=\"https:\/\/przylep.edu.pl\/przedszkole\/wp-content\/uploads\/2022\/05\/280734407_1327310097764751_6583089293536702466_n-492x1024.jpg\" alt=\"\" data-id=\"7384\" data-full-url=\"https:\/\/przylep.edu.pl\/przedszkole\/wp-content\/uploads\/2022\/05\/280734407_1327310097764751_6583089293536702466_n-scaled.jpg\" data-link=\"https:\/\/przylep.edu.pl\/przedszkole\/?attachment_id=7384\" class=\"wp-image-7384\" srcset=\"https:\/\/przylep.edu.pl\/przedszkole\/wp-content\/uploads\/2022\/05\/280734407_1327310097764751_6583089293536702466_n-492x1024.jpg 492w, https:\/\/przylep.edu.pl\/przedszkole\/wp-content\/uploads\/2022\/05\/280734407_1327310097764751_6583089293536702466_n-144x300.jpg 144w, https:\/\/przylep.edu.pl\/przedszkole\/wp-content\/uploads\/2022\/05\/280734407_1327310097764751_6583089293536702466_n-768x1597.jpg 768w, https:\/\/przylep.edu.pl\/przedszkole\/wp-content\/uploads\/2022\/05\/280734407_1327310097764751_6583089293536702466_n-738x1536.jpg 738w, https:\/\/przylep.edu.pl\/przedszkole\/wp-content\/uploads\/2022\/05\/280734407_1327310097764751_6583089293536702466_n-985x2048.jpg 985w, https:\/\/przylep.edu.pl\/przedszkole\/wp-content\/uploads\/2022\/05\/280734407_1327310097764751_6583089293536702466_n-scaled.jpg 1231w\" sizes=\"auto, (max-width: 492px) 100vw, 492px\" \/><\/figure><\/li><li class=\"blocks-gallery-item\"><figure><img loading=\"lazy\" decoding=\"async\" width=\"768\" height=\"1024\" src=\"https:\/\/przylep.edu.pl\/przedszkole\/wp-content\/uploads\/2022\/05\/280966618_409973667640564_5307929557234401739_n-768x1024.jpg\" alt=\"\" data-id=\"7385\" data-full-url=\"https:\/\/przylep.edu.pl\/przedszkole\/wp-content\/uploads\/2022\/05\/280966618_409973667640564_5307929557234401739_n-scaled.jpg\" data-link=\"https:\/\/przylep.edu.pl\/przedszkole\/?attachment_id=7385\" class=\"wp-image-7385\" srcset=\"https:\/\/przylep.edu.pl\/przedszkole\/wp-content\/uploads\/2022\/05\/280966618_409973667640564_5307929557234401739_n-768x1024.jpg 768w, https:\/\/przylep.edu.pl\/przedszkole\/wp-content\/uploads\/2022\/05\/280966618_409973667640564_5307929557234401739_n-225x300.jpg 225w, https:\/\/przylep.edu.pl\/przedszkole\/wp-content\/uploads\/2022\/05\/280966618_409973667640564_5307929557234401739_n-1152x1536.jpg 1152w, https:\/\/przylep.edu.pl\/przedszkole\/wp-content\/uploads\/2022\/05\/280966618_409973667640564_5307929557234401739_n-1536x2048.jpg 1536w, https:\/\/przylep.edu.pl\/przedszkole\/wp-content\/uploads\/2022\/05\/280966618_409973667640564_5307929557234401739_n-scaled.jpg 1920w\" sizes=\"auto, (max-width: 768px) 100vw, 768px\" \/><\/figure><\/li><li class=\"blocks-gallery-item\"><figure><img loading=\"lazy\" decoding=\"async\" width=\"492\" height=\"1024\" src=\"https:\/\/przylep.edu.pl\/przedszkole\/wp-content\/uploads\/2022\/05\/281572154_552764462886514_2446391171760364020_n-492x1024.jpg\" alt=\"\" data-id=\"7386\" data-full-url=\"https:\/\/przylep.edu.pl\/przedszkole\/wp-content\/uploads\/2022\/05\/281572154_552764462886514_2446391171760364020_n-scaled.jpg\" data-link=\"https:\/\/przylep.edu.pl\/przedszkole\/?attachment_id=7386\" class=\"wp-image-7386\" srcset=\"https:\/\/przylep.edu.pl\/przedszkole\/wp-content\/uploads\/2022\/05\/281572154_552764462886514_2446391171760364020_n-492x1024.jpg 492w, https:\/\/przylep.edu.pl\/przedszkole\/wp-content\/uploads\/2022\/05\/281572154_552764462886514_2446391171760364020_n-144x300.jpg 144w, https:\/\/przylep.edu.pl\/przedszkole\/wp-content\/uploads\/2022\/05\/281572154_552764462886514_2446391171760364020_n-768x1597.jpg 768w, https:\/\/przylep.edu.pl\/przedszkole\/wp-content\/uploads\/2022\/05\/281572154_552764462886514_2446391171760364020_n-738x1536.jpg 738w, https:\/\/przylep.edu.pl\/przedszkole\/wp-content\/uploads\/2022\/05\/281572154_552764462886514_2446391171760364020_n-985x2048.jpg 985w, https:\/\/przylep.edu.pl\/przedszkole\/wp-content\/uploads\/2022\/05\/281572154_552764462886514_2446391171760364020_n-scaled.jpg 1231w\" sizes=\"auto, (max-width: 492px) 100vw, 492px\" \/><\/figure><\/li><\/ul><\/figure>\n","protected":false},"excerpt":{"rendered":"<p>We wtorek 17.05.2022 dzieci z klasy drugiej pojecha\u0142y komunikacj\u0105 miejsk\u0105 na warsztaty w Tw\u00f3rczej Cytrynce Szczeci\u0144skiej Manufakturze z Pomys\u0142em. Dzieci mog\u0142y samodzielnie zaprojektowa\u0107 i wykona\u0107 lizaki z naturalnych sk\u0142adnik\u00f3w. Zar\u00f3wno jazda tramwajem, autobusem, spacer ulicami Szczecina jak r\u00f3wnie\u017c wykonanie w\u0142asnor\u0119cznie lizak\u00f3w sprawi\u0142y dzieciom wielkie prze\u017cycie, zabaw\u0119 jak i \u015bwietn\u0105 frajd\u0119.<\/p>\n","protected":false},"author":2,"featured_media":7387,"comment_status":"closed","ping_status":"open","sticky":false,"template":"","format":"standard","meta":{"footnotes":""},"categories":[45,40],"tags":[],"class_list":["post-7380","post","type-post","status-publish","format-standard","has-post-thumbnail","hentry","category-aktualnosci","category-strona-glowna"],"_links":{"self":[{"href":"https:\/\/przylep.edu.pl\/przedszkole\/wp-json\/wp\/v2\/posts\/7380","targetHints":{"allow":["GET"]}}],"collection":[{"href":"https:\/\/przylep.edu.pl\/przedszkole\/wp-json\/wp\/v2\/posts"}],"about":[{"href":"https:\/\/przylep.edu.pl\/przedszkole\/wp-json\/wp\/v2\/types\/post"}],"author":[{"embeddable":true,"href":"https:\/\/przylep.edu.pl\/przedszkole\/wp-json\/wp\/v2\/users\/2"}],"replies":[{"embeddable":true,"href":"https:\/\/przylep.edu.pl\/przedszkole\/wp-json\/wp\/v2\/comments?post=7380"}],"version-history":[{"count":1,"href":"https:\/\/przylep.edu.pl\/przedszkole\/wp-json\/wp\/v2\/posts\/7380\/revisions"}],"predecessor-version":[{"id":7388,"href":"https:\/\/przylep.edu.pl\/przedszkole\/wp-json\/wp\/v2\/posts\/7380\/revisions\/7388"}],"wp:featuredmedia":[{"embeddable":true,"href":"https:\/\/przylep.edu.pl\/przedszkole\/wp-json\/wp\/v2\/media\/7387"}],"wp:attachment":[{"href":"https:\/\/przylep.edu.pl\/przedszkole\/wp-json\/wp\/v2\/media?parent=7380"}],"wp:term":[{"taxonomy":"category","embeddable":true,"href":"https:\/\/przylep.edu.pl\/przedszkole\/wp-json\/wp\/v2\/categories?post=7380"},{"taxonomy":"post_tag","embeddable":true,"href":"https:\/\/przylep.edu.pl\/przedszkole\/wp-json\/wp\/v2\/tags?post=7380"}],"curies":[{"name":"wp","href":"https:\/\/api.w.org\/{rel}","templated":true}]}}