{"id":7319,"date":"2022-05-04T20:35:38","date_gmt":"2022-05-04T18:35:38","guid":{"rendered":"https:\/\/przylep.edu.pl\/przedszkole\/?p=7319"},"modified":"2022-05-04T20:40:09","modified_gmt":"2022-05-04T18:40:09","slug":"bialo-czerwony-przylep","status":"publish","type":"post","link":"https:\/\/przylep.edu.pl\/przedszkole\/2022\/05\/04\/bialo-czerwony-przylep\/","title":{"rendered":"Bia\u0142o-czerwony Przylep"},"content":{"rendered":"\n<p>9 kwietnia 2022 r., wszystkie dzieci z Zespo\u0142u Szkolno \u2013 Przedszkolnego, pi\u0119knie ubrane w galowe stroje, z flagami bia\u0142o \u2013 czerwonymi, spotka\u0142y si\u0119 w auli z okazji uroczysto\u015bci dotycz\u0105cych Majowych \u015awi\u0105t. Gospodarzem tego wydarzenia by\u0142a klasa pierwsza, kt\u00f3ra pod czujnym okiem p. Renaty Kaczkowskiej, przygotowa\u0142a przedstawienie, podczas kt\u00f3rego wykorzystane zosta\u0142y patriotyczne wiersze i piosenki. Dzieci dowiedzia\u0142y si\u0119, dlaczego 1 maja praca ma swoje \u015bwi\u0119to, dlaczego na polskiej fladze jest biel i czerwie\u0144 oraz co to jest konstytucja i dlaczego jest taka wa\u017cna dla Polak\u00f3w? Mali aktorzy, podczas swoich wypowiedzi, szukali odpowiedzi na pytanie: Co to znaczy by\u0107 dobrym Polakiem? I po takiej dawce wiedzy, ka\u017cdy w naszej plac\u00f3wce wie, dlaczego \u015bwi\u0119ta majowe s\u0105 tak wa\u017cne dla Polak\u00f3w.<\/p>\n\n\n\n<figure class=\"wp-block-gallery columns-3 is-cropped wp-block-gallery-1 is-layout-flex wp-block-gallery-is-layout-flex\"><ul class=\"blocks-gallery-grid\"><li class=\"blocks-gallery-item\"><figure><img loading=\"lazy\" decoding=\"async\" width=\"1024\" height=\"768\" src=\"https:\/\/przylep.edu.pl\/przedszkole\/wp-content\/uploads\/2022\/05\/279035475_1177474963026001_6138041247478568978_n-1024x768.jpg\" alt=\"\" data-id=\"7351\" data-full-url=\"https:\/\/przylep.edu.pl\/przedszkole\/wp-content\/uploads\/2022\/05\/279035475_1177474963026001_6138041247478568978_n.jpg\" data-link=\"https:\/\/przylep.edu.pl\/przedszkole\/?attachment_id=7351\" class=\"wp-image-7351\" srcset=\"https:\/\/przylep.edu.pl\/przedszkole\/wp-content\/uploads\/2022\/05\/279035475_1177474963026001_6138041247478568978_n-1024x768.jpg 1024w, https:\/\/przylep.edu.pl\/przedszkole\/wp-content\/uploads\/2022\/05\/279035475_1177474963026001_6138041247478568978_n-300x225.jpg 300w, https:\/\/przylep.edu.pl\/przedszkole\/wp-content\/uploads\/2022\/05\/279035475_1177474963026001_6138041247478568978_n-768x576.jpg 768w, https:\/\/przylep.edu.pl\/przedszkole\/wp-content\/uploads\/2022\/05\/279035475_1177474963026001_6138041247478568978_n-600x450.jpg 600w, https:\/\/przylep.edu.pl\/przedszkole\/wp-content\/uploads\/2022\/05\/279035475_1177474963026001_6138041247478568978_n.jpg 1125w\" sizes=\"auto, (max-width: 1024px) 100vw, 1024px\" \/><\/figure><\/li><li class=\"blocks-gallery-item\"><figure><img loading=\"lazy\" decoding=\"async\" width=\"768\" height=\"1024\" src=\"https:\/\/przylep.edu.pl\/przedszkole\/wp-content\/uploads\/2022\/05\/279101125_467870335140306_6709970410751915117_n-768x1024.jpg\" alt=\"\" data-id=\"7352\" data-full-url=\"https:\/\/przylep.edu.pl\/przedszkole\/wp-content\/uploads\/2022\/05\/279101125_467870335140306_6709970410751915117_n.jpg\" data-link=\"https:\/\/przylep.edu.pl\/przedszkole\/?attachment_id=7352\" class=\"wp-image-7352\" srcset=\"https:\/\/przylep.edu.pl\/przedszkole\/wp-content\/uploads\/2022\/05\/279101125_467870335140306_6709970410751915117_n-768x1024.jpg 768w, https:\/\/przylep.edu.pl\/przedszkole\/wp-content\/uploads\/2022\/05\/279101125_467870335140306_6709970410751915117_n-225x300.jpg 225w, https:\/\/przylep.edu.pl\/przedszkole\/wp-content\/uploads\/2022\/05\/279101125_467870335140306_6709970410751915117_n.jpg 1125w\" sizes=\"auto, (max-width: 768px) 100vw, 768px\" \/><\/figure><\/li><li class=\"blocks-gallery-item\"><figure><img loading=\"lazy\" decoding=\"async\" width=\"1024\" height=\"768\" src=\"https:\/\/przylep.edu.pl\/przedszkole\/wp-content\/uploads\/2022\/05\/279139434_766312097867730_6790569960094635481_n-1024x768.jpg\" alt=\"\" data-id=\"7353\" data-full-url=\"https:\/\/przylep.edu.pl\/przedszkole\/wp-content\/uploads\/2022\/05\/279139434_766312097867730_6790569960094635481_n.jpg\" data-link=\"https:\/\/przylep.edu.pl\/przedszkole\/?attachment_id=7353\" class=\"wp-image-7353\" srcset=\"https:\/\/przylep.edu.pl\/przedszkole\/wp-content\/uploads\/2022\/05\/279139434_766312097867730_6790569960094635481_n-1024x768.jpg 1024w, https:\/\/przylep.edu.pl\/przedszkole\/wp-content\/uploads\/2022\/05\/279139434_766312097867730_6790569960094635481_n-300x225.jpg 300w, https:\/\/przylep.edu.pl\/przedszkole\/wp-content\/uploads\/2022\/05\/279139434_766312097867730_6790569960094635481_n-768x576.jpg 768w, https:\/\/przylep.edu.pl\/przedszkole\/wp-content\/uploads\/2022\/05\/279139434_766312097867730_6790569960094635481_n-600x450.jpg 600w, https:\/\/przylep.edu.pl\/przedszkole\/wp-content\/uploads\/2022\/05\/279139434_766312097867730_6790569960094635481_n.jpg 1125w\" sizes=\"auto, (max-width: 1024px) 100vw, 1024px\" \/><\/figure><\/li><li class=\"blocks-gallery-item\"><figure><img loading=\"lazy\" decoding=\"async\" width=\"1024\" height=\"577\" src=\"https:\/\/przylep.edu.pl\/przedszkole\/wp-content\/uploads\/2022\/05\/279236936_780524019596775_7996197285748594326_n-1024x577.jpg\" alt=\"\" data-id=\"7354\" data-full-url=\"https:\/\/przylep.edu.pl\/przedszkole\/wp-content\/uploads\/2022\/05\/279236936_780524019596775_7996197285748594326_n.jpg\" data-link=\"https:\/\/przylep.edu.pl\/przedszkole\/?attachment_id=7354\" class=\"wp-image-7354\" srcset=\"https:\/\/przylep.edu.pl\/przedszkole\/wp-content\/uploads\/2022\/05\/279236936_780524019596775_7996197285748594326_n-1024x577.jpg 1024w, https:\/\/przylep.edu.pl\/przedszkole\/wp-content\/uploads\/2022\/05\/279236936_780524019596775_7996197285748594326_n-300x169.jpg 300w, https:\/\/przylep.edu.pl\/przedszkole\/wp-content\/uploads\/2022\/05\/279236936_780524019596775_7996197285748594326_n-768x433.jpg 768w, https:\/\/przylep.edu.pl\/przedszkole\/wp-content\/uploads\/2022\/05\/279236936_780524019596775_7996197285748594326_n-1536x865.jpg 1536w, https:\/\/przylep.edu.pl\/przedszkole\/wp-content\/uploads\/2022\/05\/279236936_780524019596775_7996197285748594326_n.jpg 1734w\" sizes=\"auto, (max-width: 1024px) 100vw, 1024px\" \/><\/figure><\/li><li class=\"blocks-gallery-item\"><figure><img loading=\"lazy\" decoding=\"async\" width=\"1024\" height=\"577\" src=\"https:\/\/przylep.edu.pl\/przedszkole\/wp-content\/uploads\/2022\/05\/279341862_1474293339680258_101627713901736361_n-1024x577.jpg\" alt=\"\" data-id=\"7355\" data-full-url=\"https:\/\/przylep.edu.pl\/przedszkole\/wp-content\/uploads\/2022\/05\/279341862_1474293339680258_101627713901736361_n.jpg\" data-link=\"https:\/\/przylep.edu.pl\/przedszkole\/?attachment_id=7355\" class=\"wp-image-7355\" srcset=\"https:\/\/przylep.edu.pl\/przedszkole\/wp-content\/uploads\/2022\/05\/279341862_1474293339680258_101627713901736361_n-1024x577.jpg 1024w, https:\/\/przylep.edu.pl\/przedszkole\/wp-content\/uploads\/2022\/05\/279341862_1474293339680258_101627713901736361_n-300x169.jpg 300w, https:\/\/przylep.edu.pl\/przedszkole\/wp-content\/uploads\/2022\/05\/279341862_1474293339680258_101627713901736361_n-768x433.jpg 768w, https:\/\/przylep.edu.pl\/przedszkole\/wp-content\/uploads\/2022\/05\/279341862_1474293339680258_101627713901736361_n-1536x865.jpg 1536w, https:\/\/przylep.edu.pl\/przedszkole\/wp-content\/uploads\/2022\/05\/279341862_1474293339680258_101627713901736361_n.jpg 1734w\" sizes=\"auto, (max-width: 1024px) 100vw, 1024px\" \/><\/figure><\/li><li class=\"blocks-gallery-item\"><figure><img loading=\"lazy\" decoding=\"async\" width=\"1024\" height=\"577\" src=\"https:\/\/przylep.edu.pl\/przedszkole\/wp-content\/uploads\/2022\/05\/279341868_743154733359902_1671203144244168546_n-1024x577.jpg\" alt=\"\" data-id=\"7356\" data-full-url=\"https:\/\/przylep.edu.pl\/przedszkole\/wp-content\/uploads\/2022\/05\/279341868_743154733359902_1671203144244168546_n.jpg\" data-link=\"https:\/\/przylep.edu.pl\/przedszkole\/?attachment_id=7356\" class=\"wp-image-7356\" srcset=\"https:\/\/przylep.edu.pl\/przedszkole\/wp-content\/uploads\/2022\/05\/279341868_743154733359902_1671203144244168546_n-1024x577.jpg 1024w, https:\/\/przylep.edu.pl\/przedszkole\/wp-content\/uploads\/2022\/05\/279341868_743154733359902_1671203144244168546_n-300x169.jpg 300w, https:\/\/przylep.edu.pl\/przedszkole\/wp-content\/uploads\/2022\/05\/279341868_743154733359902_1671203144244168546_n-768x433.jpg 768w, https:\/\/przylep.edu.pl\/przedszkole\/wp-content\/uploads\/2022\/05\/279341868_743154733359902_1671203144244168546_n-1536x865.jpg 1536w, https:\/\/przylep.edu.pl\/przedszkole\/wp-content\/uploads\/2022\/05\/279341868_743154733359902_1671203144244168546_n.jpg 1734w\" sizes=\"auto, (max-width: 1024px) 100vw, 1024px\" \/><\/figure><\/li><li class=\"blocks-gallery-item\"><figure><img loading=\"lazy\" decoding=\"async\" width=\"1024\" height=\"577\" src=\"https:\/\/przylep.edu.pl\/przedszkole\/wp-content\/uploads\/2022\/05\/279374810_419874059981193_5039804461682944193_n-1024x577.jpg\" alt=\"\" data-id=\"7357\" data-full-url=\"https:\/\/przylep.edu.pl\/przedszkole\/wp-content\/uploads\/2022\/05\/279374810_419874059981193_5039804461682944193_n.jpg\" data-link=\"https:\/\/przylep.edu.pl\/przedszkole\/?attachment_id=7357\" class=\"wp-image-7357\" srcset=\"https:\/\/przylep.edu.pl\/przedszkole\/wp-content\/uploads\/2022\/05\/279374810_419874059981193_5039804461682944193_n-1024x577.jpg 1024w, https:\/\/przylep.edu.pl\/przedszkole\/wp-content\/uploads\/2022\/05\/279374810_419874059981193_5039804461682944193_n-300x169.jpg 300w, https:\/\/przylep.edu.pl\/przedszkole\/wp-content\/uploads\/2022\/05\/279374810_419874059981193_5039804461682944193_n-768x433.jpg 768w, https:\/\/przylep.edu.pl\/przedszkole\/wp-content\/uploads\/2022\/05\/279374810_419874059981193_5039804461682944193_n-1536x865.jpg 1536w, https:\/\/przylep.edu.pl\/przedszkole\/wp-content\/uploads\/2022\/05\/279374810_419874059981193_5039804461682944193_n.jpg 1734w\" sizes=\"auto, (max-width: 1024px) 100vw, 1024px\" \/><\/figure><\/li><li class=\"blocks-gallery-item\"><figure><img loading=\"lazy\" decoding=\"async\" width=\"576\" height=\"1024\" src=\"https:\/\/przylep.edu.pl\/przedszkole\/wp-content\/uploads\/2022\/05\/279483547_564524084997314_105167489423460742_n-576x1024.jpg\" alt=\"\" data-id=\"7358\" data-full-url=\"https:\/\/przylep.edu.pl\/przedszkole\/wp-content\/uploads\/2022\/05\/279483547_564524084997314_105167489423460742_n.jpg\" data-link=\"https:\/\/przylep.edu.pl\/przedszkole\/?attachment_id=7358\" class=\"wp-image-7358\" srcset=\"https:\/\/przylep.edu.pl\/przedszkole\/wp-content\/uploads\/2022\/05\/279483547_564524084997314_105167489423460742_n-576x1024.jpg 576w, https:\/\/przylep.edu.pl\/przedszkole\/wp-content\/uploads\/2022\/05\/279483547_564524084997314_105167489423460742_n-169x300.jpg 169w, https:\/\/przylep.edu.pl\/przedszkole\/wp-content\/uploads\/2022\/05\/279483547_564524084997314_105167489423460742_n-768x1364.jpg 768w, https:\/\/przylep.edu.pl\/przedszkole\/wp-content\/uploads\/2022\/05\/279483547_564524084997314_105167489423460742_n-865x1536.jpg 865w, https:\/\/przylep.edu.pl\/przedszkole\/wp-content\/uploads\/2022\/05\/279483547_564524084997314_105167489423460742_n.jpg 976w\" sizes=\"auto, (max-width: 576px) 100vw, 576px\" \/><\/figure><\/li><li class=\"blocks-gallery-item\"><figure><img loading=\"lazy\" decoding=\"async\" width=\"1024\" height=\"577\" src=\"https:\/\/przylep.edu.pl\/przedszkole\/wp-content\/uploads\/2022\/05\/279504933_1167089697400485_3965625888531133860_n-1024x577.jpg\" alt=\"\" data-id=\"7359\" data-full-url=\"https:\/\/przylep.edu.pl\/przedszkole\/wp-content\/uploads\/2022\/05\/279504933_1167089697400485_3965625888531133860_n.jpg\" data-link=\"https:\/\/przylep.edu.pl\/przedszkole\/?attachment_id=7359\" class=\"wp-image-7359\" srcset=\"https:\/\/przylep.edu.pl\/przedszkole\/wp-content\/uploads\/2022\/05\/279504933_1167089697400485_3965625888531133860_n-1024x577.jpg 1024w, https:\/\/przylep.edu.pl\/przedszkole\/wp-content\/uploads\/2022\/05\/279504933_1167089697400485_3965625888531133860_n-300x169.jpg 300w, https:\/\/przylep.edu.pl\/przedszkole\/wp-content\/uploads\/2022\/05\/279504933_1167089697400485_3965625888531133860_n-768x433.jpg 768w, https:\/\/przylep.edu.pl\/przedszkole\/wp-content\/uploads\/2022\/05\/279504933_1167089697400485_3965625888531133860_n-1536x865.jpg 1536w, https:\/\/przylep.edu.pl\/przedszkole\/wp-content\/uploads\/2022\/05\/279504933_1167089697400485_3965625888531133860_n.jpg 1734w\" sizes=\"auto, (max-width: 1024px) 100vw, 1024px\" \/><\/figure><\/li><li class=\"blocks-gallery-item\"><figure><img loading=\"lazy\" decoding=\"async\" width=\"1024\" height=\"768\" src=\"https:\/\/przylep.edu.pl\/przedszkole\/wp-content\/uploads\/2022\/05\/279562562_723284648856649_8413089956211620358_n-1024x768.jpg\" alt=\"\" data-id=\"7360\" data-full-url=\"https:\/\/przylep.edu.pl\/przedszkole\/wp-content\/uploads\/2022\/05\/279562562_723284648856649_8413089956211620358_n-scaled.jpg\" data-link=\"https:\/\/przylep.edu.pl\/przedszkole\/?attachment_id=7360\" class=\"wp-image-7360\" srcset=\"https:\/\/przylep.edu.pl\/przedszkole\/wp-content\/uploads\/2022\/05\/279562562_723284648856649_8413089956211620358_n-1024x768.jpg 1024w, https:\/\/przylep.edu.pl\/przedszkole\/wp-content\/uploads\/2022\/05\/279562562_723284648856649_8413089956211620358_n-300x225.jpg 300w, https:\/\/przylep.edu.pl\/przedszkole\/wp-content\/uploads\/2022\/05\/279562562_723284648856649_8413089956211620358_n-768x576.jpg 768w, https:\/\/przylep.edu.pl\/przedszkole\/wp-content\/uploads\/2022\/05\/279562562_723284648856649_8413089956211620358_n-1536x1152.jpg 1536w, https:\/\/przylep.edu.pl\/przedszkole\/wp-content\/uploads\/2022\/05\/279562562_723284648856649_8413089956211620358_n-2048x1536.jpg 2048w, https:\/\/przylep.edu.pl\/przedszkole\/wp-content\/uploads\/2022\/05\/279562562_723284648856649_8413089956211620358_n-600x450.jpg 600w\" sizes=\"auto, (max-width: 1024px) 100vw, 1024px\" \/><\/figure><\/li><li class=\"blocks-gallery-item\"><figure><img loading=\"lazy\" decoding=\"async\" width=\"1024\" height=\"441\" src=\"https:\/\/przylep.edu.pl\/przedszkole\/wp-content\/uploads\/2022\/05\/279695298_3274970522827352_8489125608611066500_n-1024x441.jpg\" alt=\"\" data-id=\"7361\" data-full-url=\"https:\/\/przylep.edu.pl\/przedszkole\/wp-content\/uploads\/2022\/05\/279695298_3274970522827352_8489125608611066500_n.jpg\" data-link=\"https:\/\/przylep.edu.pl\/przedszkole\/?attachment_id=7361\" class=\"wp-image-7361\" srcset=\"https:\/\/przylep.edu.pl\/przedszkole\/wp-content\/uploads\/2022\/05\/279695298_3274970522827352_8489125608611066500_n-1024x441.jpg 1024w, https:\/\/przylep.edu.pl\/przedszkole\/wp-content\/uploads\/2022\/05\/279695298_3274970522827352_8489125608611066500_n-300x129.jpg 300w, https:\/\/przylep.edu.pl\/przedszkole\/wp-content\/uploads\/2022\/05\/279695298_3274970522827352_8489125608611066500_n-768x331.jpg 768w, https:\/\/przylep.edu.pl\/przedszkole\/wp-content\/uploads\/2022\/05\/279695298_3274970522827352_8489125608611066500_n-1536x661.jpg 1536w, https:\/\/przylep.edu.pl\/przedszkole\/wp-content\/uploads\/2022\/05\/279695298_3274970522827352_8489125608611066500_n.jpg 2000w\" sizes=\"auto, (max-width: 1024px) 100vw, 1024px\" \/><\/figure><\/li><li class=\"blocks-gallery-item\"><figure><img loading=\"lazy\" decoding=\"async\" width=\"960\" height=\"720\" src=\"https:\/\/przylep.edu.pl\/przedszkole\/wp-content\/uploads\/2022\/05\/279754556_5390655677646960_3575863172207588125_n.jpg\" alt=\"\" data-id=\"7362\" data-full-url=\"https:\/\/przylep.edu.pl\/przedszkole\/wp-content\/uploads\/2022\/05\/279754556_5390655677646960_3575863172207588125_n.jpg\" data-link=\"https:\/\/przylep.edu.pl\/przedszkole\/?attachment_id=7362\" class=\"wp-image-7362\" srcset=\"https:\/\/przylep.edu.pl\/przedszkole\/wp-content\/uploads\/2022\/05\/279754556_5390655677646960_3575863172207588125_n.jpg 960w, https:\/\/przylep.edu.pl\/przedszkole\/wp-content\/uploads\/2022\/05\/279754556_5390655677646960_3575863172207588125_n-300x225.jpg 300w, https:\/\/przylep.edu.pl\/przedszkole\/wp-content\/uploads\/2022\/05\/279754556_5390655677646960_3575863172207588125_n-768x576.jpg 768w, https:\/\/przylep.edu.pl\/przedszkole\/wp-content\/uploads\/2022\/05\/279754556_5390655677646960_3575863172207588125_n-600x450.jpg 600w\" sizes=\"auto, (max-width: 960px) 100vw, 960px\" \/><\/figure><\/li><li class=\"blocks-gallery-item\"><figure><img loading=\"lazy\" decoding=\"async\" width=\"1024\" height=\"768\" src=\"https:\/\/przylep.edu.pl\/przedszkole\/wp-content\/uploads\/2022\/05\/279798794_5390657110980150_8779650950387367344_n-1024x768.jpg\" alt=\"\" data-id=\"7363\" data-full-url=\"https:\/\/przylep.edu.pl\/przedszkole\/wp-content\/uploads\/2022\/05\/279798794_5390657110980150_8779650950387367344_n.jpg\" data-link=\"https:\/\/przylep.edu.pl\/przedszkole\/?attachment_id=7363\" class=\"wp-image-7363\" srcset=\"https:\/\/przylep.edu.pl\/przedszkole\/wp-content\/uploads\/2022\/05\/279798794_5390657110980150_8779650950387367344_n-1024x768.jpg 1024w, https:\/\/przylep.edu.pl\/przedszkole\/wp-content\/uploads\/2022\/05\/279798794_5390657110980150_8779650950387367344_n-300x225.jpg 300w, https:\/\/przylep.edu.pl\/przedszkole\/wp-content\/uploads\/2022\/05\/279798794_5390657110980150_8779650950387367344_n-768x576.jpg 768w, https:\/\/przylep.edu.pl\/przedszkole\/wp-content\/uploads\/2022\/05\/279798794_5390657110980150_8779650950387367344_n-1536x1152.jpg 1536w, https:\/\/przylep.edu.pl\/przedszkole\/wp-content\/uploads\/2022\/05\/279798794_5390657110980150_8779650950387367344_n-600x450.jpg 600w, https:\/\/przylep.edu.pl\/przedszkole\/wp-content\/uploads\/2022\/05\/279798794_5390657110980150_8779650950387367344_n.jpg 1600w\" sizes=\"auto, (max-width: 1024px) 100vw, 1024px\" \/><\/figure><\/li><\/ul><\/figure>\n","protected":false},"excerpt":{"rendered":"<p>9 kwietnia 2022 r., wszystkie dzieci z Zespo\u0142u Szkolno \u2013 Przedszkolnego, pi\u0119knie ubrane w galowe stroje, z flagami bia\u0142o \u2013 czerwonymi, spotka\u0142y si\u0119 w auli z okazji uroczysto\u015bci dotycz\u0105cych Majowych \u015awi\u0105t. Gospodarzem tego wydarzenia by\u0142a klasa pierwsza, kt\u00f3ra pod czujnym okiem p. Renaty Kaczkowskiej, przygotowa\u0142a przedstawienie, podczas kt\u00f3rego wykorzystane zosta\u0142y patriotyczne wiersze i piosenki. Dzieci [&hellip;]<\/p>\n","protected":false},"author":2,"featured_media":7369,"comment_status":"closed","ping_status":"open","sticky":false,"template":"","format":"standard","meta":{"footnotes":""},"categories":[45,41,40],"tags":[],"class_list":["post-7319","post","type-post","status-publish","format-standard","has-post-thumbnail","hentry","category-aktualnosci","category-galerie","category-strona-glowna"],"_links":{"self":[{"href":"https:\/\/przylep.edu.pl\/przedszkole\/wp-json\/wp\/v2\/posts\/7319","targetHints":{"allow":["GET"]}}],"collection":[{"href":"https:\/\/przylep.edu.pl\/przedszkole\/wp-json\/wp\/v2\/posts"}],"about":[{"href":"https:\/\/przylep.edu.pl\/przedszkole\/wp-json\/wp\/v2\/types\/post"}],"author":[{"embeddable":true,"href":"https:\/\/przylep.edu.pl\/przedszkole\/wp-json\/wp\/v2\/users\/2"}],"replies":[{"embeddable":true,"href":"https:\/\/przylep.edu.pl\/przedszkole\/wp-json\/wp\/v2\/comments?post=7319"}],"version-history":[{"count":1,"href":"https:\/\/przylep.edu.pl\/przedszkole\/wp-json\/wp\/v2\/posts\/7319\/revisions"}],"predecessor-version":[{"id":7364,"href":"https:\/\/przylep.edu.pl\/przedszkole\/wp-json\/wp\/v2\/posts\/7319\/revisions\/7364"}],"wp:featuredmedia":[{"embeddable":true,"href":"https:\/\/przylep.edu.pl\/przedszkole\/wp-json\/wp\/v2\/media\/7369"}],"wp:attachment":[{"href":"https:\/\/przylep.edu.pl\/przedszkole\/wp-json\/wp\/v2\/media?parent=7319"}],"wp:term":[{"taxonomy":"category","embeddable":true,"href":"https:\/\/przylep.edu.pl\/przedszkole\/wp-json\/wp\/v2\/categories?post=7319"},{"taxonomy":"post_tag","embeddable":true,"href":"https:\/\/przylep.edu.pl\/przedszkole\/wp-json\/wp\/v2\/tags?post=7319"}],"curies":[{"name":"wp","href":"https:\/\/api.w.org\/{rel}","templated":true}]}}