{"id":7263,"date":"2022-04-15T13:12:00","date_gmt":"2022-04-15T11:12:00","guid":{"rendered":"https:\/\/przylep.edu.pl\/przedszkole\/?p=7263"},"modified":"2022-04-20T13:23:00","modified_gmt":"2022-04-20T11:23:00","slug":"swieta-wielkanocne-tuz-tuz","status":"publish","type":"post","link":"https:\/\/przylep.edu.pl\/przedszkole\/2022\/04\/15\/swieta-wielkanocne-tuz-tuz\/","title":{"rendered":"\u015awi\u0119ta Wielkanocne tu\u017c, tu\u017c&#8230;"},"content":{"rendered":"\n<p>Wielki tydzie\u0144 min\u0105\u0142 w Naszej plac\u00f3wce na przygotowaniach do \u015awi\u0105t Wielkanocnych. Ka\u017cda z grup pi\u0119knie dekorowa\u0142a swoj\u0105 sal\u0119, tworzy\u0142a upominki dla swoich najbli\u017cszych. W drugiej klasie odby\u0142y si\u0119 Warsztaty \u015bwi\u0105teczne dla rodzic\u00f3w z dzie\u0107mi. <\/p>\n\n\n\n<p>To by\u0142 wyj\u0105tkowy tydzie\u0144&#8230;<\/p>\n\n\n\n<figure class=\"wp-block-gallery columns-3 is-cropped wp-block-gallery-1 is-layout-flex wp-block-gallery-is-layout-flex\"><ul class=\"blocks-gallery-grid\"><li class=\"blocks-gallery-item\"><figure><img loading=\"lazy\" decoding=\"async\" width=\"768\" height=\"1024\" src=\"https:\/\/przylep.edu.pl\/przedszkole\/wp-content\/uploads\/2022\/04\/277804277_5343373945708467_3261541126637874532_n-768x1024.jpg\" alt=\"\" data-id=\"7264\" data-full-url=\"https:\/\/przylep.edu.pl\/przedszkole\/wp-content\/uploads\/2022\/04\/277804277_5343373945708467_3261541126637874532_n.jpg\" data-link=\"https:\/\/przylep.edu.pl\/przedszkole\/?attachment_id=7264\" class=\"wp-image-7264\" srcset=\"https:\/\/przylep.edu.pl\/przedszkole\/wp-content\/uploads\/2022\/04\/277804277_5343373945708467_3261541126637874532_n-768x1024.jpg 768w, https:\/\/przylep.edu.pl\/przedszkole\/wp-content\/uploads\/2022\/04\/277804277_5343373945708467_3261541126637874532_n-225x300.jpg 225w, https:\/\/przylep.edu.pl\/przedszkole\/wp-content\/uploads\/2022\/04\/277804277_5343373945708467_3261541126637874532_n-1152x1536.jpg 1152w, https:\/\/przylep.edu.pl\/przedszkole\/wp-content\/uploads\/2022\/04\/277804277_5343373945708467_3261541126637874532_n.jpg 1536w\" sizes=\"auto, (max-width: 768px) 100vw, 768px\" \/><\/figure><\/li><li class=\"blocks-gallery-item\"><figure><img loading=\"lazy\" decoding=\"async\" width=\"1024\" height=\"492\" src=\"https:\/\/przylep.edu.pl\/przedszkole\/wp-content\/uploads\/2022\/04\/278021477_510028570508932_7073250958826898986_n-1024x492.jpg\" alt=\"\" data-id=\"7265\" data-full-url=\"https:\/\/przylep.edu.pl\/przedszkole\/wp-content\/uploads\/2022\/04\/278021477_510028570508932_7073250958826898986_n-scaled.jpg\" data-link=\"https:\/\/przylep.edu.pl\/przedszkole\/?attachment_id=7265\" class=\"wp-image-7265\" srcset=\"https:\/\/przylep.edu.pl\/przedszkole\/wp-content\/uploads\/2022\/04\/278021477_510028570508932_7073250958826898986_n-1024x492.jpg 1024w, https:\/\/przylep.edu.pl\/przedszkole\/wp-content\/uploads\/2022\/04\/278021477_510028570508932_7073250958826898986_n-300x144.jpg 300w, https:\/\/przylep.edu.pl\/przedszkole\/wp-content\/uploads\/2022\/04\/278021477_510028570508932_7073250958826898986_n-768x369.jpg 768w, https:\/\/przylep.edu.pl\/przedszkole\/wp-content\/uploads\/2022\/04\/278021477_510028570508932_7073250958826898986_n-1536x738.jpg 1536w, https:\/\/przylep.edu.pl\/przedszkole\/wp-content\/uploads\/2022\/04\/278021477_510028570508932_7073250958826898986_n-2048x985.jpg 2048w\" sizes=\"auto, (max-width: 1024px) 100vw, 1024px\" \/><\/figure><\/li><li class=\"blocks-gallery-item\"><figure><img loading=\"lazy\" decoding=\"async\" width=\"1024\" height=\"492\" src=\"https:\/\/przylep.edu.pl\/przedszkole\/wp-content\/uploads\/2022\/04\/278034330_502161291577747_6227690067825855638_n-1024x492.jpg\" alt=\"\" data-id=\"7266\" data-full-url=\"https:\/\/przylep.edu.pl\/przedszkole\/wp-content\/uploads\/2022\/04\/278034330_502161291577747_6227690067825855638_n.jpg\" data-link=\"https:\/\/przylep.edu.pl\/przedszkole\/?attachment_id=7266\" class=\"wp-image-7266\" srcset=\"https:\/\/przylep.edu.pl\/przedszkole\/wp-content\/uploads\/2022\/04\/278034330_502161291577747_6227690067825855638_n-1024x492.jpg 1024w, https:\/\/przylep.edu.pl\/przedszkole\/wp-content\/uploads\/2022\/04\/278034330_502161291577747_6227690067825855638_n-300x144.jpg 300w, https:\/\/przylep.edu.pl\/przedszkole\/wp-content\/uploads\/2022\/04\/278034330_502161291577747_6227690067825855638_n-768x369.jpg 768w, https:\/\/przylep.edu.pl\/przedszkole\/wp-content\/uploads\/2022\/04\/278034330_502161291577747_6227690067825855638_n-1536x738.jpg 1536w, https:\/\/przylep.edu.pl\/przedszkole\/wp-content\/uploads\/2022\/04\/278034330_502161291577747_6227690067825855638_n.jpg 1560w\" sizes=\"auto, (max-width: 1024px) 100vw, 1024px\" \/><\/figure><\/li><li class=\"blocks-gallery-item\"><figure><img loading=\"lazy\" decoding=\"async\" width=\"768\" height=\"1024\" src=\"https:\/\/przylep.edu.pl\/przedszkole\/wp-content\/uploads\/2022\/04\/278528862_5342955765750285_7967902681683967526_n-768x1024.jpg\" alt=\"\" data-id=\"7267\" data-full-url=\"https:\/\/przylep.edu.pl\/przedszkole\/wp-content\/uploads\/2022\/04\/278528862_5342955765750285_7967902681683967526_n.jpg\" data-link=\"https:\/\/przylep.edu.pl\/przedszkole\/?attachment_id=7267\" class=\"wp-image-7267\" srcset=\"https:\/\/przylep.edu.pl\/przedszkole\/wp-content\/uploads\/2022\/04\/278528862_5342955765750285_7967902681683967526_n-768x1024.jpg 768w, https:\/\/przylep.edu.pl\/przedszkole\/wp-content\/uploads\/2022\/04\/278528862_5342955765750285_7967902681683967526_n-225x300.jpg 225w, https:\/\/przylep.edu.pl\/przedszkole\/wp-content\/uploads\/2022\/04\/278528862_5342955765750285_7967902681683967526_n-1152x1536.jpg 1152w, https:\/\/przylep.edu.pl\/przedszkole\/wp-content\/uploads\/2022\/04\/278528862_5342955765750285_7967902681683967526_n.jpg 1536w\" sizes=\"auto, (max-width: 768px) 100vw, 768px\" \/><\/figure><\/li><li class=\"blocks-gallery-item\"><figure><img loading=\"lazy\" decoding=\"async\" width=\"575\" height=\"1024\" src=\"https:\/\/przylep.edu.pl\/przedszkole\/wp-content\/uploads\/2022\/04\/278532342_1171181173621384_5883709839469895711_n-575x1024.jpg\" alt=\"\" data-id=\"7268\" data-full-url=\"https:\/\/przylep.edu.pl\/przedszkole\/wp-content\/uploads\/2022\/04\/278532342_1171181173621384_5883709839469895711_n-scaled.jpg\" data-link=\"https:\/\/przylep.edu.pl\/przedszkole\/?attachment_id=7268\" class=\"wp-image-7268\" srcset=\"https:\/\/przylep.edu.pl\/przedszkole\/wp-content\/uploads\/2022\/04\/278532342_1171181173621384_5883709839469895711_n-575x1024.jpg 575w, https:\/\/przylep.edu.pl\/przedszkole\/wp-content\/uploads\/2022\/04\/278532342_1171181173621384_5883709839469895711_n-168x300.jpg 168w, https:\/\/przylep.edu.pl\/przedszkole\/wp-content\/uploads\/2022\/04\/278532342_1171181173621384_5883709839469895711_n-768x1368.jpg 768w, https:\/\/przylep.edu.pl\/przedszkole\/wp-content\/uploads\/2022\/04\/278532342_1171181173621384_5883709839469895711_n-863x1536.jpg 863w, https:\/\/przylep.edu.pl\/przedszkole\/wp-content\/uploads\/2022\/04\/278532342_1171181173621384_5883709839469895711_n-1150x2048.jpg 1150w, https:\/\/przylep.edu.pl\/przedszkole\/wp-content\/uploads\/2022\/04\/278532342_1171181173621384_5883709839469895711_n-scaled.jpg 1438w\" sizes=\"auto, (max-width: 575px) 100vw, 575px\" \/><\/figure><\/li><li class=\"blocks-gallery-item\"><figure><img loading=\"lazy\" decoding=\"async\" width=\"573\" height=\"1024\" src=\"https:\/\/przylep.edu.pl\/przedszkole\/wp-content\/uploads\/2022\/04\/278588842_293111643005271_4193112143096016505_n-573x1024.jpg\" alt=\"\" data-id=\"7269\" data-full-url=\"https:\/\/przylep.edu.pl\/przedszkole\/wp-content\/uploads\/2022\/04\/278588842_293111643005271_4193112143096016505_n-scaled.jpg\" data-link=\"https:\/\/przylep.edu.pl\/przedszkole\/?attachment_id=7269\" class=\"wp-image-7269\" srcset=\"https:\/\/przylep.edu.pl\/przedszkole\/wp-content\/uploads\/2022\/04\/278588842_293111643005271_4193112143096016505_n-573x1024.jpg 573w, https:\/\/przylep.edu.pl\/przedszkole\/wp-content\/uploads\/2022\/04\/278588842_293111643005271_4193112143096016505_n-168x300.jpg 168w, https:\/\/przylep.edu.pl\/przedszkole\/wp-content\/uploads\/2022\/04\/278588842_293111643005271_4193112143096016505_n-768x1371.jpg 768w, https:\/\/przylep.edu.pl\/przedszkole\/wp-content\/uploads\/2022\/04\/278588842_293111643005271_4193112143096016505_n-860x1536.jpg 860w, https:\/\/przylep.edu.pl\/przedszkole\/wp-content\/uploads\/2022\/04\/278588842_293111643005271_4193112143096016505_n-1147x2048.jpg 1147w, https:\/\/przylep.edu.pl\/przedszkole\/wp-content\/uploads\/2022\/04\/278588842_293111643005271_4193112143096016505_n-scaled.jpg 1434w\" sizes=\"auto, (max-width: 573px) 100vw, 573px\" \/><\/figure><\/li><li class=\"blocks-gallery-item\"><figure><img loading=\"lazy\" decoding=\"async\" width=\"575\" height=\"1024\" src=\"https:\/\/przylep.edu.pl\/przedszkole\/wp-content\/uploads\/2022\/04\/278667095_529655188570805_7412699972542381616_n-575x1024.jpg\" alt=\"\" data-id=\"7270\" data-full-url=\"https:\/\/przylep.edu.pl\/przedszkole\/wp-content\/uploads\/2022\/04\/278667095_529655188570805_7412699972542381616_n-scaled.jpg\" data-link=\"https:\/\/przylep.edu.pl\/przedszkole\/?attachment_id=7270\" class=\"wp-image-7270\" srcset=\"https:\/\/przylep.edu.pl\/przedszkole\/wp-content\/uploads\/2022\/04\/278667095_529655188570805_7412699972542381616_n-575x1024.jpg 575w, https:\/\/przylep.edu.pl\/przedszkole\/wp-content\/uploads\/2022\/04\/278667095_529655188570805_7412699972542381616_n-168x300.jpg 168w, https:\/\/przylep.edu.pl\/przedszkole\/wp-content\/uploads\/2022\/04\/278667095_529655188570805_7412699972542381616_n-768x1368.jpg 768w, https:\/\/przylep.edu.pl\/przedszkole\/wp-content\/uploads\/2022\/04\/278667095_529655188570805_7412699972542381616_n-863x1536.jpg 863w, https:\/\/przylep.edu.pl\/przedszkole\/wp-content\/uploads\/2022\/04\/278667095_529655188570805_7412699972542381616_n-1150x2048.jpg 1150w, https:\/\/przylep.edu.pl\/przedszkole\/wp-content\/uploads\/2022\/04\/278667095_529655188570805_7412699972542381616_n-scaled.jpg 1438w\" sizes=\"auto, (max-width: 575px) 100vw, 575px\" \/><\/figure><\/li><li class=\"blocks-gallery-item\"><figure><img loading=\"lazy\" decoding=\"async\" width=\"576\" height=\"1024\" src=\"https:\/\/przylep.edu.pl\/przedszkole\/wp-content\/uploads\/2022\/04\/278869297_5353719301340598_2422873439913119937_n-576x1024.jpg\" alt=\"\" data-id=\"7271\" data-full-url=\"https:\/\/przylep.edu.pl\/przedszkole\/wp-content\/uploads\/2022\/04\/278869297_5353719301340598_2422873439913119937_n.jpg\" data-link=\"https:\/\/przylep.edu.pl\/przedszkole\/?attachment_id=7271\" class=\"wp-image-7271\" srcset=\"https:\/\/przylep.edu.pl\/przedszkole\/wp-content\/uploads\/2022\/04\/278869297_5353719301340598_2422873439913119937_n-576x1024.jpg 576w, https:\/\/przylep.edu.pl\/przedszkole\/wp-content\/uploads\/2022\/04\/278869297_5353719301340598_2422873439913119937_n-169x300.jpg 169w, https:\/\/przylep.edu.pl\/przedszkole\/wp-content\/uploads\/2022\/04\/278869297_5353719301340598_2422873439913119937_n-768x1364.jpg 768w, https:\/\/przylep.edu.pl\/przedszkole\/wp-content\/uploads\/2022\/04\/278869297_5353719301340598_2422873439913119937_n-865x1536.jpg 865w, https:\/\/przylep.edu.pl\/przedszkole\/wp-content\/uploads\/2022\/04\/278869297_5353719301340598_2422873439913119937_n.jpg 976w\" sizes=\"auto, (max-width: 576px) 100vw, 576px\" \/><\/figure><\/li><\/ul><\/figure>\n","protected":false},"excerpt":{"rendered":"<p>Wielki tydzie\u0144 min\u0105\u0142 w Naszej plac\u00f3wce na przygotowaniach do \u015awi\u0105t Wielkanocnych. Ka\u017cda z grup pi\u0119knie dekorowa\u0142a swoj\u0105 sal\u0119, tworzy\u0142a upominki dla swoich najbli\u017cszych. W drugiej klasie odby\u0142y si\u0119 Warsztaty \u015bwi\u0105teczne dla rodzic\u00f3w z dzie\u0107mi. To by\u0142 wyj\u0105tkowy tydzie\u0144&#8230;<\/p>\n","protected":false},"author":2,"featured_media":7272,"comment_status":"closed","ping_status":"open","sticky":false,"template":"","format":"standard","meta":{"footnotes":""},"categories":[45,41,40],"tags":[],"class_list":["post-7263","post","type-post","status-publish","format-standard","has-post-thumbnail","hentry","category-aktualnosci","category-galerie","category-strona-glowna"],"_links":{"self":[{"href":"https:\/\/przylep.edu.pl\/przedszkole\/wp-json\/wp\/v2\/posts\/7263","targetHints":{"allow":["GET"]}}],"collection":[{"href":"https:\/\/przylep.edu.pl\/przedszkole\/wp-json\/wp\/v2\/posts"}],"about":[{"href":"https:\/\/przylep.edu.pl\/przedszkole\/wp-json\/wp\/v2\/types\/post"}],"author":[{"embeddable":true,"href":"https:\/\/przylep.edu.pl\/przedszkole\/wp-json\/wp\/v2\/users\/2"}],"replies":[{"embeddable":true,"href":"https:\/\/przylep.edu.pl\/przedszkole\/wp-json\/wp\/v2\/comments?post=7263"}],"version-history":[{"count":1,"href":"https:\/\/przylep.edu.pl\/przedszkole\/wp-json\/wp\/v2\/posts\/7263\/revisions"}],"predecessor-version":[{"id":7273,"href":"https:\/\/przylep.edu.pl\/przedszkole\/wp-json\/wp\/v2\/posts\/7263\/revisions\/7273"}],"wp:featuredmedia":[{"embeddable":true,"href":"https:\/\/przylep.edu.pl\/przedszkole\/wp-json\/wp\/v2\/media\/7272"}],"wp:attachment":[{"href":"https:\/\/przylep.edu.pl\/przedszkole\/wp-json\/wp\/v2\/media?parent=7263"}],"wp:term":[{"taxonomy":"category","embeddable":true,"href":"https:\/\/przylep.edu.pl\/przedszkole\/wp-json\/wp\/v2\/categories?post=7263"},{"taxonomy":"post_tag","embeddable":true,"href":"https:\/\/przylep.edu.pl\/przedszkole\/wp-json\/wp\/v2\/tags?post=7263"}],"curies":[{"name":"wp","href":"https:\/\/api.w.org\/{rel}","templated":true}]}}