{"id":7254,"date":"2022-03-21T13:01:00","date_gmt":"2022-03-21T12:01:00","guid":{"rendered":"https:\/\/przylep.edu.pl\/przedszkole\/?p=7254"},"modified":"2022-04-20T13:11:25","modified_gmt":"2022-04-20T11:11:25","slug":"dzien-matematyki-w-szkole","status":"publish","type":"post","link":"https:\/\/przylep.edu.pl\/przedszkole\/2022\/03\/21\/dzien-matematyki-w-szkole\/","title":{"rendered":"Dzie\u0144 Matematyki w Szkole"},"content":{"rendered":"\n<p>Miniony tydzie\u0144 w naszej szkole up\u0142yn\u0105\u0142 na \u015bwi\u0119towaniu kr\u00f3lowej nauk. Wyb\u00f3r dat nie jest przypadkowy, 12 marca obchodzimy Og\u00f3lnopolski Dzie\u0144 Matematyki.<br>Uczniowie klas m\u0142odszych na kolejnych stacjach matematycznych utrwalali znajomo\u015b\u0107 liczb, dodawanie i odejmowanie liczby naturalne, \u202fbudowali figury geometryczne, uk\u0142adali puzzle matematyczne i mozaiki geometryczne.<br> Zadania, kt\u00f3re zosta\u0142y przygotowane, wymaga\u0142y nie tyle wiedzy matematycznej jak otwartego umys\u0142u i ch\u0119ci do zabawy matematyk\u0105.<br><\/p>\n\n\n\n<figure class=\"wp-block-gallery columns-3 is-cropped wp-block-gallery-1 is-layout-flex wp-block-gallery-is-layout-flex\"><ul class=\"blocks-gallery-grid\"><li class=\"blocks-gallery-item\"><figure><img loading=\"lazy\" decoding=\"async\" width=\"492\" height=\"1024\" src=\"https:\/\/przylep.edu.pl\/przedszkole\/wp-content\/uploads\/2022\/04\/276326444_1380329669152665_7929968254650912858_n-492x1024.jpg\" alt=\"\" data-id=\"7255\" data-full-url=\"https:\/\/przylep.edu.pl\/przedszkole\/wp-content\/uploads\/2022\/04\/276326444_1380329669152665_7929968254650912858_n-scaled.jpg\" data-link=\"https:\/\/przylep.edu.pl\/przedszkole\/?attachment_id=7255\" class=\"wp-image-7255\" srcset=\"https:\/\/przylep.edu.pl\/przedszkole\/wp-content\/uploads\/2022\/04\/276326444_1380329669152665_7929968254650912858_n-492x1024.jpg 492w, https:\/\/przylep.edu.pl\/przedszkole\/wp-content\/uploads\/2022\/04\/276326444_1380329669152665_7929968254650912858_n-144x300.jpg 144w, https:\/\/przylep.edu.pl\/przedszkole\/wp-content\/uploads\/2022\/04\/276326444_1380329669152665_7929968254650912858_n-768x1597.jpg 768w, https:\/\/przylep.edu.pl\/przedszkole\/wp-content\/uploads\/2022\/04\/276326444_1380329669152665_7929968254650912858_n-738x1536.jpg 738w, https:\/\/przylep.edu.pl\/przedszkole\/wp-content\/uploads\/2022\/04\/276326444_1380329669152665_7929968254650912858_n-985x2048.jpg 985w, https:\/\/przylep.edu.pl\/przedszkole\/wp-content\/uploads\/2022\/04\/276326444_1380329669152665_7929968254650912858_n-scaled.jpg 1231w\" sizes=\"auto, (max-width: 492px) 100vw, 492px\" \/><\/figure><\/li><li class=\"blocks-gallery-item\"><figure><img loading=\"lazy\" decoding=\"async\" width=\"492\" height=\"1024\" src=\"https:\/\/przylep.edu.pl\/przedszkole\/wp-content\/uploads\/2022\/04\/276945415_452459359900904_4905512884463313609_n-492x1024.jpg\" alt=\"\" data-id=\"7256\" data-full-url=\"https:\/\/przylep.edu.pl\/przedszkole\/wp-content\/uploads\/2022\/04\/276945415_452459359900904_4905512884463313609_n-scaled.jpg\" data-link=\"https:\/\/przylep.edu.pl\/przedszkole\/?attachment_id=7256\" class=\"wp-image-7256\" srcset=\"https:\/\/przylep.edu.pl\/przedszkole\/wp-content\/uploads\/2022\/04\/276945415_452459359900904_4905512884463313609_n-492x1024.jpg 492w, https:\/\/przylep.edu.pl\/przedszkole\/wp-content\/uploads\/2022\/04\/276945415_452459359900904_4905512884463313609_n-144x300.jpg 144w, https:\/\/przylep.edu.pl\/przedszkole\/wp-content\/uploads\/2022\/04\/276945415_452459359900904_4905512884463313609_n-768x1597.jpg 768w, https:\/\/przylep.edu.pl\/przedszkole\/wp-content\/uploads\/2022\/04\/276945415_452459359900904_4905512884463313609_n-738x1536.jpg 738w, https:\/\/przylep.edu.pl\/przedszkole\/wp-content\/uploads\/2022\/04\/276945415_452459359900904_4905512884463313609_n-985x2048.jpg 985w, https:\/\/przylep.edu.pl\/przedszkole\/wp-content\/uploads\/2022\/04\/276945415_452459359900904_4905512884463313609_n-scaled.jpg 1231w\" sizes=\"auto, (max-width: 492px) 100vw, 492px\" \/><\/figure><\/li><li class=\"blocks-gallery-item\"><figure><img loading=\"lazy\" decoding=\"async\" width=\"1024\" height=\"492\" src=\"https:\/\/przylep.edu.pl\/przedszkole\/wp-content\/uploads\/2022\/04\/277076758_3196742360563843_4058611460348246935_n-1024x492.jpg\" alt=\"\" data-id=\"7257\" data-full-url=\"https:\/\/przylep.edu.pl\/przedszkole\/wp-content\/uploads\/2022\/04\/277076758_3196742360563843_4058611460348246935_n-scaled.jpg\" data-link=\"https:\/\/przylep.edu.pl\/przedszkole\/?attachment_id=7257\" class=\"wp-image-7257\" srcset=\"https:\/\/przylep.edu.pl\/przedszkole\/wp-content\/uploads\/2022\/04\/277076758_3196742360563843_4058611460348246935_n-1024x492.jpg 1024w, https:\/\/przylep.edu.pl\/przedszkole\/wp-content\/uploads\/2022\/04\/277076758_3196742360563843_4058611460348246935_n-300x144.jpg 300w, https:\/\/przylep.edu.pl\/przedszkole\/wp-content\/uploads\/2022\/04\/277076758_3196742360563843_4058611460348246935_n-768x369.jpg 768w, https:\/\/przylep.edu.pl\/przedszkole\/wp-content\/uploads\/2022\/04\/277076758_3196742360563843_4058611460348246935_n-1536x738.jpg 1536w, https:\/\/przylep.edu.pl\/przedszkole\/wp-content\/uploads\/2022\/04\/277076758_3196742360563843_4058611460348246935_n-2048x985.jpg 2048w\" sizes=\"auto, (max-width: 1024px) 100vw, 1024px\" \/><\/figure><\/li><li class=\"blocks-gallery-item\"><figure><img loading=\"lazy\" decoding=\"async\" width=\"1024\" height=\"492\" src=\"https:\/\/przylep.edu.pl\/przedszkole\/wp-content\/uploads\/2022\/04\/277093540_647857829836724_3496472983358268975_n-1024x492.jpg\" alt=\"\" data-id=\"7258\" data-full-url=\"https:\/\/przylep.edu.pl\/przedszkole\/wp-content\/uploads\/2022\/04\/277093540_647857829836724_3496472983358268975_n-scaled.jpg\" data-link=\"https:\/\/przylep.edu.pl\/przedszkole\/?attachment_id=7258\" class=\"wp-image-7258\" srcset=\"https:\/\/przylep.edu.pl\/przedszkole\/wp-content\/uploads\/2022\/04\/277093540_647857829836724_3496472983358268975_n-1024x492.jpg 1024w, https:\/\/przylep.edu.pl\/przedszkole\/wp-content\/uploads\/2022\/04\/277093540_647857829836724_3496472983358268975_n-300x144.jpg 300w, https:\/\/przylep.edu.pl\/przedszkole\/wp-content\/uploads\/2022\/04\/277093540_647857829836724_3496472983358268975_n-768x369.jpg 768w, https:\/\/przylep.edu.pl\/przedszkole\/wp-content\/uploads\/2022\/04\/277093540_647857829836724_3496472983358268975_n-1536x738.jpg 1536w, https:\/\/przylep.edu.pl\/przedszkole\/wp-content\/uploads\/2022\/04\/277093540_647857829836724_3496472983358268975_n-2048x985.jpg 2048w\" sizes=\"auto, (max-width: 1024px) 100vw, 1024px\" \/><\/figure><\/li><li class=\"blocks-gallery-item\"><figure><img loading=\"lazy\" decoding=\"async\" width=\"1024\" height=\"492\" src=\"https:\/\/przylep.edu.pl\/przedszkole\/wp-content\/uploads\/2022\/04\/277099337_657947062093444_4260867068706322985_n-1024x492.jpg\" alt=\"\" data-id=\"7259\" data-full-url=\"https:\/\/przylep.edu.pl\/przedszkole\/wp-content\/uploads\/2022\/04\/277099337_657947062093444_4260867068706322985_n-scaled.jpg\" data-link=\"https:\/\/przylep.edu.pl\/przedszkole\/?attachment_id=7259\" class=\"wp-image-7259\" srcset=\"https:\/\/przylep.edu.pl\/przedszkole\/wp-content\/uploads\/2022\/04\/277099337_657947062093444_4260867068706322985_n-1024x492.jpg 1024w, https:\/\/przylep.edu.pl\/przedszkole\/wp-content\/uploads\/2022\/04\/277099337_657947062093444_4260867068706322985_n-300x144.jpg 300w, https:\/\/przylep.edu.pl\/przedszkole\/wp-content\/uploads\/2022\/04\/277099337_657947062093444_4260867068706322985_n-768x369.jpg 768w, https:\/\/przylep.edu.pl\/przedszkole\/wp-content\/uploads\/2022\/04\/277099337_657947062093444_4260867068706322985_n-1536x738.jpg 1536w, https:\/\/przylep.edu.pl\/przedszkole\/wp-content\/uploads\/2022\/04\/277099337_657947062093444_4260867068706322985_n-2048x985.jpg 2048w\" sizes=\"auto, (max-width: 1024px) 100vw, 1024px\" \/><\/figure><\/li><li class=\"blocks-gallery-item\"><figure><img loading=\"lazy\" decoding=\"async\" width=\"1024\" height=\"492\" src=\"https:\/\/przylep.edu.pl\/przedszkole\/wp-content\/uploads\/2022\/04\/277179439_959379618099336_8780061329589161030_n-1024x492.jpg\" alt=\"\" data-id=\"7260\" data-full-url=\"https:\/\/przylep.edu.pl\/przedszkole\/wp-content\/uploads\/2022\/04\/277179439_959379618099336_8780061329589161030_n-scaled.jpg\" data-link=\"https:\/\/przylep.edu.pl\/przedszkole\/?attachment_id=7260\" class=\"wp-image-7260\" srcset=\"https:\/\/przylep.edu.pl\/przedszkole\/wp-content\/uploads\/2022\/04\/277179439_959379618099336_8780061329589161030_n-1024x492.jpg 1024w, https:\/\/przylep.edu.pl\/przedszkole\/wp-content\/uploads\/2022\/04\/277179439_959379618099336_8780061329589161030_n-300x144.jpg 300w, https:\/\/przylep.edu.pl\/przedszkole\/wp-content\/uploads\/2022\/04\/277179439_959379618099336_8780061329589161030_n-768x369.jpg 768w, https:\/\/przylep.edu.pl\/przedszkole\/wp-content\/uploads\/2022\/04\/277179439_959379618099336_8780061329589161030_n-1536x738.jpg 1536w, https:\/\/przylep.edu.pl\/przedszkole\/wp-content\/uploads\/2022\/04\/277179439_959379618099336_8780061329589161030_n-2048x985.jpg 2048w\" sizes=\"auto, (max-width: 1024px) 100vw, 1024px\" \/><\/figure><\/li><\/ul><\/figure>\n","protected":false},"excerpt":{"rendered":"<p>Miniony tydzie\u0144 w naszej szkole up\u0142yn\u0105\u0142 na \u015bwi\u0119towaniu kr\u00f3lowej nauk. Wyb\u00f3r dat nie jest przypadkowy, 12 marca obchodzimy Og\u00f3lnopolski Dzie\u0144 Matematyki.Uczniowie klas m\u0142odszych na kolejnych stacjach matematycznych utrwalali znajomo\u015b\u0107 liczb, dodawanie i odejmowanie liczby naturalne, \u202fbudowali figury geometryczne, uk\u0142adali puzzle matematyczne i mozaiki geometryczne. Zadania, kt\u00f3re zosta\u0142y przygotowane, wymaga\u0142y nie tyle wiedzy matematycznej jak otwartego [&hellip;]<\/p>\n","protected":false},"author":2,"featured_media":7261,"comment_status":"closed","ping_status":"open","sticky":false,"template":"","format":"standard","meta":{"footnotes":""},"categories":[45,41,40],"tags":[],"class_list":["post-7254","post","type-post","status-publish","format-standard","has-post-thumbnail","hentry","category-aktualnosci","category-galerie","category-strona-glowna"],"_links":{"self":[{"href":"https:\/\/przylep.edu.pl\/przedszkole\/wp-json\/wp\/v2\/posts\/7254","targetHints":{"allow":["GET"]}}],"collection":[{"href":"https:\/\/przylep.edu.pl\/przedszkole\/wp-json\/wp\/v2\/posts"}],"about":[{"href":"https:\/\/przylep.edu.pl\/przedszkole\/wp-json\/wp\/v2\/types\/post"}],"author":[{"embeddable":true,"href":"https:\/\/przylep.edu.pl\/przedszkole\/wp-json\/wp\/v2\/users\/2"}],"replies":[{"embeddable":true,"href":"https:\/\/przylep.edu.pl\/przedszkole\/wp-json\/wp\/v2\/comments?post=7254"}],"version-history":[{"count":1,"href":"https:\/\/przylep.edu.pl\/przedszkole\/wp-json\/wp\/v2\/posts\/7254\/revisions"}],"predecessor-version":[{"id":7262,"href":"https:\/\/przylep.edu.pl\/przedszkole\/wp-json\/wp\/v2\/posts\/7254\/revisions\/7262"}],"wp:featuredmedia":[{"embeddable":true,"href":"https:\/\/przylep.edu.pl\/przedszkole\/wp-json\/wp\/v2\/media\/7261"}],"wp:attachment":[{"href":"https:\/\/przylep.edu.pl\/przedszkole\/wp-json\/wp\/v2\/media?parent=7254"}],"wp:term":[{"taxonomy":"category","embeddable":true,"href":"https:\/\/przylep.edu.pl\/przedszkole\/wp-json\/wp\/v2\/categories?post=7254"},{"taxonomy":"post_tag","embeddable":true,"href":"https:\/\/przylep.edu.pl\/przedszkole\/wp-json\/wp\/v2\/tags?post=7254"}],"curies":[{"name":"wp","href":"https:\/\/api.w.org\/{rel}","templated":true}]}}