{"id":7239,"date":"2022-04-08T12:12:00","date_gmt":"2022-04-08T10:12:00","guid":{"rendered":"https:\/\/przylep.edu.pl\/przedszkole\/?p=7239"},"modified":"2022-05-04T20:37:56","modified_gmt":"2022-05-04T18:37:56","slug":"rozstrzygniecie-konkursu-wiosenny-kapelusz","status":"publish","type":"post","link":"https:\/\/przylep.edu.pl\/przedszkole\/2022\/04\/08\/rozstrzygniecie-konkursu-wiosenny-kapelusz\/","title":{"rendered":"Rozstrzygni\u0119cie Konkursu &#8222;Wiosenny Kapelusz&#8221;"},"content":{"rendered":"\n<p>W dniu 06.04. nast\u0105pi\u0142o rozstrzygni\u0119cie konkursu&#8221; Wiosenny Kapelusz&#8221;.  Wszystkie prace zosta\u0142y wykonane z niezwyk\u0142\u0105 staranno\u015bci\u0105 i fantazj\u0105. JURY oceni\u0142o wszystkie prace na najwy\u017cszym poziomie. Wszystkie wiosenne kapelusze ozdobi\u0142y hol naszej plac\u00f3wki.<\/p>\n\n\n\n<p>Dyplomy i nagrody trafi\u0142y do r\u0105k wszystkich uczestnik\u00f3w wiosennego konkursu.&nbsp; &nbsp; &nbsp; <\/p>\n\n\n\n<p>&nbsp; &nbsp; Gratulacje dla uczestnik\u00f3w!<\/p>\n\n\n\n<figure class=\"wp-block-gallery columns-3 is-cropped wp-block-gallery-1 is-layout-flex wp-block-gallery-is-layout-flex\"><ul class=\"blocks-gallery-grid\"><li class=\"blocks-gallery-item\"><figure><img loading=\"lazy\" decoding=\"async\" width=\"492\" height=\"1024\" src=\"https:\/\/przylep.edu.pl\/przedszkole\/wp-content\/uploads\/2022\/04\/277776541_502470861520113_7329874074250242008_n-492x1024.jpg\" alt=\"\" data-id=\"7240\" data-full-url=\"https:\/\/przylep.edu.pl\/przedszkole\/wp-content\/uploads\/2022\/04\/277776541_502470861520113_7329874074250242008_n.jpg\" data-link=\"https:\/\/przylep.edu.pl\/przedszkole\/?attachment_id=7240\" class=\"wp-image-7240\" srcset=\"https:\/\/przylep.edu.pl\/przedszkole\/wp-content\/uploads\/2022\/04\/277776541_502470861520113_7329874074250242008_n-492x1024.jpg 492w, https:\/\/przylep.edu.pl\/przedszkole\/wp-content\/uploads\/2022\/04\/277776541_502470861520113_7329874074250242008_n-144x300.jpg 144w, https:\/\/przylep.edu.pl\/przedszkole\/wp-content\/uploads\/2022\/04\/277776541_502470861520113_7329874074250242008_n-738x1536.jpg 738w, https:\/\/przylep.edu.pl\/przedszkole\/wp-content\/uploads\/2022\/04\/277776541_502470861520113_7329874074250242008_n.jpg 750w\" sizes=\"auto, (max-width: 492px) 100vw, 492px\" \/><\/figure><\/li><li class=\"blocks-gallery-item\"><figure><img loading=\"lazy\" decoding=\"async\" width=\"492\" height=\"1024\" src=\"https:\/\/przylep.edu.pl\/przedszkole\/wp-content\/uploads\/2022\/04\/277836241_503854417860807_6119291275701648367_n-492x1024.jpg\" alt=\"\" data-id=\"7241\" data-full-url=\"https:\/\/przylep.edu.pl\/przedszkole\/wp-content\/uploads\/2022\/04\/277836241_503854417860807_6119291275701648367_n.jpg\" data-link=\"https:\/\/przylep.edu.pl\/przedszkole\/?attachment_id=7241\" class=\"wp-image-7241\" srcset=\"https:\/\/przylep.edu.pl\/przedszkole\/wp-content\/uploads\/2022\/04\/277836241_503854417860807_6119291275701648367_n-492x1024.jpg 492w, https:\/\/przylep.edu.pl\/przedszkole\/wp-content\/uploads\/2022\/04\/277836241_503854417860807_6119291275701648367_n-144x300.jpg 144w, https:\/\/przylep.edu.pl\/przedszkole\/wp-content\/uploads\/2022\/04\/277836241_503854417860807_6119291275701648367_n-738x1536.jpg 738w, https:\/\/przylep.edu.pl\/przedszkole\/wp-content\/uploads\/2022\/04\/277836241_503854417860807_6119291275701648367_n.jpg 750w\" sizes=\"auto, (max-width: 492px) 100vw, 492px\" \/><\/figure><\/li><li class=\"blocks-gallery-item\"><figure><img loading=\"lazy\" decoding=\"async\" width=\"1024\" height=\"577\" src=\"https:\/\/przylep.edu.pl\/przedszkole\/wp-content\/uploads\/2022\/04\/278459606_1097985984092355_1067597189344237448_n-1024x577.jpg\" alt=\"\" data-id=\"7242\" data-full-url=\"https:\/\/przylep.edu.pl\/przedszkole\/wp-content\/uploads\/2022\/04\/278459606_1097985984092355_1067597189344237448_n.jpg\" data-link=\"https:\/\/przylep.edu.pl\/przedszkole\/?attachment_id=7242\" class=\"wp-image-7242\" srcset=\"https:\/\/przylep.edu.pl\/przedszkole\/wp-content\/uploads\/2022\/04\/278459606_1097985984092355_1067597189344237448_n-1024x577.jpg 1024w, https:\/\/przylep.edu.pl\/przedszkole\/wp-content\/uploads\/2022\/04\/278459606_1097985984092355_1067597189344237448_n-300x169.jpg 300w, https:\/\/przylep.edu.pl\/przedszkole\/wp-content\/uploads\/2022\/04\/278459606_1097985984092355_1067597189344237448_n-768x433.jpg 768w, https:\/\/przylep.edu.pl\/przedszkole\/wp-content\/uploads\/2022\/04\/278459606_1097985984092355_1067597189344237448_n-1536x865.jpg 1536w, https:\/\/przylep.edu.pl\/przedszkole\/wp-content\/uploads\/2022\/04\/278459606_1097985984092355_1067597189344237448_n.jpg 1734w\" sizes=\"auto, (max-width: 1024px) 100vw, 1024px\" \/><\/figure><\/li><\/ul><\/figure>\n\n\n\n<p><\/p>\n\n\n\n<figure class=\"wp-block-gallery columns-3 is-cropped wp-block-gallery-2 is-layout-flex wp-block-gallery-is-layout-flex\"><ul class=\"blocks-gallery-grid\"><li class=\"blocks-gallery-item\"><figure><img loading=\"lazy\" decoding=\"async\" width=\"766\" height=\"1024\" src=\"https:\/\/przylep.edu.pl\/przedszkole\/wp-content\/uploads\/2022\/04\/278493233_603568911133104_1981936883151459084_n-766x1024.jpg\" alt=\"\" data-id=\"7248\" data-full-url=\"https:\/\/przylep.edu.pl\/przedszkole\/wp-content\/uploads\/2022\/04\/278493233_603568911133104_1981936883151459084_n-scaled.jpg\" data-link=\"https:\/\/przylep.edu.pl\/przedszkole\/2022\/04\/08\/rozstrzygniecie-konkursu-wiosenny-kapelusz\/278493233_603568911133104_1981936883151459084_n\/\" class=\"wp-image-7248\" srcset=\"https:\/\/przylep.edu.pl\/przedszkole\/wp-content\/uploads\/2022\/04\/278493233_603568911133104_1981936883151459084_n-766x1024.jpg 766w, https:\/\/przylep.edu.pl\/przedszkole\/wp-content\/uploads\/2022\/04\/278493233_603568911133104_1981936883151459084_n-224x300.jpg 224w, https:\/\/przylep.edu.pl\/przedszkole\/wp-content\/uploads\/2022\/04\/278493233_603568911133104_1981936883151459084_n-768x1027.jpg 768w, https:\/\/przylep.edu.pl\/przedszkole\/wp-content\/uploads\/2022\/04\/278493233_603568911133104_1981936883151459084_n-1149x1536.jpg 1149w, https:\/\/przylep.edu.pl\/przedszkole\/wp-content\/uploads\/2022\/04\/278493233_603568911133104_1981936883151459084_n-1532x2048.jpg 1532w, https:\/\/przylep.edu.pl\/przedszkole\/wp-content\/uploads\/2022\/04\/278493233_603568911133104_1981936883151459084_n-scaled.jpg 1915w\" sizes=\"auto, (max-width: 766px) 100vw, 766px\" \/><\/figure><\/li><li class=\"blocks-gallery-item\"><figure><img loading=\"lazy\" decoding=\"async\" width=\"1024\" height=\"768\" src=\"https:\/\/przylep.edu.pl\/przedszkole\/wp-content\/uploads\/2022\/04\/278508460_1136491187193460_7506933722997816327_n-1024x768.jpg\" alt=\"\" data-id=\"7249\" data-full-url=\"https:\/\/przylep.edu.pl\/przedszkole\/wp-content\/uploads\/2022\/04\/278508460_1136491187193460_7506933722997816327_n-scaled.jpg\" data-link=\"https:\/\/przylep.edu.pl\/przedszkole\/2022\/04\/08\/rozstrzygniecie-konkursu-wiosenny-kapelusz\/278508460_1136491187193460_7506933722997816327_n\/\" class=\"wp-image-7249\" srcset=\"https:\/\/przylep.edu.pl\/przedszkole\/wp-content\/uploads\/2022\/04\/278508460_1136491187193460_7506933722997816327_n-1024x768.jpg 1024w, https:\/\/przylep.edu.pl\/przedszkole\/wp-content\/uploads\/2022\/04\/278508460_1136491187193460_7506933722997816327_n-300x225.jpg 300w, https:\/\/przylep.edu.pl\/przedszkole\/wp-content\/uploads\/2022\/04\/278508460_1136491187193460_7506933722997816327_n-768x576.jpg 768w, https:\/\/przylep.edu.pl\/przedszkole\/wp-content\/uploads\/2022\/04\/278508460_1136491187193460_7506933722997816327_n-1536x1152.jpg 1536w, https:\/\/przylep.edu.pl\/przedszkole\/wp-content\/uploads\/2022\/04\/278508460_1136491187193460_7506933722997816327_n-2048x1536.jpg 2048w, https:\/\/przylep.edu.pl\/przedszkole\/wp-content\/uploads\/2022\/04\/278508460_1136491187193460_7506933722997816327_n-600x450.jpg 600w\" sizes=\"auto, (max-width: 1024px) 100vw, 1024px\" \/><\/figure><\/li><li class=\"blocks-gallery-item\"><figure><img loading=\"lazy\" decoding=\"async\" width=\"766\" height=\"1024\" src=\"https:\/\/przylep.edu.pl\/przedszkole\/wp-content\/uploads\/2022\/04\/278535310_375116764513521_304863784900942908_n-766x1024.jpg\" alt=\"\" data-id=\"7250\" data-full-url=\"https:\/\/przylep.edu.pl\/przedszkole\/wp-content\/uploads\/2022\/04\/278535310_375116764513521_304863784900942908_n-scaled.jpg\" data-link=\"https:\/\/przylep.edu.pl\/przedszkole\/2022\/04\/08\/rozstrzygniecie-konkursu-wiosenny-kapelusz\/278535310_375116764513521_304863784900942908_n\/\" class=\"wp-image-7250\" srcset=\"https:\/\/przylep.edu.pl\/przedszkole\/wp-content\/uploads\/2022\/04\/278535310_375116764513521_304863784900942908_n-766x1024.jpg 766w, https:\/\/przylep.edu.pl\/przedszkole\/wp-content\/uploads\/2022\/04\/278535310_375116764513521_304863784900942908_n-224x300.jpg 224w, https:\/\/przylep.edu.pl\/przedszkole\/wp-content\/uploads\/2022\/04\/278535310_375116764513521_304863784900942908_n-768x1027.jpg 768w, https:\/\/przylep.edu.pl\/przedszkole\/wp-content\/uploads\/2022\/04\/278535310_375116764513521_304863784900942908_n-1149x1536.jpg 1149w, https:\/\/przylep.edu.pl\/przedszkole\/wp-content\/uploads\/2022\/04\/278535310_375116764513521_304863784900942908_n-1532x2048.jpg 1532w, https:\/\/przylep.edu.pl\/przedszkole\/wp-content\/uploads\/2022\/04\/278535310_375116764513521_304863784900942908_n-scaled.jpg 1915w\" sizes=\"auto, (max-width: 766px) 100vw, 766px\" \/><\/figure><\/li><li class=\"blocks-gallery-item\"><figure><img loading=\"lazy\" decoding=\"async\" width=\"1024\" height=\"768\" src=\"https:\/\/przylep.edu.pl\/przedszkole\/wp-content\/uploads\/2022\/04\/278621713_574256710370192_942220755789949371_n-1024x768.jpg\" alt=\"\" data-id=\"7251\" data-full-url=\"https:\/\/przylep.edu.pl\/przedszkole\/wp-content\/uploads\/2022\/04\/278621713_574256710370192_942220755789949371_n-scaled.jpg\" data-link=\"https:\/\/przylep.edu.pl\/przedszkole\/2022\/04\/08\/rozstrzygniecie-konkursu-wiosenny-kapelusz\/278621713_574256710370192_942220755789949371_n\/\" class=\"wp-image-7251\" srcset=\"https:\/\/przylep.edu.pl\/przedszkole\/wp-content\/uploads\/2022\/04\/278621713_574256710370192_942220755789949371_n-1024x768.jpg 1024w, https:\/\/przylep.edu.pl\/przedszkole\/wp-content\/uploads\/2022\/04\/278621713_574256710370192_942220755789949371_n-300x225.jpg 300w, https:\/\/przylep.edu.pl\/przedszkole\/wp-content\/uploads\/2022\/04\/278621713_574256710370192_942220755789949371_n-768x576.jpg 768w, https:\/\/przylep.edu.pl\/przedszkole\/wp-content\/uploads\/2022\/04\/278621713_574256710370192_942220755789949371_n-1536x1152.jpg 1536w, https:\/\/przylep.edu.pl\/przedszkole\/wp-content\/uploads\/2022\/04\/278621713_574256710370192_942220755789949371_n-2048x1536.jpg 2048w, https:\/\/przylep.edu.pl\/przedszkole\/wp-content\/uploads\/2022\/04\/278621713_574256710370192_942220755789949371_n-600x450.jpg 600w\" sizes=\"auto, (max-width: 1024px) 100vw, 1024px\" \/><\/figure><\/li><\/ul><\/figure>\n\n\n\n<figure class=\"wp-block-image size-large\"><img loading=\"lazy\" decoding=\"async\" width=\"1024\" height=\"1024\" src=\"https:\/\/przylep.edu.pl\/przedszkole\/wp-content\/uploads\/2022\/05\/279637788_385920870089578_7918868428841680761_n.jpg\" alt=\"\" class=\"wp-image-7366\" srcset=\"https:\/\/przylep.edu.pl\/przedszkole\/wp-content\/uploads\/2022\/05\/279637788_385920870089578_7918868428841680761_n.jpg 1024w, https:\/\/przylep.edu.pl\/przedszkole\/wp-content\/uploads\/2022\/05\/279637788_385920870089578_7918868428841680761_n-300x300.jpg 300w, https:\/\/przylep.edu.pl\/przedszkole\/wp-content\/uploads\/2022\/05\/279637788_385920870089578_7918868428841680761_n-150x150.jpg 150w, https:\/\/przylep.edu.pl\/przedszkole\/wp-content\/uploads\/2022\/05\/279637788_385920870089578_7918868428841680761_n-768x768.jpg 768w, https:\/\/przylep.edu.pl\/przedszkole\/wp-content\/uploads\/2022\/05\/279637788_385920870089578_7918868428841680761_n-600x600.jpg 600w\" sizes=\"auto, (max-width: 1024px) 100vw, 1024px\" \/><\/figure>\n","protected":false},"excerpt":{"rendered":"<p>W dniu 06.04. nast\u0105pi\u0142o rozstrzygni\u0119cie konkursu&#8221; Wiosenny Kapelusz&#8221;. Wszystkie prace zosta\u0142y wykonane z niezwyk\u0142\u0105 staranno\u015bci\u0105 i fantazj\u0105. JURY oceni\u0142o wszystkie prace na najwy\u017cszym poziomie. Wszystkie wiosenne kapelusze ozdobi\u0142y hol naszej plac\u00f3wki. Dyplomy i nagrody trafi\u0142y do r\u0105k wszystkich uczestnik\u00f3w wiosennego konkursu.&nbsp; &nbsp; &nbsp; &nbsp; &nbsp; Gratulacje dla uczestnik\u00f3w!<\/p>\n","protected":false},"author":2,"featured_media":7244,"comment_status":"closed","ping_status":"open","sticky":false,"template":"","format":"standard","meta":{"footnotes":""},"categories":[45,41,40],"tags":[],"class_list":["post-7239","post","type-post","status-publish","format-standard","has-post-thumbnail","hentry","category-aktualnosci","category-galerie","category-strona-glowna"],"_links":{"self":[{"href":"https:\/\/przylep.edu.pl\/przedszkole\/wp-json\/wp\/v2\/posts\/7239","targetHints":{"allow":["GET"]}}],"collection":[{"href":"https:\/\/przylep.edu.pl\/przedszkole\/wp-json\/wp\/v2\/posts"}],"about":[{"href":"https:\/\/przylep.edu.pl\/przedszkole\/wp-json\/wp\/v2\/types\/post"}],"author":[{"embeddable":true,"href":"https:\/\/przylep.edu.pl\/przedszkole\/wp-json\/wp\/v2\/users\/2"}],"replies":[{"embeddable":true,"href":"https:\/\/przylep.edu.pl\/przedszkole\/wp-json\/wp\/v2\/comments?post=7239"}],"version-history":[{"count":3,"href":"https:\/\/przylep.edu.pl\/przedszkole\/wp-json\/wp\/v2\/posts\/7239\/revisions"}],"predecessor-version":[{"id":7367,"href":"https:\/\/przylep.edu.pl\/przedszkole\/wp-json\/wp\/v2\/posts\/7239\/revisions\/7367"}],"wp:featuredmedia":[{"embeddable":true,"href":"https:\/\/przylep.edu.pl\/przedszkole\/wp-json\/wp\/v2\/media\/7244"}],"wp:attachment":[{"href":"https:\/\/przylep.edu.pl\/przedszkole\/wp-json\/wp\/v2\/media?parent=7239"}],"wp:term":[{"taxonomy":"category","embeddable":true,"href":"https:\/\/przylep.edu.pl\/przedszkole\/wp-json\/wp\/v2\/categories?post=7239"},{"taxonomy":"post_tag","embeddable":true,"href":"https:\/\/przylep.edu.pl\/przedszkole\/wp-json\/wp\/v2\/tags?post=7239"}],"curies":[{"name":"wp","href":"https:\/\/api.w.org\/{rel}","templated":true}]}}