{"id":7212,"date":"2022-04-05T17:42:00","date_gmt":"2022-04-05T15:42:00","guid":{"rendered":"https:\/\/przylep.edu.pl\/przedszkole\/?p=7212"},"modified":"2022-04-19T11:26:50","modified_gmt":"2022-04-19T09:26:50","slug":"marchewkowy-dzien","status":"publish","type":"post","link":"https:\/\/przylep.edu.pl\/przedszkole\/2022\/04\/05\/marchewkowy-dzien\/","title":{"rendered":"Marchewkowy Dzie\u0144"},"content":{"rendered":"\n<p>Dzie\u0144 4 kwietnia 2022r. by\u0142 dniem wyj\u0105tkowo \u2013 pomara\u0144czowym, marchewkowym, zdrowym i witaminowym. W tym dniu przedszkolaki pozna\u0142y zalety i walory marchewki. Dzieci mog\u0142y si\u0119 dowiedzie\u0107 wiele ciekawych rzeczy: jak bardzo jest zdrowa, zawiera wiele cennych witamin i sk\u0142adnik\u00f3w od\u017cywczych, korzystnie wp\u0142ywa na sk\u00f3r\u0119, w\u0142osy oraz wzrok. Warto pi\u0107 tak\u017ce sok z marchwi, bo to witaminowa \u201ebomba\u201d. Ten dzie\u0144 wype\u0142niony by\u0142 zabawami przy piosenkach o marchewce, pracami plastycznymi, chrupaniem surowych marchewek. <\/p>\n\n\n\n<p>Dzi\u0119ki takim dzia\u0142aniom prowadzonym ju\u017c od najm\u0142odszych lat, rozbudzamy u dzieci zainteresowanie w\u0142asnym zdrowiem, potrzeb\u0119 prawid\u0142owego od\u017cywiania si\u0119 i rozr\u00f3\u017cniania produkt\u00f3w warunkuj\u0105cych zdrowie.<\/p>\n\n\n\n<figure class=\"wp-block-gallery columns-3 is-cropped wp-block-gallery-1 is-layout-flex wp-block-gallery-is-layout-flex\"><ul class=\"blocks-gallery-grid\"><li class=\"blocks-gallery-item\"><figure><img loading=\"lazy\" decoding=\"async\" width=\"1024\" height=\"768\" src=\"https:\/\/przylep.edu.pl\/przedszkole\/wp-content\/uploads\/2022\/04\/276973831_466556071875537_5627811711450732316_n-1-1024x768.jpg\" alt=\"\" data-id=\"7213\" data-full-url=\"https:\/\/przylep.edu.pl\/przedszkole\/wp-content\/uploads\/2022\/04\/276973831_466556071875537_5627811711450732316_n-1.jpg\" data-link=\"https:\/\/przylep.edu.pl\/przedszkole\/?attachment_id=7213\" class=\"wp-image-7213\" srcset=\"https:\/\/przylep.edu.pl\/przedszkole\/wp-content\/uploads\/2022\/04\/276973831_466556071875537_5627811711450732316_n-1-1024x768.jpg 1024w, https:\/\/przylep.edu.pl\/przedszkole\/wp-content\/uploads\/2022\/04\/276973831_466556071875537_5627811711450732316_n-1-300x225.jpg 300w, https:\/\/przylep.edu.pl\/przedszkole\/wp-content\/uploads\/2022\/04\/276973831_466556071875537_5627811711450732316_n-1-768x576.jpg 768w, https:\/\/przylep.edu.pl\/przedszkole\/wp-content\/uploads\/2022\/04\/276973831_466556071875537_5627811711450732316_n-1-1536x1152.jpg 1536w, https:\/\/przylep.edu.pl\/przedszkole\/wp-content\/uploads\/2022\/04\/276973831_466556071875537_5627811711450732316_n-1-600x450.jpg 600w, https:\/\/przylep.edu.pl\/przedszkole\/wp-content\/uploads\/2022\/04\/276973831_466556071875537_5627811711450732316_n-1.jpg 2048w\" sizes=\"auto, (max-width: 1024px) 100vw, 1024px\" \/><\/figure><\/li><li class=\"blocks-gallery-item\"><figure><img loading=\"lazy\" decoding=\"async\" width=\"573\" height=\"1024\" src=\"https:\/\/przylep.edu.pl\/przedszkole\/wp-content\/uploads\/2022\/04\/277662401_359213749553307_3969875201347920703_n-573x1024.jpg\" alt=\"\" data-id=\"7214\" data-full-url=\"https:\/\/przylep.edu.pl\/przedszkole\/wp-content\/uploads\/2022\/04\/277662401_359213749553307_3969875201347920703_n.jpg\" data-link=\"https:\/\/przylep.edu.pl\/przedszkole\/?attachment_id=7214\" class=\"wp-image-7214\" srcset=\"https:\/\/przylep.edu.pl\/przedszkole\/wp-content\/uploads\/2022\/04\/277662401_359213749553307_3969875201347920703_n-573x1024.jpg 573w, https:\/\/przylep.edu.pl\/przedszkole\/wp-content\/uploads\/2022\/04\/277662401_359213749553307_3969875201347920703_n-168x300.jpg 168w, https:\/\/przylep.edu.pl\/przedszkole\/wp-content\/uploads\/2022\/04\/277662401_359213749553307_3969875201347920703_n-768x1371.jpg 768w, https:\/\/przylep.edu.pl\/przedszkole\/wp-content\/uploads\/2022\/04\/277662401_359213749553307_3969875201347920703_n-860x1536.jpg 860w, https:\/\/przylep.edu.pl\/przedszkole\/wp-content\/uploads\/2022\/04\/277662401_359213749553307_3969875201347920703_n.jpg 1120w\" sizes=\"auto, (max-width: 573px) 100vw, 573px\" \/><\/figure><\/li><li class=\"blocks-gallery-item\"><figure><img loading=\"lazy\" decoding=\"async\" width=\"576\" height=\"1024\" src=\"https:\/\/przylep.edu.pl\/przedszkole\/wp-content\/uploads\/2022\/04\/277684839_343737387797556_1311221618059270760_n-576x1024.jpg\" alt=\"\" data-id=\"7215\" data-full-url=\"https:\/\/przylep.edu.pl\/przedszkole\/wp-content\/uploads\/2022\/04\/277684839_343737387797556_1311221618059270760_n.jpg\" data-link=\"https:\/\/przylep.edu.pl\/przedszkole\/?attachment_id=7215\" class=\"wp-image-7215\" srcset=\"https:\/\/przylep.edu.pl\/przedszkole\/wp-content\/uploads\/2022\/04\/277684839_343737387797556_1311221618059270760_n-576x1024.jpg 576w, https:\/\/przylep.edu.pl\/przedszkole\/wp-content\/uploads\/2022\/04\/277684839_343737387797556_1311221618059270760_n-169x300.jpg 169w, https:\/\/przylep.edu.pl\/przedszkole\/wp-content\/uploads\/2022\/04\/277684839_343737387797556_1311221618059270760_n-768x1364.jpg 768w, https:\/\/przylep.edu.pl\/przedszkole\/wp-content\/uploads\/2022\/04\/277684839_343737387797556_1311221618059270760_n-865x1536.jpg 865w, https:\/\/przylep.edu.pl\/przedszkole\/wp-content\/uploads\/2022\/04\/277684839_343737387797556_1311221618059270760_n.jpg 976w\" sizes=\"auto, (max-width: 576px) 100vw, 576px\" \/><\/figure><\/li><li class=\"blocks-gallery-item\"><figure><img loading=\"lazy\" decoding=\"async\" width=\"960\" height=\"720\" src=\"https:\/\/przylep.edu.pl\/przedszkole\/wp-content\/uploads\/2022\/04\/277685626_301402538814160_445262577192665151_n.jpg\" alt=\"\" data-id=\"7216\" data-full-url=\"https:\/\/przylep.edu.pl\/przedszkole\/wp-content\/uploads\/2022\/04\/277685626_301402538814160_445262577192665151_n.jpg\" data-link=\"https:\/\/przylep.edu.pl\/przedszkole\/?attachment_id=7216\" class=\"wp-image-7216\" srcset=\"https:\/\/przylep.edu.pl\/przedszkole\/wp-content\/uploads\/2022\/04\/277685626_301402538814160_445262577192665151_n.jpg 960w, https:\/\/przylep.edu.pl\/przedszkole\/wp-content\/uploads\/2022\/04\/277685626_301402538814160_445262577192665151_n-300x225.jpg 300w, https:\/\/przylep.edu.pl\/przedszkole\/wp-content\/uploads\/2022\/04\/277685626_301402538814160_445262577192665151_n-768x576.jpg 768w, https:\/\/przylep.edu.pl\/przedszkole\/wp-content\/uploads\/2022\/04\/277685626_301402538814160_445262577192665151_n-600x450.jpg 600w\" sizes=\"auto, (max-width: 960px) 100vw, 960px\" \/><\/figure><\/li><li class=\"blocks-gallery-item\"><figure><img loading=\"lazy\" decoding=\"async\" width=\"767\" height=\"1024\" src=\"https:\/\/przylep.edu.pl\/przedszkole\/wp-content\/uploads\/2022\/04\/277720729_726225821706581_1492195876756978655_n-767x1024.jpg\" alt=\"\" data-id=\"7217\" data-full-url=\"https:\/\/przylep.edu.pl\/przedszkole\/wp-content\/uploads\/2022\/04\/277720729_726225821706581_1492195876756978655_n.jpg\" data-link=\"https:\/\/przylep.edu.pl\/przedszkole\/?attachment_id=7217\" class=\"wp-image-7217\" srcset=\"https:\/\/przylep.edu.pl\/przedszkole\/wp-content\/uploads\/2022\/04\/277720729_726225821706581_1492195876756978655_n-767x1024.jpg 767w, https:\/\/przylep.edu.pl\/przedszkole\/wp-content\/uploads\/2022\/04\/277720729_726225821706581_1492195876756978655_n-225x300.jpg 225w, https:\/\/przylep.edu.pl\/przedszkole\/wp-content\/uploads\/2022\/04\/277720729_726225821706581_1492195876756978655_n-768x1026.jpg 768w, https:\/\/przylep.edu.pl\/przedszkole\/wp-content\/uploads\/2022\/04\/277720729_726225821706581_1492195876756978655_n-1150x1536.jpg 1150w, https:\/\/przylep.edu.pl\/przedszkole\/wp-content\/uploads\/2022\/04\/277720729_726225821706581_1492195876756978655_n.jpg 1533w\" sizes=\"auto, (max-width: 767px) 100vw, 767px\" \/><\/figure><\/li><li class=\"blocks-gallery-item\"><figure><img loading=\"lazy\" decoding=\"async\" width=\"768\" height=\"1024\" src=\"https:\/\/przylep.edu.pl\/przedszkole\/wp-content\/uploads\/2022\/04\/277747446_5015539535161021_6641542260682611665_n-768x1024.jpg\" alt=\"\" data-id=\"7218\" data-full-url=\"https:\/\/przylep.edu.pl\/przedszkole\/wp-content\/uploads\/2022\/04\/277747446_5015539535161021_6641542260682611665_n.jpg\" data-link=\"https:\/\/przylep.edu.pl\/przedszkole\/?attachment_id=7218\" class=\"wp-image-7218\" srcset=\"https:\/\/przylep.edu.pl\/przedszkole\/wp-content\/uploads\/2022\/04\/277747446_5015539535161021_6641542260682611665_n-768x1024.jpg 768w, https:\/\/przylep.edu.pl\/przedszkole\/wp-content\/uploads\/2022\/04\/277747446_5015539535161021_6641542260682611665_n-225x300.jpg 225w, https:\/\/przylep.edu.pl\/przedszkole\/wp-content\/uploads\/2022\/04\/277747446_5015539535161021_6641542260682611665_n-1152x1536.jpg 1152w, https:\/\/przylep.edu.pl\/przedszkole\/wp-content\/uploads\/2022\/04\/277747446_5015539535161021_6641542260682611665_n.jpg 1536w\" sizes=\"auto, (max-width: 768px) 100vw, 768px\" \/><\/figure><\/li><li class=\"blocks-gallery-item\"><figure><img loading=\"lazy\" decoding=\"async\" width=\"768\" height=\"1024\" src=\"https:\/\/przylep.edu.pl\/przedszkole\/wp-content\/uploads\/2022\/04\/277787661_5015540751827566_7717097323445811285_n-768x1024.jpg\" alt=\"\" data-id=\"7219\" data-full-url=\"https:\/\/przylep.edu.pl\/przedszkole\/wp-content\/uploads\/2022\/04\/277787661_5015540751827566_7717097323445811285_n.jpg\" data-link=\"https:\/\/przylep.edu.pl\/przedszkole\/?attachment_id=7219\" class=\"wp-image-7219\" srcset=\"https:\/\/przylep.edu.pl\/przedszkole\/wp-content\/uploads\/2022\/04\/277787661_5015540751827566_7717097323445811285_n-768x1024.jpg 768w, https:\/\/przylep.edu.pl\/przedszkole\/wp-content\/uploads\/2022\/04\/277787661_5015540751827566_7717097323445811285_n-225x300.jpg 225w, https:\/\/przylep.edu.pl\/przedszkole\/wp-content\/uploads\/2022\/04\/277787661_5015540751827566_7717097323445811285_n-1152x1536.jpg 1152w, https:\/\/przylep.edu.pl\/przedszkole\/wp-content\/uploads\/2022\/04\/277787661_5015540751827566_7717097323445811285_n.jpg 1536w\" sizes=\"auto, (max-width: 768px) 100vw, 768px\" \/><\/figure><\/li><li class=\"blocks-gallery-item\"><figure><img loading=\"lazy\" decoding=\"async\" width=\"960\" height=\"720\" src=\"https:\/\/przylep.edu.pl\/przedszkole\/wp-content\/uploads\/2022\/04\/277870269_4996739060412449_4409761454487681733_n.jpg\" alt=\"\" data-id=\"7220\" data-full-url=\"https:\/\/przylep.edu.pl\/przedszkole\/wp-content\/uploads\/2022\/04\/277870269_4996739060412449_4409761454487681733_n.jpg\" data-link=\"https:\/\/przylep.edu.pl\/przedszkole\/?attachment_id=7220\" class=\"wp-image-7220\" srcset=\"https:\/\/przylep.edu.pl\/przedszkole\/wp-content\/uploads\/2022\/04\/277870269_4996739060412449_4409761454487681733_n.jpg 960w, https:\/\/przylep.edu.pl\/przedszkole\/wp-content\/uploads\/2022\/04\/277870269_4996739060412449_4409761454487681733_n-300x225.jpg 300w, https:\/\/przylep.edu.pl\/przedszkole\/wp-content\/uploads\/2022\/04\/277870269_4996739060412449_4409761454487681733_n-768x576.jpg 768w, https:\/\/przylep.edu.pl\/przedszkole\/wp-content\/uploads\/2022\/04\/277870269_4996739060412449_4409761454487681733_n-600x450.jpg 600w\" sizes=\"auto, (max-width: 960px) 100vw, 960px\" \/><\/figure><\/li><li class=\"blocks-gallery-item\"><figure><img loading=\"lazy\" decoding=\"async\" width=\"960\" height=\"720\" src=\"https:\/\/przylep.edu.pl\/przedszkole\/wp-content\/uploads\/2022\/04\/277889360_264527995887023_3606518014998913446_n.jpg\" alt=\"\" data-id=\"7221\" data-full-url=\"https:\/\/przylep.edu.pl\/przedszkole\/wp-content\/uploads\/2022\/04\/277889360_264527995887023_3606518014998913446_n.jpg\" data-link=\"https:\/\/przylep.edu.pl\/przedszkole\/?attachment_id=7221\" class=\"wp-image-7221\" srcset=\"https:\/\/przylep.edu.pl\/przedszkole\/wp-content\/uploads\/2022\/04\/277889360_264527995887023_3606518014998913446_n.jpg 960w, https:\/\/przylep.edu.pl\/przedszkole\/wp-content\/uploads\/2022\/04\/277889360_264527995887023_3606518014998913446_n-300x225.jpg 300w, https:\/\/przylep.edu.pl\/przedszkole\/wp-content\/uploads\/2022\/04\/277889360_264527995887023_3606518014998913446_n-768x576.jpg 768w, https:\/\/przylep.edu.pl\/przedszkole\/wp-content\/uploads\/2022\/04\/277889360_264527995887023_3606518014998913446_n-600x450.jpg 600w\" sizes=\"auto, (max-width: 960px) 100vw, 960px\" \/><\/figure><\/li><li class=\"blocks-gallery-item\"><figure><img loading=\"lazy\" decoding=\"async\" width=\"573\" height=\"1024\" src=\"https:\/\/przylep.edu.pl\/przedszkole\/wp-content\/uploads\/2022\/04\/277899128_523982009117413_2121198286456499913_n-573x1024.jpg\" alt=\"\" data-id=\"7222\" data-full-url=\"https:\/\/przylep.edu.pl\/przedszkole\/wp-content\/uploads\/2022\/04\/277899128_523982009117413_2121198286456499913_n.jpg\" data-link=\"https:\/\/przylep.edu.pl\/przedszkole\/?attachment_id=7222\" class=\"wp-image-7222\" srcset=\"https:\/\/przylep.edu.pl\/przedszkole\/wp-content\/uploads\/2022\/04\/277899128_523982009117413_2121198286456499913_n-573x1024.jpg 573w, https:\/\/przylep.edu.pl\/przedszkole\/wp-content\/uploads\/2022\/04\/277899128_523982009117413_2121198286456499913_n-168x300.jpg 168w, https:\/\/przylep.edu.pl\/przedszkole\/wp-content\/uploads\/2022\/04\/277899128_523982009117413_2121198286456499913_n-768x1371.jpg 768w, https:\/\/przylep.edu.pl\/przedszkole\/wp-content\/uploads\/2022\/04\/277899128_523982009117413_2121198286456499913_n-860x1536.jpg 860w, https:\/\/przylep.edu.pl\/przedszkole\/wp-content\/uploads\/2022\/04\/277899128_523982009117413_2121198286456499913_n.jpg 1120w\" sizes=\"auto, (max-width: 573px) 100vw, 573px\" \/><\/figure><\/li><\/ul><\/figure>\n","protected":false},"excerpt":{"rendered":"<p>Dzie\u0144 4 kwietnia 2022r. by\u0142 dniem wyj\u0105tkowo \u2013 pomara\u0144czowym, marchewkowym, zdrowym i witaminowym. W tym dniu przedszkolaki pozna\u0142y zalety i walory marchewki. Dzieci mog\u0142y si\u0119 dowiedzie\u0107 wiele ciekawych rzeczy: jak bardzo jest zdrowa, zawiera wiele cennych witamin i sk\u0142adnik\u00f3w od\u017cywczych, korzystnie wp\u0142ywa na sk\u00f3r\u0119, w\u0142osy oraz wzrok. Warto pi\u0107 tak\u017ce sok z marchwi, bo to [&hellip;]<\/p>\n","protected":false},"author":2,"featured_media":7223,"comment_status":"closed","ping_status":"open","sticky":false,"template":"","format":"standard","meta":{"footnotes":""},"categories":[45,41,43,42,51,50,44,40],"tags":[],"class_list":["post-7212","post","type-post","status-publish","format-standard","has-post-thumbnail","hentry","category-aktualnosci","category-galerie","category-limonkowa","category-niebieska","category-pomaranczowa","category-wrzosowa","category-zolta","category-strona-glowna"],"_links":{"self":[{"href":"https:\/\/przylep.edu.pl\/przedszkole\/wp-json\/wp\/v2\/posts\/7212","targetHints":{"allow":["GET"]}}],"collection":[{"href":"https:\/\/przylep.edu.pl\/przedszkole\/wp-json\/wp\/v2\/posts"}],"about":[{"href":"https:\/\/przylep.edu.pl\/przedszkole\/wp-json\/wp\/v2\/types\/post"}],"author":[{"embeddable":true,"href":"https:\/\/przylep.edu.pl\/przedszkole\/wp-json\/wp\/v2\/users\/2"}],"replies":[{"embeddable":true,"href":"https:\/\/przylep.edu.pl\/przedszkole\/wp-json\/wp\/v2\/comments?post=7212"}],"version-history":[{"count":1,"href":"https:\/\/przylep.edu.pl\/przedszkole\/wp-json\/wp\/v2\/posts\/7212\/revisions"}],"predecessor-version":[{"id":7224,"href":"https:\/\/przylep.edu.pl\/przedszkole\/wp-json\/wp\/v2\/posts\/7212\/revisions\/7224"}],"wp:featuredmedia":[{"embeddable":true,"href":"https:\/\/przylep.edu.pl\/przedszkole\/wp-json\/wp\/v2\/media\/7223"}],"wp:attachment":[{"href":"https:\/\/przylep.edu.pl\/przedszkole\/wp-json\/wp\/v2\/media?parent=7212"}],"wp:term":[{"taxonomy":"category","embeddable":true,"href":"https:\/\/przylep.edu.pl\/przedszkole\/wp-json\/wp\/v2\/categories?post=7212"},{"taxonomy":"post_tag","embeddable":true,"href":"https:\/\/przylep.edu.pl\/przedszkole\/wp-json\/wp\/v2\/tags?post=7212"}],"curies":[{"name":"wp","href":"https:\/\/api.w.org\/{rel}","templated":true}]}}