{"id":7197,"date":"2022-04-15T14:15:30","date_gmt":"2022-04-15T12:15:30","guid":{"rendered":"https:\/\/przylep.edu.pl\/przedszkole\/?p=7197"},"modified":"2022-04-15T14:43:47","modified_gmt":"2022-04-15T12:43:47","slug":"wielkanocne-zyczenia","status":"publish","type":"post","link":"https:\/\/przylep.edu.pl\/przedszkole\/2022\/04\/15\/wielkanocne-zyczenia\/","title":{"rendered":"Wielkanocne \u017cyczenia"},"content":{"rendered":"\n<div class=\"wp-block-media-text alignwide is-stacked-on-mobile\"><figure class=\"wp-block-media-text__media\"><img loading=\"lazy\" decoding=\"async\" width=\"1024\" height=\"768\" src=\"https:\/\/przylep.edu.pl\/przedszkole\/wp-content\/uploads\/2022\/04\/IMG_20220415_141728-1-1024x768.jpg\" alt=\"\" class=\"wp-image-7201 size-full\" srcset=\"https:\/\/przylep.edu.pl\/przedszkole\/wp-content\/uploads\/2022\/04\/IMG_20220415_141728-1-1024x768.jpg 1024w, https:\/\/przylep.edu.pl\/przedszkole\/wp-content\/uploads\/2022\/04\/IMG_20220415_141728-1-300x225.jpg 300w, https:\/\/przylep.edu.pl\/przedszkole\/wp-content\/uploads\/2022\/04\/IMG_20220415_141728-1-768x576.jpg 768w, https:\/\/przylep.edu.pl\/przedszkole\/wp-content\/uploads\/2022\/04\/IMG_20220415_141728-1-1536x1152.jpg 1536w, https:\/\/przylep.edu.pl\/przedszkole\/wp-content\/uploads\/2022\/04\/IMG_20220415_141728-1-2048x1536.jpg 2048w, https:\/\/przylep.edu.pl\/przedszkole\/wp-content\/uploads\/2022\/04\/IMG_20220415_141728-1-600x450.jpg 600w\" sizes=\"auto, (max-width: 1024px) 100vw, 1024px\" \/><\/figure><div class=\"wp-block-media-text__content\">\n<p class=\"has-text-align-center\"><strong>Na te \u015awi\u0119ta Wielkanocne<\/strong><\/p>\n\n\n\n<p class=\"has-text-align-center\">&nbsp;pragniemy z\u0142o\u017cy\u0107 najserdeczniejsze \u017cyczenia<\/p>\n\n\n\n<p class=\"has-text-align-center\">\u00a0wszelkiej pomy\u015blno\u015bci, zdrowia <br>i smacznego jajka.<\/p>\n\n\n\n<p class=\"has-text-align-center\">Niech te \u015awi\u0119ta<\/p>\n\n\n\n<p class=\"has-text-align-center\">\u00a0nios\u0105 nam wszystkim nadziej\u0119 <br>na spokojn\u0105 przysz\u0142o\u015b\u0107,<\/p>\n\n\n\n<p class=\"has-text-align-center\">pok\u00f3j na \u015bwiecie<\/p>\n\n\n\n<p class=\"has-text-align-center\">\u00a0i dostatek w naszym w\u0142asnym kraju.<\/p>\n\n\n\n<p class=\"has-text-align-center\"><em>Dyrektor, Nauczyciele, Pracownicy<\/em>, <em>Uczniowie<\/em>, <em>Dzieci<\/em><\/p>\n\n\n\n<p class=\"has-text-align-center\"><em>\u00a0Zespo\u0142u Szkolno-Przedszkolnego <\/em><br><em>w Przylepie<\/em><\/p>\n<\/div><\/div>\n\n\n\n<p class=\"has-text-align-center\"><\/p>\n","protected":false},"excerpt":{"rendered":"<p>Na te \u015awi\u0119ta Wielkanocne &nbsp;pragniemy z\u0142o\u017cy\u0107 najserdeczniejsze \u017cyczenia \u00a0wszelkiej pomy\u015blno\u015bci, zdrowia i smacznego jajka. Niech te \u015awi\u0119ta \u00a0nios\u0105 nam wszystkim nadziej\u0119 na spokojn\u0105 przysz\u0142o\u015b\u0107, pok\u00f3j na \u015bwiecie \u00a0i dostatek w naszym w\u0142asnym kraju. Dyrektor, Nauczyciele, Pracownicy, Uczniowie, Dzieci \u00a0Zespo\u0142u Szkolno-Przedszkolnego w Przylepie<\/p>\n","protected":false},"author":2,"featured_media":7198,"comment_status":"closed","ping_status":"open","sticky":false,"template":"","format":"standard","meta":{"footnotes":""},"categories":[45,40],"tags":[],"class_list":["post-7197","post","type-post","status-publish","format-standard","has-post-thumbnail","hentry","category-aktualnosci","category-strona-glowna"],"_links":{"self":[{"href":"https:\/\/przylep.edu.pl\/przedszkole\/wp-json\/wp\/v2\/posts\/7197","targetHints":{"allow":["GET"]}}],"collection":[{"href":"https:\/\/przylep.edu.pl\/przedszkole\/wp-json\/wp\/v2\/posts"}],"about":[{"href":"https:\/\/przylep.edu.pl\/przedszkole\/wp-json\/wp\/v2\/types\/post"}],"author":[{"embeddable":true,"href":"https:\/\/przylep.edu.pl\/przedszkole\/wp-json\/wp\/v2\/users\/2"}],"replies":[{"embeddable":true,"href":"https:\/\/przylep.edu.pl\/przedszkole\/wp-json\/wp\/v2\/comments?post=7197"}],"version-history":[{"count":5,"href":"https:\/\/przylep.edu.pl\/przedszkole\/wp-json\/wp\/v2\/posts\/7197\/revisions"}],"predecessor-version":[{"id":7207,"href":"https:\/\/przylep.edu.pl\/przedszkole\/wp-json\/wp\/v2\/posts\/7197\/revisions\/7207"}],"wp:featuredmedia":[{"embeddable":true,"href":"https:\/\/przylep.edu.pl\/przedszkole\/wp-json\/wp\/v2\/media\/7198"}],"wp:attachment":[{"href":"https:\/\/przylep.edu.pl\/przedszkole\/wp-json\/wp\/v2\/media?parent=7197"}],"wp:term":[{"taxonomy":"category","embeddable":true,"href":"https:\/\/przylep.edu.pl\/przedszkole\/wp-json\/wp\/v2\/categories?post=7197"},{"taxonomy":"post_tag","embeddable":true,"href":"https:\/\/przylep.edu.pl\/przedszkole\/wp-json\/wp\/v2\/tags?post=7197"}],"curies":[{"name":"wp","href":"https:\/\/api.w.org\/{rel}","templated":true}]}}