{"id":7184,"date":"2022-03-11T20:14:00","date_gmt":"2022-03-11T19:14:00","guid":{"rendered":"https:\/\/przylep.edu.pl\/przedszkole\/?p=7184"},"modified":"2022-04-03T20:32:46","modified_gmt":"2022-04-03T18:32:46","slug":"donuta-przedstawia-wizyta-w-filharmonii","status":"publish","type":"post","link":"https:\/\/przylep.edu.pl\/przedszkole\/2022\/03\/11\/donuta-przedstawia-wizyta-w-filharmonii\/","title":{"rendered":"DoNuta przedstawia&#8230; wizyta w Filharmonii"},"content":{"rendered":"\n<p>8 marca  uczniowie klas I-II wraz z wychowawczyniami wyjechali do filharmonii w Szczecinie na koncert z cyklu &#8222;Donuta  przedstawia: Instrumenty d\u0119te drewniane&#8221;.  Dzieci mia\u0142y okazj\u0119 obcowania na \u017cywo z muzykami i instrumentami. <\/p>\n\n\n\n<figure class=\"wp-block-gallery columns-3 is-cropped wp-block-gallery-1 is-layout-flex wp-block-gallery-is-layout-flex\"><ul class=\"blocks-gallery-grid\"><li class=\"blocks-gallery-item\"><figure><img loading=\"lazy\" decoding=\"async\" width=\"492\" height=\"1024\" src=\"https:\/\/przylep.edu.pl\/przedszkole\/wp-content\/uploads\/2022\/04\/275128613_632089271221842_4202851748893524976_n-492x1024.jpg\" alt=\"\" data-id=\"7185\" data-full-url=\"https:\/\/przylep.edu.pl\/przedszkole\/wp-content\/uploads\/2022\/04\/275128613_632089271221842_4202851748893524976_n-scaled.jpg\" data-link=\"https:\/\/przylep.edu.pl\/przedszkole\/?attachment_id=7185\" class=\"wp-image-7185\" srcset=\"https:\/\/przylep.edu.pl\/przedszkole\/wp-content\/uploads\/2022\/04\/275128613_632089271221842_4202851748893524976_n-492x1024.jpg 492w, https:\/\/przylep.edu.pl\/przedszkole\/wp-content\/uploads\/2022\/04\/275128613_632089271221842_4202851748893524976_n-144x300.jpg 144w, https:\/\/przylep.edu.pl\/przedszkole\/wp-content\/uploads\/2022\/04\/275128613_632089271221842_4202851748893524976_n-768x1597.jpg 768w, https:\/\/przylep.edu.pl\/przedszkole\/wp-content\/uploads\/2022\/04\/275128613_632089271221842_4202851748893524976_n-738x1536.jpg 738w, https:\/\/przylep.edu.pl\/przedszkole\/wp-content\/uploads\/2022\/04\/275128613_632089271221842_4202851748893524976_n-985x2048.jpg 985w, https:\/\/przylep.edu.pl\/przedszkole\/wp-content\/uploads\/2022\/04\/275128613_632089271221842_4202851748893524976_n-scaled.jpg 1231w\" sizes=\"auto, (max-width: 492px) 100vw, 492px\" \/><\/figure><\/li><li class=\"blocks-gallery-item\"><figure><img loading=\"lazy\" decoding=\"async\" width=\"1024\" height=\"492\" src=\"https:\/\/przylep.edu.pl\/przedszkole\/wp-content\/uploads\/2022\/04\/275445591_5544547585565979_8624864511409597951_n-1024x492.jpg\" alt=\"\" data-id=\"7187\" data-full-url=\"https:\/\/przylep.edu.pl\/przedszkole\/wp-content\/uploads\/2022\/04\/275445591_5544547585565979_8624864511409597951_n-scaled.jpg\" data-link=\"https:\/\/przylep.edu.pl\/przedszkole\/?attachment_id=7187\" class=\"wp-image-7187\" srcset=\"https:\/\/przylep.edu.pl\/przedszkole\/wp-content\/uploads\/2022\/04\/275445591_5544547585565979_8624864511409597951_n-1024x492.jpg 1024w, https:\/\/przylep.edu.pl\/przedszkole\/wp-content\/uploads\/2022\/04\/275445591_5544547585565979_8624864511409597951_n-300x144.jpg 300w, https:\/\/przylep.edu.pl\/przedszkole\/wp-content\/uploads\/2022\/04\/275445591_5544547585565979_8624864511409597951_n-768x369.jpg 768w, https:\/\/przylep.edu.pl\/przedszkole\/wp-content\/uploads\/2022\/04\/275445591_5544547585565979_8624864511409597951_n-1536x738.jpg 1536w, https:\/\/przylep.edu.pl\/przedszkole\/wp-content\/uploads\/2022\/04\/275445591_5544547585565979_8624864511409597951_n-2048x985.jpg 2048w\" sizes=\"auto, (max-width: 1024px) 100vw, 1024px\" \/><\/figure><\/li><li class=\"blocks-gallery-item\"><figure><img loading=\"lazy\" decoding=\"async\" width=\"1024\" height=\"769\" src=\"https:\/\/przylep.edu.pl\/przedszkole\/wp-content\/uploads\/2022\/04\/275747784_5192612080789423_7061689777710301023_n-1024x769.jpg\" alt=\"\" data-id=\"7188\" data-full-url=\"https:\/\/przylep.edu.pl\/przedszkole\/wp-content\/uploads\/2022\/04\/275747784_5192612080789423_7061689777710301023_n-scaled.jpg\" data-link=\"https:\/\/przylep.edu.pl\/przedszkole\/?attachment_id=7188\" class=\"wp-image-7188\" srcset=\"https:\/\/przylep.edu.pl\/przedszkole\/wp-content\/uploads\/2022\/04\/275747784_5192612080789423_7061689777710301023_n-1024x769.jpg 1024w, https:\/\/przylep.edu.pl\/przedszkole\/wp-content\/uploads\/2022\/04\/275747784_5192612080789423_7061689777710301023_n-300x225.jpg 300w, https:\/\/przylep.edu.pl\/przedszkole\/wp-content\/uploads\/2022\/04\/275747784_5192612080789423_7061689777710301023_n-768x577.jpg 768w, https:\/\/przylep.edu.pl\/przedszkole\/wp-content\/uploads\/2022\/04\/275747784_5192612080789423_7061689777710301023_n-1536x1153.jpg 1536w, https:\/\/przylep.edu.pl\/przedszkole\/wp-content\/uploads\/2022\/04\/275747784_5192612080789423_7061689777710301023_n-2048x1538.jpg 2048w, https:\/\/przylep.edu.pl\/przedszkole\/wp-content\/uploads\/2022\/04\/275747784_5192612080789423_7061689777710301023_n-600x450.jpg 600w\" sizes=\"auto, (max-width: 1024px) 100vw, 1024px\" \/><\/figure><\/li><li class=\"blocks-gallery-item\"><figure><img loading=\"lazy\" decoding=\"async\" width=\"1024\" height=\"769\" src=\"https:\/\/przylep.edu.pl\/przedszkole\/wp-content\/uploads\/2022\/04\/275987597_671717340763435_1984158311996628706_n-1024x769.jpg\" alt=\"\" data-id=\"7189\" data-full-url=\"https:\/\/przylep.edu.pl\/przedszkole\/wp-content\/uploads\/2022\/04\/275987597_671717340763435_1984158311996628706_n-scaled.jpg\" data-link=\"https:\/\/przylep.edu.pl\/przedszkole\/?attachment_id=7189\" class=\"wp-image-7189\" srcset=\"https:\/\/przylep.edu.pl\/przedszkole\/wp-content\/uploads\/2022\/04\/275987597_671717340763435_1984158311996628706_n-1024x769.jpg 1024w, https:\/\/przylep.edu.pl\/przedszkole\/wp-content\/uploads\/2022\/04\/275987597_671717340763435_1984158311996628706_n-300x225.jpg 300w, https:\/\/przylep.edu.pl\/przedszkole\/wp-content\/uploads\/2022\/04\/275987597_671717340763435_1984158311996628706_n-768x577.jpg 768w, https:\/\/przylep.edu.pl\/przedszkole\/wp-content\/uploads\/2022\/04\/275987597_671717340763435_1984158311996628706_n-1536x1154.jpg 1536w, https:\/\/przylep.edu.pl\/przedszkole\/wp-content\/uploads\/2022\/04\/275987597_671717340763435_1984158311996628706_n-2048x1538.jpg 2048w, https:\/\/przylep.edu.pl\/przedszkole\/wp-content\/uploads\/2022\/04\/275987597_671717340763435_1984158311996628706_n-600x450.jpg 600w\" sizes=\"auto, (max-width: 1024px) 100vw, 1024px\" \/><\/figure><\/li><li class=\"blocks-gallery-item\"><figure><img loading=\"lazy\" decoding=\"async\" width=\"1024\" height=\"492\" src=\"https:\/\/przylep.edu.pl\/przedszkole\/wp-content\/uploads\/2022\/04\/276973831_466556071875537_5627811711450732316_n-1024x492.jpg\" alt=\"\" data-id=\"7190\" data-full-url=\"https:\/\/przylep.edu.pl\/przedszkole\/wp-content\/uploads\/2022\/04\/276973831_466556071875537_5627811711450732316_n-scaled.jpg\" data-link=\"https:\/\/przylep.edu.pl\/przedszkole\/?attachment_id=7190\" class=\"wp-image-7190\" srcset=\"https:\/\/przylep.edu.pl\/przedszkole\/wp-content\/uploads\/2022\/04\/276973831_466556071875537_5627811711450732316_n-1024x492.jpg 1024w, https:\/\/przylep.edu.pl\/przedszkole\/wp-content\/uploads\/2022\/04\/276973831_466556071875537_5627811711450732316_n-300x144.jpg 300w, https:\/\/przylep.edu.pl\/przedszkole\/wp-content\/uploads\/2022\/04\/276973831_466556071875537_5627811711450732316_n-768x369.jpg 768w, https:\/\/przylep.edu.pl\/przedszkole\/wp-content\/uploads\/2022\/04\/276973831_466556071875537_5627811711450732316_n-1536x738.jpg 1536w, https:\/\/przylep.edu.pl\/przedszkole\/wp-content\/uploads\/2022\/04\/276973831_466556071875537_5627811711450732316_n-2048x985.jpg 2048w\" sizes=\"auto, (max-width: 1024px) 100vw, 1024px\" \/><\/figure><\/li><\/ul><\/figure>\n\n\n\n<p>Okazuje si\u0119, \u017ce\u00a0 aktywne s\u0142uchanie muzyki to doskona\u0142a zabawa!<\/p>\n","protected":false},"excerpt":{"rendered":"<p>8 marca uczniowie klas I-II wraz z wychowawczyniami wyjechali do filharmonii w Szczecinie na koncert z cyklu &#8222;Donuta przedstawia: Instrumenty d\u0119te drewniane&#8221;. Dzieci mia\u0142y okazj\u0119 obcowania na \u017cywo z muzykami i instrumentami. Okazuje si\u0119, \u017ce\u00a0 aktywne s\u0142uchanie muzyki to doskona\u0142a zabawa!<\/p>\n","protected":false},"author":2,"featured_media":7191,"comment_status":"closed","ping_status":"open","sticky":false,"template":"","format":"standard","meta":{"footnotes":""},"categories":[45,41],"tags":[],"class_list":["post-7184","post","type-post","status-publish","format-standard","has-post-thumbnail","hentry","category-aktualnosci","category-galerie"],"_links":{"self":[{"href":"https:\/\/przylep.edu.pl\/przedszkole\/wp-json\/wp\/v2\/posts\/7184","targetHints":{"allow":["GET"]}}],"collection":[{"href":"https:\/\/przylep.edu.pl\/przedszkole\/wp-json\/wp\/v2\/posts"}],"about":[{"href":"https:\/\/przylep.edu.pl\/przedszkole\/wp-json\/wp\/v2\/types\/post"}],"author":[{"embeddable":true,"href":"https:\/\/przylep.edu.pl\/przedszkole\/wp-json\/wp\/v2\/users\/2"}],"replies":[{"embeddable":true,"href":"https:\/\/przylep.edu.pl\/przedszkole\/wp-json\/wp\/v2\/comments?post=7184"}],"version-history":[{"count":1,"href":"https:\/\/przylep.edu.pl\/przedszkole\/wp-json\/wp\/v2\/posts\/7184\/revisions"}],"predecessor-version":[{"id":7192,"href":"https:\/\/przylep.edu.pl\/przedszkole\/wp-json\/wp\/v2\/posts\/7184\/revisions\/7192"}],"wp:featuredmedia":[{"embeddable":true,"href":"https:\/\/przylep.edu.pl\/przedszkole\/wp-json\/wp\/v2\/media\/7191"}],"wp:attachment":[{"href":"https:\/\/przylep.edu.pl\/przedszkole\/wp-json\/wp\/v2\/media?parent=7184"}],"wp:term":[{"taxonomy":"category","embeddable":true,"href":"https:\/\/przylep.edu.pl\/przedszkole\/wp-json\/wp\/v2\/categories?post=7184"},{"taxonomy":"post_tag","embeddable":true,"href":"https:\/\/przylep.edu.pl\/przedszkole\/wp-json\/wp\/v2\/tags?post=7184"}],"curies":[{"name":"wp","href":"https:\/\/api.w.org\/{rel}","templated":true}]}}