{"id":7166,"date":"2022-04-01T19:45:00","date_gmt":"2022-04-01T17:45:00","guid":{"rendered":"https:\/\/przylep.edu.pl\/przedszkole\/?p=7166"},"modified":"2022-04-03T20:11:08","modified_gmt":"2022-04-03T18:11:08","slug":"wycieczka-do-domu-chleba","status":"publish","type":"post","link":"https:\/\/przylep.edu.pl\/przedszkole\/2022\/04\/01\/wycieczka-do-domu-chleba\/","title":{"rendered":"Wycieczka do domu chleba"},"content":{"rendered":"\n<p>25 marca uczniowie klas 0 i I  wraz z opiekunami wybrali si\u0119 na wycieczk\u0119 do \u201eChlebowego \u00a0Domu&#8221; w Marianowie nieopodal Stargardu. G\u0142\u00f3wn\u0105 atrakcj\u0105 wycieczki by\u0142y warsztaty piekarniczo-cukiernicze dla dzieci na terenie gospodarstwa agroturystycznego. Uczniowie w\u0142asnor\u0119cznie formowali podp\u0142omyki, chlebki, bu\u0142ki dro\u017cd\u017cowe i ciastka. Wszystkie wypieki \u00a0zabrali do domu, aby rodzice ocenili ich w\u0142asnor\u0119cznie zrobione smako\u0142yki. Kolejn\u0105 atrakcj\u0105 \u00a0wycieczki by\u0142a przeja\u017cd\u017cka elektrycznym pojazdem wycieczkowo-spacerowym. <\/p>\n\n\n\n<p>Na koniec wszyscy z wielk\u0105 rado\u015bci\u0105 smakowali pachn\u0105c\u0105 pizz\u0119 prosto z pieca, kt\u00f3r\u0105 przygotowali gospodarze.<\/p>\n\n\n\n<figure class=\"wp-block-gallery columns-3 is-cropped wp-block-gallery-1 is-layout-flex wp-block-gallery-is-layout-flex\"><ul class=\"blocks-gallery-grid\"><li class=\"blocks-gallery-item\"><figure><img loading=\"lazy\" decoding=\"async\" width=\"1024\" height=\"683\" src=\"https:\/\/przylep.edu.pl\/przedszkole\/wp-content\/uploads\/2022\/04\/275056492_502320041459711_7236109215989915124_n-1024x683.jpg\" alt=\"\" data-id=\"7167\" data-full-url=\"https:\/\/przylep.edu.pl\/przedszkole\/wp-content\/uploads\/2022\/04\/275056492_502320041459711_7236109215989915124_n-scaled.jpg\" data-link=\"https:\/\/przylep.edu.pl\/przedszkole\/?attachment_id=7167\" class=\"wp-image-7167\" srcset=\"https:\/\/przylep.edu.pl\/przedszkole\/wp-content\/uploads\/2022\/04\/275056492_502320041459711_7236109215989915124_n-1024x683.jpg 1024w, https:\/\/przylep.edu.pl\/przedszkole\/wp-content\/uploads\/2022\/04\/275056492_502320041459711_7236109215989915124_n-300x200.jpg 300w, https:\/\/przylep.edu.pl\/przedszkole\/wp-content\/uploads\/2022\/04\/275056492_502320041459711_7236109215989915124_n-768x512.jpg 768w, https:\/\/przylep.edu.pl\/przedszkole\/wp-content\/uploads\/2022\/04\/275056492_502320041459711_7236109215989915124_n-1536x1024.jpg 1536w, https:\/\/przylep.edu.pl\/przedszkole\/wp-content\/uploads\/2022\/04\/275056492_502320041459711_7236109215989915124_n-2048x1365.jpg 2048w\" sizes=\"auto, (max-width: 1024px) 100vw, 1024px\" \/><\/figure><\/li><li class=\"blocks-gallery-item\"><figure><img loading=\"lazy\" decoding=\"async\" width=\"1024\" height=\"683\" src=\"https:\/\/przylep.edu.pl\/przedszkole\/wp-content\/uploads\/2022\/04\/IMG_0918-1024x683.jpg\" alt=\"\" data-id=\"7168\" data-full-url=\"https:\/\/przylep.edu.pl\/przedszkole\/wp-content\/uploads\/2022\/04\/IMG_0918-scaled.jpg\" data-link=\"https:\/\/przylep.edu.pl\/przedszkole\/?attachment_id=7168\" class=\"wp-image-7168\" srcset=\"https:\/\/przylep.edu.pl\/przedszkole\/wp-content\/uploads\/2022\/04\/IMG_0918-1024x683.jpg 1024w, https:\/\/przylep.edu.pl\/przedszkole\/wp-content\/uploads\/2022\/04\/IMG_0918-300x200.jpg 300w, https:\/\/przylep.edu.pl\/przedszkole\/wp-content\/uploads\/2022\/04\/IMG_0918-768x512.jpg 768w, https:\/\/przylep.edu.pl\/przedszkole\/wp-content\/uploads\/2022\/04\/IMG_0918-1536x1024.jpg 1536w, https:\/\/przylep.edu.pl\/przedszkole\/wp-content\/uploads\/2022\/04\/IMG_0918-2048x1365.jpg 2048w\" sizes=\"auto, (max-width: 1024px) 100vw, 1024px\" \/><\/figure><\/li><li class=\"blocks-gallery-item\"><figure><img loading=\"lazy\" decoding=\"async\" width=\"1024\" height=\"683\" src=\"https:\/\/przylep.edu.pl\/przedszkole\/wp-content\/uploads\/2022\/04\/IMG_0945-1024x683.jpg\" alt=\"\" data-id=\"7169\" data-full-url=\"https:\/\/przylep.edu.pl\/przedszkole\/wp-content\/uploads\/2022\/04\/IMG_0945-scaled.jpg\" data-link=\"https:\/\/przylep.edu.pl\/przedszkole\/?attachment_id=7169\" class=\"wp-image-7169\" srcset=\"https:\/\/przylep.edu.pl\/przedszkole\/wp-content\/uploads\/2022\/04\/IMG_0945-1024x683.jpg 1024w, https:\/\/przylep.edu.pl\/przedszkole\/wp-content\/uploads\/2022\/04\/IMG_0945-300x200.jpg 300w, https:\/\/przylep.edu.pl\/przedszkole\/wp-content\/uploads\/2022\/04\/IMG_0945-768x512.jpg 768w, https:\/\/przylep.edu.pl\/przedszkole\/wp-content\/uploads\/2022\/04\/IMG_0945-1536x1024.jpg 1536w, https:\/\/przylep.edu.pl\/przedszkole\/wp-content\/uploads\/2022\/04\/IMG_0945-2048x1365.jpg 2048w\" sizes=\"auto, (max-width: 1024px) 100vw, 1024px\" \/><\/figure><\/li><li class=\"blocks-gallery-item\"><figure><img loading=\"lazy\" decoding=\"async\" width=\"1024\" height=\"683\" src=\"https:\/\/przylep.edu.pl\/przedszkole\/wp-content\/uploads\/2022\/04\/IMG_0988-1024x683.jpg\" alt=\"\" data-id=\"7170\" data-full-url=\"https:\/\/przylep.edu.pl\/przedszkole\/wp-content\/uploads\/2022\/04\/IMG_0988-scaled.jpg\" data-link=\"https:\/\/przylep.edu.pl\/przedszkole\/?attachment_id=7170\" class=\"wp-image-7170\" srcset=\"https:\/\/przylep.edu.pl\/przedszkole\/wp-content\/uploads\/2022\/04\/IMG_0988-1024x683.jpg 1024w, https:\/\/przylep.edu.pl\/przedszkole\/wp-content\/uploads\/2022\/04\/IMG_0988-300x200.jpg 300w, https:\/\/przylep.edu.pl\/przedszkole\/wp-content\/uploads\/2022\/04\/IMG_0988-768x512.jpg 768w, https:\/\/przylep.edu.pl\/przedszkole\/wp-content\/uploads\/2022\/04\/IMG_0988-1536x1024.jpg 1536w, https:\/\/przylep.edu.pl\/przedszkole\/wp-content\/uploads\/2022\/04\/IMG_0988-2048x1365.jpg 2048w\" sizes=\"auto, (max-width: 1024px) 100vw, 1024px\" \/><\/figure><\/li><li class=\"blocks-gallery-item\"><figure><img loading=\"lazy\" decoding=\"async\" width=\"1024\" height=\"683\" src=\"https:\/\/przylep.edu.pl\/przedszkole\/wp-content\/uploads\/2022\/04\/IMG_0999-1024x683.jpg\" alt=\"\" data-id=\"7171\" data-full-url=\"https:\/\/przylep.edu.pl\/przedszkole\/wp-content\/uploads\/2022\/04\/IMG_0999-scaled.jpg\" data-link=\"https:\/\/przylep.edu.pl\/przedszkole\/?attachment_id=7171\" class=\"wp-image-7171\" srcset=\"https:\/\/przylep.edu.pl\/przedszkole\/wp-content\/uploads\/2022\/04\/IMG_0999-1024x683.jpg 1024w, https:\/\/przylep.edu.pl\/przedszkole\/wp-content\/uploads\/2022\/04\/IMG_0999-300x200.jpg 300w, https:\/\/przylep.edu.pl\/przedszkole\/wp-content\/uploads\/2022\/04\/IMG_0999-768x512.jpg 768w, https:\/\/przylep.edu.pl\/przedszkole\/wp-content\/uploads\/2022\/04\/IMG_0999-1536x1024.jpg 1536w, https:\/\/przylep.edu.pl\/przedszkole\/wp-content\/uploads\/2022\/04\/IMG_0999-2048x1365.jpg 2048w\" sizes=\"auto, (max-width: 1024px) 100vw, 1024px\" \/><\/figure><\/li><li class=\"blocks-gallery-item\"><figure><img loading=\"lazy\" decoding=\"async\" width=\"1024\" height=\"683\" src=\"https:\/\/przylep.edu.pl\/przedszkole\/wp-content\/uploads\/2022\/04\/IMG_1002-1024x683.jpg\" alt=\"\" data-id=\"7172\" data-full-url=\"https:\/\/przylep.edu.pl\/przedszkole\/wp-content\/uploads\/2022\/04\/IMG_1002-scaled.jpg\" data-link=\"https:\/\/przylep.edu.pl\/przedszkole\/?attachment_id=7172\" class=\"wp-image-7172\" srcset=\"https:\/\/przylep.edu.pl\/przedszkole\/wp-content\/uploads\/2022\/04\/IMG_1002-1024x683.jpg 1024w, https:\/\/przylep.edu.pl\/przedszkole\/wp-content\/uploads\/2022\/04\/IMG_1002-300x200.jpg 300w, https:\/\/przylep.edu.pl\/przedszkole\/wp-content\/uploads\/2022\/04\/IMG_1002-768x512.jpg 768w, https:\/\/przylep.edu.pl\/przedszkole\/wp-content\/uploads\/2022\/04\/IMG_1002-1536x1024.jpg 1536w, https:\/\/przylep.edu.pl\/przedszkole\/wp-content\/uploads\/2022\/04\/IMG_1002-2048x1365.jpg 2048w\" sizes=\"auto, (max-width: 1024px) 100vw, 1024px\" \/><\/figure><\/li><li class=\"blocks-gallery-item\"><figure><img loading=\"lazy\" decoding=\"async\" width=\"1024\" height=\"683\" src=\"https:\/\/przylep.edu.pl\/przedszkole\/wp-content\/uploads\/2022\/04\/IMG_1018-1024x683.jpg\" alt=\"\" data-id=\"7173\" data-full-url=\"https:\/\/przylep.edu.pl\/przedszkole\/wp-content\/uploads\/2022\/04\/IMG_1018-scaled.jpg\" data-link=\"https:\/\/przylep.edu.pl\/przedszkole\/?attachment_id=7173\" class=\"wp-image-7173\" srcset=\"https:\/\/przylep.edu.pl\/przedszkole\/wp-content\/uploads\/2022\/04\/IMG_1018-1024x683.jpg 1024w, https:\/\/przylep.edu.pl\/przedszkole\/wp-content\/uploads\/2022\/04\/IMG_1018-300x200.jpg 300w, https:\/\/przylep.edu.pl\/przedszkole\/wp-content\/uploads\/2022\/04\/IMG_1018-768x512.jpg 768w, https:\/\/przylep.edu.pl\/przedszkole\/wp-content\/uploads\/2022\/04\/IMG_1018-1536x1024.jpg 1536w, https:\/\/przylep.edu.pl\/przedszkole\/wp-content\/uploads\/2022\/04\/IMG_1018-2048x1365.jpg 2048w\" sizes=\"auto, (max-width: 1024px) 100vw, 1024px\" \/><\/figure><\/li><li class=\"blocks-gallery-item\"><figure><img loading=\"lazy\" decoding=\"async\" width=\"1024\" height=\"683\" src=\"https:\/\/przylep.edu.pl\/przedszkole\/wp-content\/uploads\/2022\/04\/IMG_1083-1024x683.jpg\" alt=\"\" data-id=\"7174\" data-full-url=\"https:\/\/przylep.edu.pl\/przedszkole\/wp-content\/uploads\/2022\/04\/IMG_1083-scaled.jpg\" data-link=\"https:\/\/przylep.edu.pl\/przedszkole\/?attachment_id=7174\" class=\"wp-image-7174\" srcset=\"https:\/\/przylep.edu.pl\/przedszkole\/wp-content\/uploads\/2022\/04\/IMG_1083-1024x683.jpg 1024w, https:\/\/przylep.edu.pl\/przedszkole\/wp-content\/uploads\/2022\/04\/IMG_1083-300x200.jpg 300w, https:\/\/przylep.edu.pl\/przedszkole\/wp-content\/uploads\/2022\/04\/IMG_1083-768x512.jpg 768w, https:\/\/przylep.edu.pl\/przedszkole\/wp-content\/uploads\/2022\/04\/IMG_1083-1536x1024.jpg 1536w, https:\/\/przylep.edu.pl\/przedszkole\/wp-content\/uploads\/2022\/04\/IMG_1083-2048x1365.jpg 2048w\" sizes=\"auto, (max-width: 1024px) 100vw, 1024px\" \/><\/figure><\/li><li class=\"blocks-gallery-item\"><figure><img loading=\"lazy\" decoding=\"async\" width=\"1024\" height=\"683\" src=\"https:\/\/przylep.edu.pl\/przedszkole\/wp-content\/uploads\/2022\/04\/IMG_1095-1024x683.jpg\" alt=\"\" data-id=\"7175\" data-full-url=\"https:\/\/przylep.edu.pl\/przedszkole\/wp-content\/uploads\/2022\/04\/IMG_1095-scaled.jpg\" data-link=\"https:\/\/przylep.edu.pl\/przedszkole\/?attachment_id=7175\" class=\"wp-image-7175\" srcset=\"https:\/\/przylep.edu.pl\/przedszkole\/wp-content\/uploads\/2022\/04\/IMG_1095-1024x683.jpg 1024w, https:\/\/przylep.edu.pl\/przedszkole\/wp-content\/uploads\/2022\/04\/IMG_1095-300x200.jpg 300w, https:\/\/przylep.edu.pl\/przedszkole\/wp-content\/uploads\/2022\/04\/IMG_1095-768x512.jpg 768w, https:\/\/przylep.edu.pl\/przedszkole\/wp-content\/uploads\/2022\/04\/IMG_1095-1536x1024.jpg 1536w, https:\/\/przylep.edu.pl\/przedszkole\/wp-content\/uploads\/2022\/04\/IMG_1095-2048x1365.jpg 2048w\" sizes=\"auto, (max-width: 1024px) 100vw, 1024px\" \/><\/figure><\/li><li class=\"blocks-gallery-item\"><figure><img loading=\"lazy\" decoding=\"async\" width=\"683\" height=\"1024\" src=\"https:\/\/przylep.edu.pl\/przedszkole\/wp-content\/uploads\/2022\/04\/IMG_1100-683x1024.jpg\" alt=\"\" data-id=\"7176\" data-full-url=\"https:\/\/przylep.edu.pl\/przedszkole\/wp-content\/uploads\/2022\/04\/IMG_1100-scaled.jpg\" data-link=\"https:\/\/przylep.edu.pl\/przedszkole\/?attachment_id=7176\" class=\"wp-image-7176\" srcset=\"https:\/\/przylep.edu.pl\/przedszkole\/wp-content\/uploads\/2022\/04\/IMG_1100-683x1024.jpg 683w, https:\/\/przylep.edu.pl\/przedszkole\/wp-content\/uploads\/2022\/04\/IMG_1100-200x300.jpg 200w, https:\/\/przylep.edu.pl\/przedszkole\/wp-content\/uploads\/2022\/04\/IMG_1100-768x1152.jpg 768w, https:\/\/przylep.edu.pl\/przedszkole\/wp-content\/uploads\/2022\/04\/IMG_1100-1024x1536.jpg 1024w, https:\/\/przylep.edu.pl\/przedszkole\/wp-content\/uploads\/2022\/04\/IMG_1100-1365x2048.jpg 1365w, https:\/\/przylep.edu.pl\/przedszkole\/wp-content\/uploads\/2022\/04\/IMG_1100-scaled.jpg 1707w\" sizes=\"auto, (max-width: 683px) 100vw, 683px\" \/><\/figure><\/li><li class=\"blocks-gallery-item\"><figure><img loading=\"lazy\" decoding=\"async\" width=\"1024\" height=\"683\" src=\"https:\/\/przylep.edu.pl\/przedszkole\/wp-content\/uploads\/2022\/04\/IMG_1147-1024x683.jpg\" alt=\"\" data-id=\"7177\" data-full-url=\"https:\/\/przylep.edu.pl\/przedszkole\/wp-content\/uploads\/2022\/04\/IMG_1147-scaled.jpg\" data-link=\"https:\/\/przylep.edu.pl\/przedszkole\/?attachment_id=7177\" class=\"wp-image-7177\" srcset=\"https:\/\/przylep.edu.pl\/przedszkole\/wp-content\/uploads\/2022\/04\/IMG_1147-1024x683.jpg 1024w, https:\/\/przylep.edu.pl\/przedszkole\/wp-content\/uploads\/2022\/04\/IMG_1147-300x200.jpg 300w, https:\/\/przylep.edu.pl\/przedszkole\/wp-content\/uploads\/2022\/04\/IMG_1147-768x512.jpg 768w, https:\/\/przylep.edu.pl\/przedszkole\/wp-content\/uploads\/2022\/04\/IMG_1147-1536x1024.jpg 1536w, https:\/\/przylep.edu.pl\/przedszkole\/wp-content\/uploads\/2022\/04\/IMG_1147-2048x1365.jpg 2048w\" sizes=\"auto, (max-width: 1024px) 100vw, 1024px\" \/><\/figure><\/li><li class=\"blocks-gallery-item\"><figure><img loading=\"lazy\" decoding=\"async\" width=\"683\" height=\"1024\" src=\"https:\/\/przylep.edu.pl\/przedszkole\/wp-content\/uploads\/2022\/04\/IMG_1184-683x1024.jpg\" alt=\"\" data-id=\"7178\" data-full-url=\"https:\/\/przylep.edu.pl\/przedszkole\/wp-content\/uploads\/2022\/04\/IMG_1184-scaled.jpg\" data-link=\"https:\/\/przylep.edu.pl\/przedszkole\/?attachment_id=7178\" class=\"wp-image-7178\" srcset=\"https:\/\/przylep.edu.pl\/przedszkole\/wp-content\/uploads\/2022\/04\/IMG_1184-683x1024.jpg 683w, https:\/\/przylep.edu.pl\/przedszkole\/wp-content\/uploads\/2022\/04\/IMG_1184-200x300.jpg 200w, https:\/\/przylep.edu.pl\/przedszkole\/wp-content\/uploads\/2022\/04\/IMG_1184-768x1152.jpg 768w, https:\/\/przylep.edu.pl\/przedszkole\/wp-content\/uploads\/2022\/04\/IMG_1184-1024x1536.jpg 1024w, https:\/\/przylep.edu.pl\/przedszkole\/wp-content\/uploads\/2022\/04\/IMG_1184-1365x2048.jpg 1365w, https:\/\/przylep.edu.pl\/przedszkole\/wp-content\/uploads\/2022\/04\/IMG_1184-scaled.jpg 1707w\" sizes=\"auto, (max-width: 683px) 100vw, 683px\" \/><\/figure><\/li><li class=\"blocks-gallery-item\"><figure><img loading=\"lazy\" decoding=\"async\" width=\"1024\" height=\"683\" src=\"https:\/\/przylep.edu.pl\/przedszkole\/wp-content\/uploads\/2022\/04\/IMG_1246-1024x683.jpg\" alt=\"\" data-id=\"7179\" data-full-url=\"https:\/\/przylep.edu.pl\/przedszkole\/wp-content\/uploads\/2022\/04\/IMG_1246-scaled.jpg\" data-link=\"https:\/\/przylep.edu.pl\/przedszkole\/?attachment_id=7179\" class=\"wp-image-7179\" srcset=\"https:\/\/przylep.edu.pl\/przedszkole\/wp-content\/uploads\/2022\/04\/IMG_1246-1024x683.jpg 1024w, https:\/\/przylep.edu.pl\/przedszkole\/wp-content\/uploads\/2022\/04\/IMG_1246-300x200.jpg 300w, https:\/\/przylep.edu.pl\/przedszkole\/wp-content\/uploads\/2022\/04\/IMG_1246-768x512.jpg 768w, https:\/\/przylep.edu.pl\/przedszkole\/wp-content\/uploads\/2022\/04\/IMG_1246-1536x1024.jpg 1536w, https:\/\/przylep.edu.pl\/przedszkole\/wp-content\/uploads\/2022\/04\/IMG_1246-2048x1365.jpg 2048w\" sizes=\"auto, (max-width: 1024px) 100vw, 1024px\" \/><\/figure><\/li><li class=\"blocks-gallery-item\"><figure><img loading=\"lazy\" decoding=\"async\" width=\"1024\" height=\"683\" src=\"https:\/\/przylep.edu.pl\/przedszkole\/wp-content\/uploads\/2022\/04\/IMG_1248-1024x683.jpg\" alt=\"\" data-id=\"7180\" data-full-url=\"https:\/\/przylep.edu.pl\/przedszkole\/wp-content\/uploads\/2022\/04\/IMG_1248-scaled.jpg\" data-link=\"https:\/\/przylep.edu.pl\/przedszkole\/?attachment_id=7180\" class=\"wp-image-7180\" srcset=\"https:\/\/przylep.edu.pl\/przedszkole\/wp-content\/uploads\/2022\/04\/IMG_1248-1024x683.jpg 1024w, https:\/\/przylep.edu.pl\/przedszkole\/wp-content\/uploads\/2022\/04\/IMG_1248-300x200.jpg 300w, https:\/\/przylep.edu.pl\/przedszkole\/wp-content\/uploads\/2022\/04\/IMG_1248-768x512.jpg 768w, https:\/\/przylep.edu.pl\/przedszkole\/wp-content\/uploads\/2022\/04\/IMG_1248-1536x1024.jpg 1536w, https:\/\/przylep.edu.pl\/przedszkole\/wp-content\/uploads\/2022\/04\/IMG_1248-2048x1365.jpg 2048w\" sizes=\"auto, (max-width: 1024px) 100vw, 1024px\" \/><\/figure><\/li><li class=\"blocks-gallery-item\"><figure><img loading=\"lazy\" decoding=\"async\" width=\"1024\" height=\"683\" src=\"https:\/\/przylep.edu.pl\/przedszkole\/wp-content\/uploads\/2022\/04\/IMG_1256-1024x683.jpg\" alt=\"\" data-id=\"7181\" data-full-url=\"https:\/\/przylep.edu.pl\/przedszkole\/wp-content\/uploads\/2022\/04\/IMG_1256-scaled.jpg\" data-link=\"https:\/\/przylep.edu.pl\/przedszkole\/?attachment_id=7181\" class=\"wp-image-7181\" srcset=\"https:\/\/przylep.edu.pl\/przedszkole\/wp-content\/uploads\/2022\/04\/IMG_1256-1024x683.jpg 1024w, https:\/\/przylep.edu.pl\/przedszkole\/wp-content\/uploads\/2022\/04\/IMG_1256-300x200.jpg 300w, https:\/\/przylep.edu.pl\/przedszkole\/wp-content\/uploads\/2022\/04\/IMG_1256-768x512.jpg 768w, https:\/\/przylep.edu.pl\/przedszkole\/wp-content\/uploads\/2022\/04\/IMG_1256-1536x1024.jpg 1536w, https:\/\/przylep.edu.pl\/przedszkole\/wp-content\/uploads\/2022\/04\/IMG_1256-2048x1365.jpg 2048w\" sizes=\"auto, (max-width: 1024px) 100vw, 1024px\" \/><\/figure><\/li><\/ul><\/figure>\n","protected":false},"excerpt":{"rendered":"<p>25 marca uczniowie klas 0 i I wraz z opiekunami wybrali si\u0119 na wycieczk\u0119 do \u201eChlebowego \u00a0Domu&#8221; w Marianowie nieopodal Stargardu. G\u0142\u00f3wn\u0105 atrakcj\u0105 wycieczki by\u0142y warsztaty piekarniczo-cukiernicze dla dzieci na terenie gospodarstwa agroturystycznego. Uczniowie w\u0142asnor\u0119cznie formowali podp\u0142omyki, chlebki, bu\u0142ki dro\u017cd\u017cowe i ciastka. Wszystkie wypieki \u00a0zabrali do domu, aby rodzice ocenili ich w\u0142asnor\u0119cznie zrobione smako\u0142yki. Kolejn\u0105 [&hellip;]<\/p>\n","protected":false},"author":2,"featured_media":7182,"comment_status":"closed","ping_status":"open","sticky":false,"template":"","format":"standard","meta":{"footnotes":""},"categories":[45,41],"tags":[],"class_list":["post-7166","post","type-post","status-publish","format-standard","has-post-thumbnail","hentry","category-aktualnosci","category-galerie"],"_links":{"self":[{"href":"https:\/\/przylep.edu.pl\/przedszkole\/wp-json\/wp\/v2\/posts\/7166","targetHints":{"allow":["GET"]}}],"collection":[{"href":"https:\/\/przylep.edu.pl\/przedszkole\/wp-json\/wp\/v2\/posts"}],"about":[{"href":"https:\/\/przylep.edu.pl\/przedszkole\/wp-json\/wp\/v2\/types\/post"}],"author":[{"embeddable":true,"href":"https:\/\/przylep.edu.pl\/przedszkole\/wp-json\/wp\/v2\/users\/2"}],"replies":[{"embeddable":true,"href":"https:\/\/przylep.edu.pl\/przedszkole\/wp-json\/wp\/v2\/comments?post=7166"}],"version-history":[{"count":1,"href":"https:\/\/przylep.edu.pl\/przedszkole\/wp-json\/wp\/v2\/posts\/7166\/revisions"}],"predecessor-version":[{"id":7183,"href":"https:\/\/przylep.edu.pl\/przedszkole\/wp-json\/wp\/v2\/posts\/7166\/revisions\/7183"}],"wp:featuredmedia":[{"embeddable":true,"href":"https:\/\/przylep.edu.pl\/przedszkole\/wp-json\/wp\/v2\/media\/7182"}],"wp:attachment":[{"href":"https:\/\/przylep.edu.pl\/przedszkole\/wp-json\/wp\/v2\/media?parent=7166"}],"wp:term":[{"taxonomy":"category","embeddable":true,"href":"https:\/\/przylep.edu.pl\/przedszkole\/wp-json\/wp\/v2\/categories?post=7166"},{"taxonomy":"post_tag","embeddable":true,"href":"https:\/\/przylep.edu.pl\/przedszkole\/wp-json\/wp\/v2\/tags?post=7166"}],"curies":[{"name":"wp","href":"https:\/\/api.w.org\/{rel}","templated":true}]}}