{"id":7098,"date":"2022-03-13T20:50:28","date_gmt":"2022-03-13T19:50:28","guid":{"rendered":"https:\/\/przylep.edu.pl\/przedszkole\/?p=7098"},"modified":"2022-03-14T11:27:15","modified_gmt":"2022-03-14T10:27:15","slug":"podziekowania-za-pomoc-dla-ukrainy","status":"publish","type":"post","link":"https:\/\/przylep.edu.pl\/przedszkole\/2022\/03\/13\/podziekowania-za-pomoc-dla-ukrainy\/","title":{"rendered":"Podzi\u0119kowania za pomoc dla Ukrainy"},"content":{"rendered":"\n<p>\u201eCz\u0142owiek jest wielki nie przez to co posiada, lecz przez to, kim jest;nie przez to, co ma, lecz przez to, czym dzieli si\u0119 z innymi\u201d<\/p>\n\n\n\n<p>Drodzy Rodzice, Opiekunowie!<\/p>\n\n\n\n<p>Serdecznie dzi\u0119kujemy Wam za okazane wsparcie i dary, kt\u00f3re przekazali\u015bcie na rzecz potrzebuj\u0105cych ofiar wojny w Ukrainie. Cieszymy si\u0119, \u017ce mogli\u015bmy liczy\u0107 na Pa\u0144stwa dobro\u0107 i zapewniamy, \u017ce nieustannie jeste\u015bmy wdzi\u0119czni za ka\u017cdy, nawet najmniejszy gest wsparcia dla ludzi potrzebuj\u0105cych nas tu i teraz, ale te\u017c w przysz\u0142o\u015bci. <\/p>\n\n\n\n<p>Pa\u0144stwa dary trafi\u0142y do \u017co\u0142nierzy w Ukrainie, rodzin, kt\u00f3re uciek\u0142y przed wojn\u0105 i mieszkaj\u0105 na terenie naszej gminy. Cz\u0119\u015b\u0107 rzeczy trafi\u0142a do Gminy Ko\u0142baskowo, do urz\u0105dzanych mieszka\u0144 socjalnych. <\/p>\n\n\n\n<p>Pami\u0119tajmy! Dobro zawsze do nas wraca.<\/p>\n\n\n\n<p>Dzi\u0119kujemy.<\/p>\n\n\n\n<figure class=\"wp-block-gallery columns-3 is-cropped wp-block-gallery-1 is-layout-flex wp-block-gallery-is-layout-flex\"><ul class=\"blocks-gallery-grid\"><li class=\"blocks-gallery-item\"><figure><img loading=\"lazy\" decoding=\"async\" width=\"1024\" height=\"768\" src=\"https:\/\/przylep.edu.pl\/przedszkole\/wp-content\/uploads\/2022\/03\/275491796_386438129651864_5606506705513116730_n-1024x768.jpg\" alt=\"\" data-id=\"7099\" data-full-url=\"https:\/\/przylep.edu.pl\/przedszkole\/wp-content\/uploads\/2022\/03\/275491796_386438129651864_5606506705513116730_n-scaled.jpg\" data-link=\"https:\/\/przylep.edu.pl\/przedszkole\/?attachment_id=7099\" class=\"wp-image-7099\" srcset=\"https:\/\/przylep.edu.pl\/przedszkole\/wp-content\/uploads\/2022\/03\/275491796_386438129651864_5606506705513116730_n-1024x768.jpg 1024w, https:\/\/przylep.edu.pl\/przedszkole\/wp-content\/uploads\/2022\/03\/275491796_386438129651864_5606506705513116730_n-300x225.jpg 300w, https:\/\/przylep.edu.pl\/przedszkole\/wp-content\/uploads\/2022\/03\/275491796_386438129651864_5606506705513116730_n-768x576.jpg 768w, https:\/\/przylep.edu.pl\/przedszkole\/wp-content\/uploads\/2022\/03\/275491796_386438129651864_5606506705513116730_n-1536x1152.jpg 1536w, https:\/\/przylep.edu.pl\/przedszkole\/wp-content\/uploads\/2022\/03\/275491796_386438129651864_5606506705513116730_n-2048x1536.jpg 2048w, https:\/\/przylep.edu.pl\/przedszkole\/wp-content\/uploads\/2022\/03\/275491796_386438129651864_5606506705513116730_n-600x450.jpg 600w\" sizes=\"auto, (max-width: 1024px) 100vw, 1024px\" \/><\/figure><\/li><li class=\"blocks-gallery-item\"><figure><img loading=\"lazy\" decoding=\"async\" width=\"1024\" height=\"768\" src=\"https:\/\/przylep.edu.pl\/przedszkole\/wp-content\/uploads\/2022\/03\/275501242_681556856330449_6181024506618063783_n-1024x768.jpg\" alt=\"\" data-id=\"7100\" data-full-url=\"https:\/\/przylep.edu.pl\/przedszkole\/wp-content\/uploads\/2022\/03\/275501242_681556856330449_6181024506618063783_n-scaled.jpg\" data-link=\"https:\/\/przylep.edu.pl\/przedszkole\/?attachment_id=7100\" class=\"wp-image-7100\" srcset=\"https:\/\/przylep.edu.pl\/przedszkole\/wp-content\/uploads\/2022\/03\/275501242_681556856330449_6181024506618063783_n-1024x768.jpg 1024w, https:\/\/przylep.edu.pl\/przedszkole\/wp-content\/uploads\/2022\/03\/275501242_681556856330449_6181024506618063783_n-300x225.jpg 300w, https:\/\/przylep.edu.pl\/przedszkole\/wp-content\/uploads\/2022\/03\/275501242_681556856330449_6181024506618063783_n-768x576.jpg 768w, https:\/\/przylep.edu.pl\/przedszkole\/wp-content\/uploads\/2022\/03\/275501242_681556856330449_6181024506618063783_n-1536x1152.jpg 1536w, https:\/\/przylep.edu.pl\/przedszkole\/wp-content\/uploads\/2022\/03\/275501242_681556856330449_6181024506618063783_n-2048x1536.jpg 2048w, https:\/\/przylep.edu.pl\/przedszkole\/wp-content\/uploads\/2022\/03\/275501242_681556856330449_6181024506618063783_n-600x450.jpg 600w\" sizes=\"auto, (max-width: 1024px) 100vw, 1024px\" \/><\/figure><\/li><li class=\"blocks-gallery-item\"><figure><img loading=\"lazy\" decoding=\"async\" width=\"766\" height=\"1024\" src=\"https:\/\/przylep.edu.pl\/przedszkole\/wp-content\/uploads\/2022\/03\/275576003_705135390509223_4464939455278383053_n-766x1024.jpg\" alt=\"\" data-id=\"7101\" data-full-url=\"https:\/\/przylep.edu.pl\/przedszkole\/wp-content\/uploads\/2022\/03\/275576003_705135390509223_4464939455278383053_n-scaled.jpg\" data-link=\"https:\/\/przylep.edu.pl\/przedszkole\/?attachment_id=7101\" class=\"wp-image-7101\" srcset=\"https:\/\/przylep.edu.pl\/przedszkole\/wp-content\/uploads\/2022\/03\/275576003_705135390509223_4464939455278383053_n-766x1024.jpg 766w, https:\/\/przylep.edu.pl\/przedszkole\/wp-content\/uploads\/2022\/03\/275576003_705135390509223_4464939455278383053_n-224x300.jpg 224w, https:\/\/przylep.edu.pl\/przedszkole\/wp-content\/uploads\/2022\/03\/275576003_705135390509223_4464939455278383053_n-768x1027.jpg 768w, https:\/\/przylep.edu.pl\/przedszkole\/wp-content\/uploads\/2022\/03\/275576003_705135390509223_4464939455278383053_n-1149x1536.jpg 1149w, https:\/\/przylep.edu.pl\/przedszkole\/wp-content\/uploads\/2022\/03\/275576003_705135390509223_4464939455278383053_n-1532x2048.jpg 1532w, https:\/\/przylep.edu.pl\/przedszkole\/wp-content\/uploads\/2022\/03\/275576003_705135390509223_4464939455278383053_n-scaled.jpg 1915w\" sizes=\"auto, (max-width: 766px) 100vw, 766px\" \/><\/figure><\/li><li class=\"blocks-gallery-item\"><figure><img loading=\"lazy\" decoding=\"async\" width=\"766\" height=\"1024\" src=\"https:\/\/przylep.edu.pl\/przedszkole\/wp-content\/uploads\/2022\/03\/275606402_1460761044339599_6801895352627388148_n-766x1024.jpg\" alt=\"\" data-id=\"7102\" data-full-url=\"https:\/\/przylep.edu.pl\/przedszkole\/wp-content\/uploads\/2022\/03\/275606402_1460761044339599_6801895352627388148_n-scaled.jpg\" data-link=\"https:\/\/przylep.edu.pl\/przedszkole\/?attachment_id=7102\" class=\"wp-image-7102\" srcset=\"https:\/\/przylep.edu.pl\/przedszkole\/wp-content\/uploads\/2022\/03\/275606402_1460761044339599_6801895352627388148_n-766x1024.jpg 766w, https:\/\/przylep.edu.pl\/przedszkole\/wp-content\/uploads\/2022\/03\/275606402_1460761044339599_6801895352627388148_n-224x300.jpg 224w, https:\/\/przylep.edu.pl\/przedszkole\/wp-content\/uploads\/2022\/03\/275606402_1460761044339599_6801895352627388148_n-768x1027.jpg 768w, https:\/\/przylep.edu.pl\/przedszkole\/wp-content\/uploads\/2022\/03\/275606402_1460761044339599_6801895352627388148_n-1149x1536.jpg 1149w, https:\/\/przylep.edu.pl\/przedszkole\/wp-content\/uploads\/2022\/03\/275606402_1460761044339599_6801895352627388148_n-1532x2048.jpg 1532w, https:\/\/przylep.edu.pl\/przedszkole\/wp-content\/uploads\/2022\/03\/275606402_1460761044339599_6801895352627388148_n-scaled.jpg 1915w\" sizes=\"auto, (max-width: 766px) 100vw, 766px\" \/><\/figure><\/li><\/ul><\/figure>\n","protected":false},"excerpt":{"rendered":"<p>\u201eCz\u0142owiek jest wielki nie przez to co posiada, lecz przez to, kim jest;nie przez to, co ma, lecz przez to, czym dzieli si\u0119 z innymi\u201d Drodzy Rodzice, Opiekunowie! Serdecznie dzi\u0119kujemy Wam za okazane wsparcie i dary, kt\u00f3re przekazali\u015bcie na rzecz potrzebuj\u0105cych ofiar wojny w Ukrainie. Cieszymy si\u0119, \u017ce mogli\u015bmy liczy\u0107 na Pa\u0144stwa dobro\u0107 i zapewniamy, [&hellip;]<\/p>\n","protected":false},"author":2,"featured_media":7103,"comment_status":"closed","ping_status":"open","sticky":false,"template":"","format":"standard","meta":{"footnotes":""},"categories":[45,40],"tags":[],"class_list":["post-7098","post","type-post","status-publish","format-standard","has-post-thumbnail","hentry","category-aktualnosci","category-strona-glowna"],"_links":{"self":[{"href":"https:\/\/przylep.edu.pl\/przedszkole\/wp-json\/wp\/v2\/posts\/7098","targetHints":{"allow":["GET"]}}],"collection":[{"href":"https:\/\/przylep.edu.pl\/przedszkole\/wp-json\/wp\/v2\/posts"}],"about":[{"href":"https:\/\/przylep.edu.pl\/przedszkole\/wp-json\/wp\/v2\/types\/post"}],"author":[{"embeddable":true,"href":"https:\/\/przylep.edu.pl\/przedszkole\/wp-json\/wp\/v2\/users\/2"}],"replies":[{"embeddable":true,"href":"https:\/\/przylep.edu.pl\/przedszkole\/wp-json\/wp\/v2\/comments?post=7098"}],"version-history":[{"count":2,"href":"https:\/\/przylep.edu.pl\/przedszkole\/wp-json\/wp\/v2\/posts\/7098\/revisions"}],"predecessor-version":[{"id":7107,"href":"https:\/\/przylep.edu.pl\/przedszkole\/wp-json\/wp\/v2\/posts\/7098\/revisions\/7107"}],"wp:featuredmedia":[{"embeddable":true,"href":"https:\/\/przylep.edu.pl\/przedszkole\/wp-json\/wp\/v2\/media\/7103"}],"wp:attachment":[{"href":"https:\/\/przylep.edu.pl\/przedszkole\/wp-json\/wp\/v2\/media?parent=7098"}],"wp:term":[{"taxonomy":"category","embeddable":true,"href":"https:\/\/przylep.edu.pl\/przedszkole\/wp-json\/wp\/v2\/categories?post=7098"},{"taxonomy":"post_tag","embeddable":true,"href":"https:\/\/przylep.edu.pl\/przedszkole\/wp-json\/wp\/v2\/tags?post=7098"}],"curies":[{"name":"wp","href":"https:\/\/api.w.org\/{rel}","templated":true}]}}