{"id":7045,"date":"2022-02-26T19:52:00","date_gmt":"2022-02-26T18:52:00","guid":{"rendered":"https:\/\/przylep.edu.pl\/przedszkole\/?p=7045"},"modified":"2022-03-20T12:22:46","modified_gmt":"2022-03-20T11:22:46","slug":"dzien-dinozaura","status":"publish","type":"post","link":"https:\/\/przylep.edu.pl\/przedszkole\/2022\/02\/26\/dzien-dinozaura\/","title":{"rendered":"Dzie\u0144 Dinozaura"},"content":{"rendered":"\n<p><strong> 25 lutego dzieci z Przylepu, przenios\u0142y si\u0119 w pradawne czasy, \u015bwi\u0119tuj\u0105c Dzie\u0144 Dinozaura.<\/strong><\/p>\n\n\n\n<p>Te stworzenia fascynuj\u0105 dzieci, kryj\u0105 wiele tajemnic, zaskakuj\u0105 swoim wygl\u0105dem i wielko\u015bci\u0105. Dlatego te\u017c przedszkolaki pozna\u0142y histori\u0119 dinozaur\u00f3w, dowiedzia\u0142y si\u0119 jak wygl\u0105da\u0142y, czym si\u0119 \u017cywi\u0142y oraz jak wygin\u0119\u0142y. Najm\u0142odsi rozpoznawali nazwy przyniesionych z domu dinozaur\u00f3w i radzili sobie z tym \u015bwietnie z dum\u0105 chwal\u0105c si\u0119 swoj\u0105 wiedz\u0105. W naszym przedszkolu pojawi\u0142y si\u0119 tyranozaury, triceratopsy, diplodoki, pterodaktyle&#8230;<\/p>\n\n\n\n<figure class=\"wp-block-gallery columns-3 is-cropped wp-block-gallery-1 is-layout-flex wp-block-gallery-is-layout-flex\"><ul class=\"blocks-gallery-grid\"><li class=\"blocks-gallery-item\"><figure><img loading=\"lazy\" decoding=\"async\" width=\"720\" height=\"960\" src=\"https:\/\/przylep.edu.pl\/przedszkole\/wp-content\/uploads\/2022\/03\/274644648_1618751508460478_5181985152535776463_n.jpg\" alt=\"\" data-id=\"7046\" data-full-url=\"https:\/\/przylep.edu.pl\/przedszkole\/wp-content\/uploads\/2022\/03\/274644648_1618751508460478_5181985152535776463_n.jpg\" data-link=\"https:\/\/przylep.edu.pl\/przedszkole\/?attachment_id=7046\" class=\"wp-image-7046\" srcset=\"https:\/\/przylep.edu.pl\/przedszkole\/wp-content\/uploads\/2022\/03\/274644648_1618751508460478_5181985152535776463_n.jpg 720w, https:\/\/przylep.edu.pl\/przedszkole\/wp-content\/uploads\/2022\/03\/274644648_1618751508460478_5181985152535776463_n-225x300.jpg 225w\" sizes=\"auto, (max-width: 720px) 100vw, 720px\" \/><\/figure><\/li><li class=\"blocks-gallery-item\"><figure><img loading=\"lazy\" decoding=\"async\" width=\"720\" height=\"960\" src=\"https:\/\/przylep.edu.pl\/przedszkole\/wp-content\/uploads\/2022\/03\/274653621_661391805081916_8733239051292929080_n.jpg\" alt=\"\" data-id=\"7047\" data-full-url=\"https:\/\/przylep.edu.pl\/przedszkole\/wp-content\/uploads\/2022\/03\/274653621_661391805081916_8733239051292929080_n.jpg\" data-link=\"https:\/\/przylep.edu.pl\/przedszkole\/?attachment_id=7047\" class=\"wp-image-7047\" srcset=\"https:\/\/przylep.edu.pl\/przedszkole\/wp-content\/uploads\/2022\/03\/274653621_661391805081916_8733239051292929080_n.jpg 720w, https:\/\/przylep.edu.pl\/przedszkole\/wp-content\/uploads\/2022\/03\/274653621_661391805081916_8733239051292929080_n-225x300.jpg 225w\" sizes=\"auto, (max-width: 720px) 100vw, 720px\" \/><\/figure><\/li><li class=\"blocks-gallery-item\"><figure><img loading=\"lazy\" decoding=\"async\" width=\"768\" height=\"1024\" src=\"https:\/\/przylep.edu.pl\/przedszkole\/wp-content\/uploads\/2022\/03\/274756300_5213597988686064_57945154481681909_n-768x1024.jpg\" alt=\"\" data-id=\"7048\" data-full-url=\"https:\/\/przylep.edu.pl\/przedszkole\/wp-content\/uploads\/2022\/03\/274756300_5213597988686064_57945154481681909_n.jpg\" data-link=\"https:\/\/przylep.edu.pl\/przedszkole\/?attachment_id=7048\" class=\"wp-image-7048\" srcset=\"https:\/\/przylep.edu.pl\/przedszkole\/wp-content\/uploads\/2022\/03\/274756300_5213597988686064_57945154481681909_n-768x1024.jpg 768w, https:\/\/przylep.edu.pl\/przedszkole\/wp-content\/uploads\/2022\/03\/274756300_5213597988686064_57945154481681909_n-225x300.jpg 225w, https:\/\/przylep.edu.pl\/przedszkole\/wp-content\/uploads\/2022\/03\/274756300_5213597988686064_57945154481681909_n-1152x1536.jpg 1152w, https:\/\/przylep.edu.pl\/przedszkole\/wp-content\/uploads\/2022\/03\/274756300_5213597988686064_57945154481681909_n.jpg 1200w\" sizes=\"auto, (max-width: 768px) 100vw, 768px\" \/><\/figure><\/li><li class=\"blocks-gallery-item\"><figure><img loading=\"lazy\" decoding=\"async\" width=\"960\" height=\"720\" src=\"https:\/\/przylep.edu.pl\/przedszkole\/wp-content\/uploads\/2022\/03\/274772176_1019266798719314_758153252051144261_n.jpg\" alt=\"\" data-id=\"7049\" data-full-url=\"https:\/\/przylep.edu.pl\/przedszkole\/wp-content\/uploads\/2022\/03\/274772176_1019266798719314_758153252051144261_n.jpg\" data-link=\"https:\/\/przylep.edu.pl\/przedszkole\/?attachment_id=7049\" class=\"wp-image-7049\" srcset=\"https:\/\/przylep.edu.pl\/przedszkole\/wp-content\/uploads\/2022\/03\/274772176_1019266798719314_758153252051144261_n.jpg 960w, https:\/\/przylep.edu.pl\/przedszkole\/wp-content\/uploads\/2022\/03\/274772176_1019266798719314_758153252051144261_n-300x225.jpg 300w, https:\/\/przylep.edu.pl\/przedszkole\/wp-content\/uploads\/2022\/03\/274772176_1019266798719314_758153252051144261_n-768x576.jpg 768w, https:\/\/przylep.edu.pl\/przedszkole\/wp-content\/uploads\/2022\/03\/274772176_1019266798719314_758153252051144261_n-600x450.jpg 600w\" sizes=\"auto, (max-width: 960px) 100vw, 960px\" \/><\/figure><\/li><li class=\"blocks-gallery-item\"><figure><img loading=\"lazy\" decoding=\"async\" width=\"1024\" height=\"768\" src=\"https:\/\/przylep.edu.pl\/przedszkole\/wp-content\/uploads\/2022\/03\/274793278_5213599208685942_3493120130257341087_n-1024x768.jpg\" alt=\"\" data-id=\"7050\" data-full-url=\"https:\/\/przylep.edu.pl\/przedszkole\/wp-content\/uploads\/2022\/03\/274793278_5213599208685942_3493120130257341087_n.jpg\" data-link=\"https:\/\/przylep.edu.pl\/przedszkole\/?attachment_id=7050\" class=\"wp-image-7050\" srcset=\"https:\/\/przylep.edu.pl\/przedszkole\/wp-content\/uploads\/2022\/03\/274793278_5213599208685942_3493120130257341087_n-1024x768.jpg 1024w, https:\/\/przylep.edu.pl\/przedszkole\/wp-content\/uploads\/2022\/03\/274793278_5213599208685942_3493120130257341087_n-300x225.jpg 300w, https:\/\/przylep.edu.pl\/przedszkole\/wp-content\/uploads\/2022\/03\/274793278_5213599208685942_3493120130257341087_n-768x576.jpg 768w, https:\/\/przylep.edu.pl\/przedszkole\/wp-content\/uploads\/2022\/03\/274793278_5213599208685942_3493120130257341087_n-1536x1152.jpg 1536w, https:\/\/przylep.edu.pl\/przedszkole\/wp-content\/uploads\/2022\/03\/274793278_5213599208685942_3493120130257341087_n-600x450.jpg 600w, https:\/\/przylep.edu.pl\/przedszkole\/wp-content\/uploads\/2022\/03\/274793278_5213599208685942_3493120130257341087_n.jpg 1600w\" sizes=\"auto, (max-width: 1024px) 100vw, 1024px\" \/><\/figure><\/li><li class=\"blocks-gallery-item\"><figure><img loading=\"lazy\" decoding=\"async\" width=\"765\" height=\"1024\" src=\"https:\/\/przylep.edu.pl\/przedszkole\/wp-content\/uploads\/2022\/03\/274851795_306153488272970_5860299984594203769_n-765x1024.jpg\" alt=\"\" data-id=\"7051\" data-full-url=\"https:\/\/przylep.edu.pl\/przedszkole\/wp-content\/uploads\/2022\/03\/274851795_306153488272970_5860299984594203769_n-scaled.jpg\" data-link=\"https:\/\/przylep.edu.pl\/przedszkole\/?attachment_id=7051\" class=\"wp-image-7051\" srcset=\"https:\/\/przylep.edu.pl\/przedszkole\/wp-content\/uploads\/2022\/03\/274851795_306153488272970_5860299984594203769_n-765x1024.jpg 765w, https:\/\/przylep.edu.pl\/przedszkole\/wp-content\/uploads\/2022\/03\/274851795_306153488272970_5860299984594203769_n-224x300.jpg 224w, https:\/\/przylep.edu.pl\/przedszkole\/wp-content\/uploads\/2022\/03\/274851795_306153488272970_5860299984594203769_n-768x1028.jpg 768w, https:\/\/przylep.edu.pl\/przedszkole\/wp-content\/uploads\/2022\/03\/274851795_306153488272970_5860299984594203769_n-1148x1536.jpg 1148w, https:\/\/przylep.edu.pl\/przedszkole\/wp-content\/uploads\/2022\/03\/274851795_306153488272970_5860299984594203769_n-1531x2048.jpg 1531w, https:\/\/przylep.edu.pl\/przedszkole\/wp-content\/uploads\/2022\/03\/274851795_306153488272970_5860299984594203769_n-scaled.jpg 1913w\" sizes=\"auto, (max-width: 765px) 100vw, 765px\" \/><\/figure><\/li><li class=\"blocks-gallery-item\"><figure><img loading=\"lazy\" decoding=\"async\" width=\"768\" height=\"1024\" src=\"https:\/\/przylep.edu.pl\/przedszkole\/wp-content\/uploads\/2022\/03\/274860560_5213599852019211_1776348393949315204_n-768x1024.jpg\" alt=\"\" data-id=\"7052\" data-full-url=\"https:\/\/przylep.edu.pl\/przedszkole\/wp-content\/uploads\/2022\/03\/274860560_5213599852019211_1776348393949315204_n.jpg\" data-link=\"https:\/\/przylep.edu.pl\/przedszkole\/?attachment_id=7052\" class=\"wp-image-7052\" srcset=\"https:\/\/przylep.edu.pl\/przedszkole\/wp-content\/uploads\/2022\/03\/274860560_5213599852019211_1776348393949315204_n-768x1024.jpg 768w, https:\/\/przylep.edu.pl\/przedszkole\/wp-content\/uploads\/2022\/03\/274860560_5213599852019211_1776348393949315204_n-225x300.jpg 225w, https:\/\/przylep.edu.pl\/przedszkole\/wp-content\/uploads\/2022\/03\/274860560_5213599852019211_1776348393949315204_n-1152x1536.jpg 1152w, https:\/\/przylep.edu.pl\/przedszkole\/wp-content\/uploads\/2022\/03\/274860560_5213599852019211_1776348393949315204_n.jpg 1200w\" sizes=\"auto, (max-width: 768px) 100vw, 768px\" \/><\/figure><\/li><li class=\"blocks-gallery-item\"><figure><img loading=\"lazy\" decoding=\"async\" width=\"1024\" height=\"768\" src=\"https:\/\/przylep.edu.pl\/przedszkole\/wp-content\/uploads\/2022\/03\/274910491_943649699561252_3662594066747908209_n-1024x768.jpg\" alt=\"\" data-id=\"7053\" data-full-url=\"https:\/\/przylep.edu.pl\/przedszkole\/wp-content\/uploads\/2022\/03\/274910491_943649699561252_3662594066747908209_n-scaled.jpg\" data-link=\"https:\/\/przylep.edu.pl\/przedszkole\/?attachment_id=7053\" class=\"wp-image-7053\" srcset=\"https:\/\/przylep.edu.pl\/przedszkole\/wp-content\/uploads\/2022\/03\/274910491_943649699561252_3662594066747908209_n-1024x768.jpg 1024w, https:\/\/przylep.edu.pl\/przedszkole\/wp-content\/uploads\/2022\/03\/274910491_943649699561252_3662594066747908209_n-300x225.jpg 300w, https:\/\/przylep.edu.pl\/przedszkole\/wp-content\/uploads\/2022\/03\/274910491_943649699561252_3662594066747908209_n-768x576.jpg 768w, https:\/\/przylep.edu.pl\/przedszkole\/wp-content\/uploads\/2022\/03\/274910491_943649699561252_3662594066747908209_n-1536x1152.jpg 1536w, https:\/\/przylep.edu.pl\/przedszkole\/wp-content\/uploads\/2022\/03\/274910491_943649699561252_3662594066747908209_n-2048x1536.jpg 2048w, https:\/\/przylep.edu.pl\/przedszkole\/wp-content\/uploads\/2022\/03\/274910491_943649699561252_3662594066747908209_n-600x450.jpg 600w\" sizes=\"auto, (max-width: 1024px) 100vw, 1024px\" \/><\/figure><\/li><li class=\"blocks-gallery-item\"><figure><img loading=\"lazy\" decoding=\"async\" width=\"768\" height=\"1024\" src=\"https:\/\/przylep.edu.pl\/przedszkole\/wp-content\/uploads\/2022\/03\/274953868_1612465459152046_8190618560390550740_n-768x1024.jpg\" alt=\"\" data-id=\"7054\" data-full-url=\"https:\/\/przylep.edu.pl\/przedszkole\/wp-content\/uploads\/2022\/03\/274953868_1612465459152046_8190618560390550740_n-scaled.jpg\" data-link=\"https:\/\/przylep.edu.pl\/przedszkole\/?attachment_id=7054\" class=\"wp-image-7054\" srcset=\"https:\/\/przylep.edu.pl\/przedszkole\/wp-content\/uploads\/2022\/03\/274953868_1612465459152046_8190618560390550740_n-768x1024.jpg 768w, https:\/\/przylep.edu.pl\/przedszkole\/wp-content\/uploads\/2022\/03\/274953868_1612465459152046_8190618560390550740_n-225x300.jpg 225w, https:\/\/przylep.edu.pl\/przedszkole\/wp-content\/uploads\/2022\/03\/274953868_1612465459152046_8190618560390550740_n-1152x1536.jpg 1152w, https:\/\/przylep.edu.pl\/przedszkole\/wp-content\/uploads\/2022\/03\/274953868_1612465459152046_8190618560390550740_n-1536x2048.jpg 1536w, https:\/\/przylep.edu.pl\/przedszkole\/wp-content\/uploads\/2022\/03\/274953868_1612465459152046_8190618560390550740_n-scaled.jpg 1920w\" sizes=\"auto, (max-width: 768px) 100vw, 768px\" \/><\/figure><\/li><li class=\"blocks-gallery-item\"><figure><img loading=\"lazy\" decoding=\"async\" width=\"768\" height=\"1024\" src=\"https:\/\/przylep.edu.pl\/przedszkole\/wp-content\/uploads\/2022\/03\/274969139_684843659187191_1068603506771632944_n-768x1024.jpg\" alt=\"\" data-id=\"7055\" data-full-url=\"https:\/\/przylep.edu.pl\/przedszkole\/wp-content\/uploads\/2022\/03\/274969139_684843659187191_1068603506771632944_n.jpg\" data-link=\"https:\/\/przylep.edu.pl\/przedszkole\/?attachment_id=7055\" class=\"wp-image-7055\" srcset=\"https:\/\/przylep.edu.pl\/przedszkole\/wp-content\/uploads\/2022\/03\/274969139_684843659187191_1068603506771632944_n-768x1024.jpg 768w, https:\/\/przylep.edu.pl\/przedszkole\/wp-content\/uploads\/2022\/03\/274969139_684843659187191_1068603506771632944_n-225x300.jpg 225w, https:\/\/przylep.edu.pl\/przedszkole\/wp-content\/uploads\/2022\/03\/274969139_684843659187191_1068603506771632944_n.jpg 1125w\" sizes=\"auto, (max-width: 768px) 100vw, 768px\" \/><\/figure><\/li><li class=\"blocks-gallery-item\"><figure><img loading=\"lazy\" decoding=\"async\" width=\"960\" height=\"720\" src=\"https:\/\/przylep.edu.pl\/przedszkole\/wp-content\/uploads\/2022\/03\/275067006_683902989708462_6369548654270502885_n.jpg\" alt=\"\" data-id=\"7056\" data-full-url=\"https:\/\/przylep.edu.pl\/przedszkole\/wp-content\/uploads\/2022\/03\/275067006_683902989708462_6369548654270502885_n.jpg\" data-link=\"https:\/\/przylep.edu.pl\/przedszkole\/?attachment_id=7056\" class=\"wp-image-7056\" srcset=\"https:\/\/przylep.edu.pl\/przedszkole\/wp-content\/uploads\/2022\/03\/275067006_683902989708462_6369548654270502885_n.jpg 960w, https:\/\/przylep.edu.pl\/przedszkole\/wp-content\/uploads\/2022\/03\/275067006_683902989708462_6369548654270502885_n-300x225.jpg 300w, https:\/\/przylep.edu.pl\/przedszkole\/wp-content\/uploads\/2022\/03\/275067006_683902989708462_6369548654270502885_n-768x576.jpg 768w, https:\/\/przylep.edu.pl\/przedszkole\/wp-content\/uploads\/2022\/03\/275067006_683902989708462_6369548654270502885_n-600x450.jpg 600w\" sizes=\"auto, (max-width: 960px) 100vw, 960px\" \/><\/figure><\/li><li class=\"blocks-gallery-item\"><figure><img loading=\"lazy\" decoding=\"async\" width=\"765\" height=\"1024\" src=\"https:\/\/przylep.edu.pl\/przedszkole\/wp-content\/uploads\/2022\/03\/275105143_362240825570219_4545781134115192121_n-765x1024.jpg\" alt=\"\" data-id=\"7057\" data-full-url=\"https:\/\/przylep.edu.pl\/przedszkole\/wp-content\/uploads\/2022\/03\/275105143_362240825570219_4545781134115192121_n-scaled.jpg\" data-link=\"https:\/\/przylep.edu.pl\/przedszkole\/?attachment_id=7057\" class=\"wp-image-7057\" srcset=\"https:\/\/przylep.edu.pl\/przedszkole\/wp-content\/uploads\/2022\/03\/275105143_362240825570219_4545781134115192121_n-765x1024.jpg 765w, https:\/\/przylep.edu.pl\/przedszkole\/wp-content\/uploads\/2022\/03\/275105143_362240825570219_4545781134115192121_n-224x300.jpg 224w, https:\/\/przylep.edu.pl\/przedszkole\/wp-content\/uploads\/2022\/03\/275105143_362240825570219_4545781134115192121_n-768x1028.jpg 768w, https:\/\/przylep.edu.pl\/przedszkole\/wp-content\/uploads\/2022\/03\/275105143_362240825570219_4545781134115192121_n-1148x1536.jpg 1148w, https:\/\/przylep.edu.pl\/przedszkole\/wp-content\/uploads\/2022\/03\/275105143_362240825570219_4545781134115192121_n-1531x2048.jpg 1531w, https:\/\/przylep.edu.pl\/przedszkole\/wp-content\/uploads\/2022\/03\/275105143_362240825570219_4545781134115192121_n-scaled.jpg 1913w\" sizes=\"auto, (max-width: 765px) 100vw, 765px\" \/><\/figure><\/li><li class=\"blocks-gallery-item\"><figure><img loading=\"lazy\" decoding=\"async\" width=\"765\" height=\"1024\" src=\"https:\/\/przylep.edu.pl\/przedszkole\/wp-content\/uploads\/2022\/03\/275146648_1094828578040842_5248774819498252632_n-765x1024.jpg\" alt=\"\" data-id=\"7058\" data-full-url=\"https:\/\/przylep.edu.pl\/przedszkole\/wp-content\/uploads\/2022\/03\/275146648_1094828578040842_5248774819498252632_n-scaled.jpg\" data-link=\"https:\/\/przylep.edu.pl\/przedszkole\/?attachment_id=7058\" class=\"wp-image-7058\" srcset=\"https:\/\/przylep.edu.pl\/przedszkole\/wp-content\/uploads\/2022\/03\/275146648_1094828578040842_5248774819498252632_n-765x1024.jpg 765w, https:\/\/przylep.edu.pl\/przedszkole\/wp-content\/uploads\/2022\/03\/275146648_1094828578040842_5248774819498252632_n-224x300.jpg 224w, https:\/\/przylep.edu.pl\/przedszkole\/wp-content\/uploads\/2022\/03\/275146648_1094828578040842_5248774819498252632_n-768x1028.jpg 768w, https:\/\/przylep.edu.pl\/przedszkole\/wp-content\/uploads\/2022\/03\/275146648_1094828578040842_5248774819498252632_n-1148x1536.jpg 1148w, https:\/\/przylep.edu.pl\/przedszkole\/wp-content\/uploads\/2022\/03\/275146648_1094828578040842_5248774819498252632_n-1531x2048.jpg 1531w, https:\/\/przylep.edu.pl\/przedszkole\/wp-content\/uploads\/2022\/03\/275146648_1094828578040842_5248774819498252632_n-scaled.jpg 1913w\" sizes=\"auto, (max-width: 765px) 100vw, 765px\" \/><\/figure><\/li><li class=\"blocks-gallery-item\"><figure><img loading=\"lazy\" decoding=\"async\" width=\"1024\" height=\"768\" src=\"https:\/\/przylep.edu.pl\/przedszkole\/wp-content\/uploads\/2022\/03\/275228761_412500137303050_1466679425256303078_n-1024x768.jpg\" alt=\"\" data-id=\"7059\" data-full-url=\"https:\/\/przylep.edu.pl\/przedszkole\/wp-content\/uploads\/2022\/03\/275228761_412500137303050_1466679425256303078_n.jpg\" data-link=\"https:\/\/przylep.edu.pl\/przedszkole\/?attachment_id=7059\" class=\"wp-image-7059\" srcset=\"https:\/\/przylep.edu.pl\/przedszkole\/wp-content\/uploads\/2022\/03\/275228761_412500137303050_1466679425256303078_n-1024x768.jpg 1024w, https:\/\/przylep.edu.pl\/przedszkole\/wp-content\/uploads\/2022\/03\/275228761_412500137303050_1466679425256303078_n-300x225.jpg 300w, https:\/\/przylep.edu.pl\/przedszkole\/wp-content\/uploads\/2022\/03\/275228761_412500137303050_1466679425256303078_n-768x576.jpg 768w, https:\/\/przylep.edu.pl\/przedszkole\/wp-content\/uploads\/2022\/03\/275228761_412500137303050_1466679425256303078_n-600x450.jpg 600w, https:\/\/przylep.edu.pl\/przedszkole\/wp-content\/uploads\/2022\/03\/275228761_412500137303050_1466679425256303078_n.jpg 1125w\" sizes=\"auto, (max-width: 1024px) 100vw, 1024px\" \/><\/figure><\/li><\/ul><\/figure>\n\n\n\n<p> By\u0142 to szczeg\u00f3lny dzie\u0144, pe\u0142en radosnych wra\u017ce\u0144.<\/p>\n","protected":false},"excerpt":{"rendered":"<p>25 lutego dzieci z Przylepu, przenios\u0142y si\u0119 w pradawne czasy, \u015bwi\u0119tuj\u0105c Dzie\u0144 Dinozaura. Te stworzenia fascynuj\u0105 dzieci, kryj\u0105 wiele tajemnic, zaskakuj\u0105 swoim wygl\u0105dem i wielko\u015bci\u0105. Dlatego te\u017c przedszkolaki pozna\u0142y histori\u0119 dinozaur\u00f3w, dowiedzia\u0142y si\u0119 jak wygl\u0105da\u0142y, czym si\u0119 \u017cywi\u0142y oraz jak wygin\u0119\u0142y. Najm\u0142odsi rozpoznawali nazwy przyniesionych z domu dinozaur\u00f3w i radzili sobie z tym \u015bwietnie z [&hellip;]<\/p>\n","protected":false},"author":2,"featured_media":7123,"comment_status":"closed","ping_status":"open","sticky":false,"template":"","format":"standard","meta":{"footnotes":""},"categories":[45,40],"tags":[],"class_list":["post-7045","post","type-post","status-publish","format-standard","has-post-thumbnail","hentry","category-aktualnosci","category-strona-glowna"],"_links":{"self":[{"href":"https:\/\/przylep.edu.pl\/przedszkole\/wp-json\/wp\/v2\/posts\/7045","targetHints":{"allow":["GET"]}}],"collection":[{"href":"https:\/\/przylep.edu.pl\/przedszkole\/wp-json\/wp\/v2\/posts"}],"about":[{"href":"https:\/\/przylep.edu.pl\/przedszkole\/wp-json\/wp\/v2\/types\/post"}],"author":[{"embeddable":true,"href":"https:\/\/przylep.edu.pl\/przedszkole\/wp-json\/wp\/v2\/users\/2"}],"replies":[{"embeddable":true,"href":"https:\/\/przylep.edu.pl\/przedszkole\/wp-json\/wp\/v2\/comments?post=7045"}],"version-history":[{"count":2,"href":"https:\/\/przylep.edu.pl\/przedszkole\/wp-json\/wp\/v2\/posts\/7045\/revisions"}],"predecessor-version":[{"id":7124,"href":"https:\/\/przylep.edu.pl\/przedszkole\/wp-json\/wp\/v2\/posts\/7045\/revisions\/7124"}],"wp:featuredmedia":[{"embeddable":true,"href":"https:\/\/przylep.edu.pl\/przedszkole\/wp-json\/wp\/v2\/media\/7123"}],"wp:attachment":[{"href":"https:\/\/przylep.edu.pl\/przedszkole\/wp-json\/wp\/v2\/media?parent=7045"}],"wp:term":[{"taxonomy":"category","embeddable":true,"href":"https:\/\/przylep.edu.pl\/przedszkole\/wp-json\/wp\/v2\/categories?post=7045"},{"taxonomy":"post_tag","embeddable":true,"href":"https:\/\/przylep.edu.pl\/przedszkole\/wp-json\/wp\/v2\/tags?post=7045"}],"curies":[{"name":"wp","href":"https:\/\/api.w.org\/{rel}","templated":true}]}}