{"id":7036,"date":"2022-01-22T19:33:00","date_gmt":"2022-01-22T18:33:00","guid":{"rendered":"https:\/\/przylep.edu.pl\/przedszkole\/?p=7036"},"modified":"2022-03-06T19:51:24","modified_gmt":"2022-03-06T18:51:24","slug":"dzien-babci-i-dziadka-2","status":"publish","type":"post","link":"https:\/\/przylep.edu.pl\/przedszkole\/2022\/01\/22\/dzien-babci-i-dziadka-2\/","title":{"rendered":"Dzie\u0144 babci i dziadka"},"content":{"rendered":"\n<p>Wszystkim Kochanym Babciom i Dziadkom sk\u0142adamy serdeczne \u017cyczenia, zdrowia, pogody ducha, wszelkiej pomy\u015blno\u015bci.<\/p>\n\n\n\n<p>Dzie\u0144 Babci i Dziadka jest te\u017c okazj\u0105 do tego, aby podzi\u0119kowa\u0107 Wam za dobro\u0107 cierpliwo\u015b\u0107, trosk\u0119 i mi\u0142o\u015b\u0107, kt\u00f3rymi darzycie swoje wnuki ka\u017cdego dnia. DZI\u0118KUJEMY<\/p>\n\n\n\n<p>Nasze przedszkolaki ca\u0142y tydzie\u0144 przygotowywa\u0142y si\u0119 do tego \u015bwi\u0119ta. Ka\u017cda z grup zrobi\u0142a pi\u0119kne prezenty dla swoich dziadk\u00f3w. <\/p>\n\n\n\n<figure class=\"wp-block-gallery columns-3 is-cropped wp-block-gallery-1 is-layout-flex wp-block-gallery-is-layout-flex\"><ul class=\"blocks-gallery-grid\"><li class=\"blocks-gallery-item\"><figure><img loading=\"lazy\" decoding=\"async\" width=\"768\" height=\"1024\" src=\"https:\/\/przylep.edu.pl\/przedszkole\/wp-content\/uploads\/2022\/03\/274871617_374655337530004_1317628380747261133_n-768x1024.jpg\" alt=\"\" data-id=\"7037\" data-full-url=\"https:\/\/przylep.edu.pl\/przedszkole\/wp-content\/uploads\/2022\/03\/274871617_374655337530004_1317628380747261133_n-scaled.jpg\" data-link=\"https:\/\/przylep.edu.pl\/przedszkole\/?attachment_id=7037\" class=\"wp-image-7037\" srcset=\"https:\/\/przylep.edu.pl\/przedszkole\/wp-content\/uploads\/2022\/03\/274871617_374655337530004_1317628380747261133_n-768x1024.jpg 768w, https:\/\/przylep.edu.pl\/przedszkole\/wp-content\/uploads\/2022\/03\/274871617_374655337530004_1317628380747261133_n-225x300.jpg 225w, https:\/\/przylep.edu.pl\/przedszkole\/wp-content\/uploads\/2022\/03\/274871617_374655337530004_1317628380747261133_n-1152x1536.jpg 1152w, https:\/\/przylep.edu.pl\/przedszkole\/wp-content\/uploads\/2022\/03\/274871617_374655337530004_1317628380747261133_n-1536x2048.jpg 1536w, https:\/\/przylep.edu.pl\/przedszkole\/wp-content\/uploads\/2022\/03\/274871617_374655337530004_1317628380747261133_n-scaled.jpg 1920w\" sizes=\"auto, (max-width: 768px) 100vw, 768px\" \/><\/figure><\/li><li class=\"blocks-gallery-item\"><figure><img loading=\"lazy\" decoding=\"async\" width=\"765\" height=\"1024\" src=\"https:\/\/przylep.edu.pl\/przedszkole\/wp-content\/uploads\/2022\/03\/274896592_265368669089427_6703050686906047277_n-765x1024.jpg\" alt=\"\" data-id=\"7038\" data-full-url=\"https:\/\/przylep.edu.pl\/przedszkole\/wp-content\/uploads\/2022\/03\/274896592_265368669089427_6703050686906047277_n-scaled.jpg\" data-link=\"https:\/\/przylep.edu.pl\/przedszkole\/?attachment_id=7038\" class=\"wp-image-7038\" srcset=\"https:\/\/przylep.edu.pl\/przedszkole\/wp-content\/uploads\/2022\/03\/274896592_265368669089427_6703050686906047277_n-765x1024.jpg 765w, https:\/\/przylep.edu.pl\/przedszkole\/wp-content\/uploads\/2022\/03\/274896592_265368669089427_6703050686906047277_n-224x300.jpg 224w, https:\/\/przylep.edu.pl\/przedszkole\/wp-content\/uploads\/2022\/03\/274896592_265368669089427_6703050686906047277_n-768x1028.jpg 768w, https:\/\/przylep.edu.pl\/przedszkole\/wp-content\/uploads\/2022\/03\/274896592_265368669089427_6703050686906047277_n-1148x1536.jpg 1148w, https:\/\/przylep.edu.pl\/przedszkole\/wp-content\/uploads\/2022\/03\/274896592_265368669089427_6703050686906047277_n-1531x2048.jpg 1531w, https:\/\/przylep.edu.pl\/przedszkole\/wp-content\/uploads\/2022\/03\/274896592_265368669089427_6703050686906047277_n-scaled.jpg 1913w\" sizes=\"auto, (max-width: 765px) 100vw, 765px\" \/><\/figure><\/li><li class=\"blocks-gallery-item\"><figure><img loading=\"lazy\" decoding=\"async\" width=\"960\" height=\"720\" src=\"https:\/\/przylep.edu.pl\/przedszkole\/wp-content\/uploads\/2022\/03\/274923199_350085487033991_42274726303800535_n.jpg\" alt=\"\" data-id=\"7039\" data-full-url=\"https:\/\/przylep.edu.pl\/przedszkole\/wp-content\/uploads\/2022\/03\/274923199_350085487033991_42274726303800535_n.jpg\" data-link=\"https:\/\/przylep.edu.pl\/przedszkole\/?attachment_id=7039\" class=\"wp-image-7039\" srcset=\"https:\/\/przylep.edu.pl\/przedszkole\/wp-content\/uploads\/2022\/03\/274923199_350085487033991_42274726303800535_n.jpg 960w, https:\/\/przylep.edu.pl\/przedszkole\/wp-content\/uploads\/2022\/03\/274923199_350085487033991_42274726303800535_n-300x225.jpg 300w, https:\/\/przylep.edu.pl\/przedszkole\/wp-content\/uploads\/2022\/03\/274923199_350085487033991_42274726303800535_n-768x576.jpg 768w, https:\/\/przylep.edu.pl\/przedszkole\/wp-content\/uploads\/2022\/03\/274923199_350085487033991_42274726303800535_n-600x450.jpg 600w\" sizes=\"auto, (max-width: 960px) 100vw, 960px\" \/><\/figure><\/li><li class=\"blocks-gallery-item\"><figure><img loading=\"lazy\" decoding=\"async\" width=\"765\" height=\"1024\" src=\"https:\/\/przylep.edu.pl\/przedszkole\/wp-content\/uploads\/2022\/03\/275049110_934681087096360_5710578113070764542_n-765x1024.jpg\" alt=\"\" data-id=\"7040\" data-full-url=\"https:\/\/przylep.edu.pl\/przedszkole\/wp-content\/uploads\/2022\/03\/275049110_934681087096360_5710578113070764542_n-scaled.jpg\" data-link=\"https:\/\/przylep.edu.pl\/przedszkole\/?attachment_id=7040\" class=\"wp-image-7040\" srcset=\"https:\/\/przylep.edu.pl\/przedszkole\/wp-content\/uploads\/2022\/03\/275049110_934681087096360_5710578113070764542_n-765x1024.jpg 765w, https:\/\/przylep.edu.pl\/przedszkole\/wp-content\/uploads\/2022\/03\/275049110_934681087096360_5710578113070764542_n-224x300.jpg 224w, https:\/\/przylep.edu.pl\/przedszkole\/wp-content\/uploads\/2022\/03\/275049110_934681087096360_5710578113070764542_n-768x1028.jpg 768w, https:\/\/przylep.edu.pl\/przedszkole\/wp-content\/uploads\/2022\/03\/275049110_934681087096360_5710578113070764542_n-1148x1536.jpg 1148w, https:\/\/przylep.edu.pl\/przedszkole\/wp-content\/uploads\/2022\/03\/275049110_934681087096360_5710578113070764542_n-1531x2048.jpg 1531w, https:\/\/przylep.edu.pl\/przedszkole\/wp-content\/uploads\/2022\/03\/275049110_934681087096360_5710578113070764542_n-scaled.jpg 1913w\" sizes=\"auto, (max-width: 765px) 100vw, 765px\" \/><\/figure><\/li><li class=\"blocks-gallery-item\"><figure><img loading=\"lazy\" decoding=\"async\" width=\"960\" height=\"720\" src=\"https:\/\/przylep.edu.pl\/przedszkole\/wp-content\/uploads\/2022\/03\/275102213_507286474116862_2443796892301133337_n.jpg\" alt=\"\" data-id=\"7041\" data-full-url=\"https:\/\/przylep.edu.pl\/przedszkole\/wp-content\/uploads\/2022\/03\/275102213_507286474116862_2443796892301133337_n.jpg\" data-link=\"https:\/\/przylep.edu.pl\/przedszkole\/?attachment_id=7041\" class=\"wp-image-7041\" srcset=\"https:\/\/przylep.edu.pl\/przedszkole\/wp-content\/uploads\/2022\/03\/275102213_507286474116862_2443796892301133337_n.jpg 960w, https:\/\/przylep.edu.pl\/przedszkole\/wp-content\/uploads\/2022\/03\/275102213_507286474116862_2443796892301133337_n-300x225.jpg 300w, https:\/\/przylep.edu.pl\/przedszkole\/wp-content\/uploads\/2022\/03\/275102213_507286474116862_2443796892301133337_n-768x576.jpg 768w, https:\/\/przylep.edu.pl\/przedszkole\/wp-content\/uploads\/2022\/03\/275102213_507286474116862_2443796892301133337_n-600x450.jpg 600w\" sizes=\"auto, (max-width: 960px) 100vw, 960px\" \/><\/figure><\/li><li class=\"blocks-gallery-item\"><figure><img loading=\"lazy\" decoding=\"async\" width=\"1024\" height=\"409\" src=\"https:\/\/przylep.edu.pl\/przedszkole\/wp-content\/uploads\/2022\/03\/275125803_644044093544923_6740072850136338226_n-1024x409.jpg\" alt=\"\" data-id=\"7042\" data-full-url=\"https:\/\/przylep.edu.pl\/przedszkole\/wp-content\/uploads\/2022\/03\/275125803_644044093544923_6740072850136338226_n-scaled.jpg\" data-link=\"https:\/\/przylep.edu.pl\/przedszkole\/?attachment_id=7042\" class=\"wp-image-7042\" srcset=\"https:\/\/przylep.edu.pl\/przedszkole\/wp-content\/uploads\/2022\/03\/275125803_644044093544923_6740072850136338226_n-1024x409.jpg 1024w, https:\/\/przylep.edu.pl\/przedszkole\/wp-content\/uploads\/2022\/03\/275125803_644044093544923_6740072850136338226_n-300x120.jpg 300w, https:\/\/przylep.edu.pl\/przedszkole\/wp-content\/uploads\/2022\/03\/275125803_644044093544923_6740072850136338226_n-768x307.jpg 768w, https:\/\/przylep.edu.pl\/przedszkole\/wp-content\/uploads\/2022\/03\/275125803_644044093544923_6740072850136338226_n-1536x613.jpg 1536w, https:\/\/przylep.edu.pl\/przedszkole\/wp-content\/uploads\/2022\/03\/275125803_644044093544923_6740072850136338226_n-2048x818.jpg 2048w\" sizes=\"auto, (max-width: 1024px) 100vw, 1024px\" \/><\/figure><\/li><\/ul><\/figure>\n","protected":false},"excerpt":{"rendered":"<p>Wszystkim Kochanym Babciom i Dziadkom sk\u0142adamy serdeczne \u017cyczenia, zdrowia, pogody ducha, wszelkiej pomy\u015blno\u015bci. Dzie\u0144 Babci i Dziadka jest te\u017c okazj\u0105 do tego, aby podzi\u0119kowa\u0107 Wam za dobro\u0107 cierpliwo\u015b\u0107, trosk\u0119 i mi\u0142o\u015b\u0107, kt\u00f3rymi darzycie swoje wnuki ka\u017cdego dnia. DZI\u0118KUJEMY Nasze przedszkolaki ca\u0142y tydzie\u0144 przygotowywa\u0142y si\u0119 do tego \u015bwi\u0119ta. Ka\u017cda z grup zrobi\u0142a pi\u0119kne prezenty dla swoich [&hellip;]<\/p>\n","protected":false},"author":2,"featured_media":7043,"comment_status":"closed","ping_status":"open","sticky":false,"template":"","format":"standard","meta":{"footnotes":""},"categories":[45,40],"tags":[],"class_list":["post-7036","post","type-post","status-publish","format-standard","has-post-thumbnail","hentry","category-aktualnosci","category-strona-glowna"],"_links":{"self":[{"href":"https:\/\/przylep.edu.pl\/przedszkole\/wp-json\/wp\/v2\/posts\/7036","targetHints":{"allow":["GET"]}}],"collection":[{"href":"https:\/\/przylep.edu.pl\/przedszkole\/wp-json\/wp\/v2\/posts"}],"about":[{"href":"https:\/\/przylep.edu.pl\/przedszkole\/wp-json\/wp\/v2\/types\/post"}],"author":[{"embeddable":true,"href":"https:\/\/przylep.edu.pl\/przedszkole\/wp-json\/wp\/v2\/users\/2"}],"replies":[{"embeddable":true,"href":"https:\/\/przylep.edu.pl\/przedszkole\/wp-json\/wp\/v2\/comments?post=7036"}],"version-history":[{"count":1,"href":"https:\/\/przylep.edu.pl\/przedszkole\/wp-json\/wp\/v2\/posts\/7036\/revisions"}],"predecessor-version":[{"id":7044,"href":"https:\/\/przylep.edu.pl\/przedszkole\/wp-json\/wp\/v2\/posts\/7036\/revisions\/7044"}],"wp:featuredmedia":[{"embeddable":true,"href":"https:\/\/przylep.edu.pl\/przedszkole\/wp-json\/wp\/v2\/media\/7043"}],"wp:attachment":[{"href":"https:\/\/przylep.edu.pl\/przedszkole\/wp-json\/wp\/v2\/media?parent=7036"}],"wp:term":[{"taxonomy":"category","embeddable":true,"href":"https:\/\/przylep.edu.pl\/przedszkole\/wp-json\/wp\/v2\/categories?post=7036"},{"taxonomy":"post_tag","embeddable":true,"href":"https:\/\/przylep.edu.pl\/przedszkole\/wp-json\/wp\/v2\/tags?post=7036"}],"curies":[{"name":"wp","href":"https:\/\/api.w.org\/{rel}","templated":true}]}}