{"id":7025,"date":"2022-02-25T12:39:00","date_gmt":"2022-02-25T11:39:00","guid":{"rendered":"https:\/\/przylep.edu.pl\/przedszkole\/?p=7025"},"modified":"2022-03-06T20:18:39","modified_gmt":"2022-03-06T19:18:39","slug":"w-karnawale-czas-na-bale-2","status":"publish","type":"post","link":"https:\/\/przylep.edu.pl\/przedszkole\/2022\/02\/25\/w-karnawale-czas-na-bale-2\/","title":{"rendered":"W karnawale czas na bale&#8230;"},"content":{"rendered":"\n<p>W karnawale czas na bale, w Naszym przedszkolu nie mog\u0142o by\u0107 inaczej!!<\/p>\n\n\n\n<p>Fantastyczne przebrania przygotowane przez rodzic\u00f3w i co najwa\u017cniejsze, mn\u00f3stwo dobrej zabawy. <\/p>\n\n\n\n<p>Na ten dzie\u0144 dzieci czeka\u0142y od dawna.<\/p>\n\n\n\n<p>Na czas zabawy dziewczynki zamieni\u0142y si\u0119 w ksi\u0119\u017cniczki, kotki, myszki, wr\u00f3\u017cki, a ch\u0142opcy w policjant\u00f3w, pirat\u00f3w i wiele innych postaci bajkowego \u015bwiata. Weso\u0142\u0105 zabaw\u0119 w rytmie utwor\u00f3w instrumentalnych i wokalnych uatrakcyjnia\u0142y liczne zabawy i konkursy. Przedszkolaki w pi\u0119knych i pomys\u0142owych strojach z ogromnym przej\u0119ciem porusza\u0142y si\u0119 po swoich salach.&nbsp; Zabawa karnawa\u0142owa to taka forma aktywno\u015bci, kt\u00f3ra zawsze dostarcza dzieciom wiele rado\u015bci, przyjemno\u015bci i niezapomnianych chwil, kt\u00f3re na d\u0142ugo pozostaj\u0105 w ich pami\u0119ci.<\/p>\n\n\n\n<figure class=\"wp-block-gallery columns-3 is-cropped wp-block-gallery-1 is-layout-flex wp-block-gallery-is-layout-flex\"><ul class=\"blocks-gallery-grid\"><li class=\"blocks-gallery-item\"><figure><img loading=\"lazy\" decoding=\"async\" width=\"461\" height=\"1024\" src=\"https:\/\/przylep.edu.pl\/przedszkole\/wp-content\/uploads\/2022\/03\/273861216_1367324407040569_1892564328073779609_n-461x1024.jpg\" alt=\"\" data-id=\"7026\" data-full-url=\"https:\/\/przylep.edu.pl\/przedszkole\/wp-content\/uploads\/2022\/03\/273861216_1367324407040569_1892564328073779609_n.jpg\" data-link=\"https:\/\/przylep.edu.pl\/przedszkole\/?attachment_id=7026\" class=\"wp-image-7026\" srcset=\"https:\/\/przylep.edu.pl\/przedszkole\/wp-content\/uploads\/2022\/03\/273861216_1367324407040569_1892564328073779609_n-461x1024.jpg 461w, https:\/\/przylep.edu.pl\/przedszkole\/wp-content\/uploads\/2022\/03\/273861216_1367324407040569_1892564328073779609_n-135x300.jpg 135w, https:\/\/przylep.edu.pl\/przedszkole\/wp-content\/uploads\/2022\/03\/273861216_1367324407040569_1892564328073779609_n-768x1706.jpg 768w, https:\/\/przylep.edu.pl\/przedszkole\/wp-content\/uploads\/2022\/03\/273861216_1367324407040569_1892564328073779609_n-692x1536.jpg 692w, https:\/\/przylep.edu.pl\/przedszkole\/wp-content\/uploads\/2022\/03\/273861216_1367324407040569_1892564328073779609_n.jpg 922w\" sizes=\"auto, (max-width: 461px) 100vw, 461px\" \/><\/figure><\/li><li class=\"blocks-gallery-item\"><figure><img loading=\"lazy\" decoding=\"async\" width=\"1024\" height=\"768\" src=\"https:\/\/przylep.edu.pl\/przedszkole\/wp-content\/uploads\/2022\/03\/274345545_4898937243487918_525860705315250283_n-1024x768.jpg\" alt=\"\" data-id=\"7028\" data-full-url=\"https:\/\/przylep.edu.pl\/przedszkole\/wp-content\/uploads\/2022\/03\/274345545_4898937243487918_525860705315250283_n.jpg\" data-link=\"https:\/\/przylep.edu.pl\/przedszkole\/?attachment_id=7028\" class=\"wp-image-7028\" srcset=\"https:\/\/przylep.edu.pl\/przedszkole\/wp-content\/uploads\/2022\/03\/274345545_4898937243487918_525860705315250283_n-1024x768.jpg 1024w, https:\/\/przylep.edu.pl\/przedszkole\/wp-content\/uploads\/2022\/03\/274345545_4898937243487918_525860705315250283_n-300x225.jpg 300w, https:\/\/przylep.edu.pl\/przedszkole\/wp-content\/uploads\/2022\/03\/274345545_4898937243487918_525860705315250283_n-768x576.jpg 768w, https:\/\/przylep.edu.pl\/przedszkole\/wp-content\/uploads\/2022\/03\/274345545_4898937243487918_525860705315250283_n-1536x1152.jpg 1536w, https:\/\/przylep.edu.pl\/przedszkole\/wp-content\/uploads\/2022\/03\/274345545_4898937243487918_525860705315250283_n-600x450.jpg 600w, https:\/\/przylep.edu.pl\/przedszkole\/wp-content\/uploads\/2022\/03\/274345545_4898937243487918_525860705315250283_n.jpg 1600w\" sizes=\"auto, (max-width: 1024px) 100vw, 1024px\" \/><\/figure><\/li><li class=\"blocks-gallery-item\"><figure><img loading=\"lazy\" decoding=\"async\" width=\"1024\" height=\"768\" src=\"https:\/\/przylep.edu.pl\/przedszkole\/wp-content\/uploads\/2022\/03\/274347640_4898938926821083_5586453452141632500_n-1024x768.jpg\" alt=\"\" data-id=\"7029\" data-full-url=\"https:\/\/przylep.edu.pl\/przedszkole\/wp-content\/uploads\/2022\/03\/274347640_4898938926821083_5586453452141632500_n.jpg\" data-link=\"https:\/\/przylep.edu.pl\/przedszkole\/?attachment_id=7029\" class=\"wp-image-7029\" srcset=\"https:\/\/przylep.edu.pl\/przedszkole\/wp-content\/uploads\/2022\/03\/274347640_4898938926821083_5586453452141632500_n-1024x768.jpg 1024w, https:\/\/przylep.edu.pl\/przedszkole\/wp-content\/uploads\/2022\/03\/274347640_4898938926821083_5586453452141632500_n-300x225.jpg 300w, https:\/\/przylep.edu.pl\/przedszkole\/wp-content\/uploads\/2022\/03\/274347640_4898938926821083_5586453452141632500_n-768x576.jpg 768w, https:\/\/przylep.edu.pl\/przedszkole\/wp-content\/uploads\/2022\/03\/274347640_4898938926821083_5586453452141632500_n-1536x1152.jpg 1536w, https:\/\/przylep.edu.pl\/przedszkole\/wp-content\/uploads\/2022\/03\/274347640_4898938926821083_5586453452141632500_n-600x450.jpg 600w, https:\/\/przylep.edu.pl\/przedszkole\/wp-content\/uploads\/2022\/03\/274347640_4898938926821083_5586453452141632500_n.jpg 1600w\" sizes=\"auto, (max-width: 1024px) 100vw, 1024px\" \/><\/figure><\/li><li class=\"blocks-gallery-item\"><figure><img loading=\"lazy\" decoding=\"async\" width=\"1024\" height=\"768\" src=\"https:\/\/przylep.edu.pl\/przedszkole\/wp-content\/uploads\/2022\/03\/274348274_4898937926821183_5527431310184804773_n-1024x768.jpg\" alt=\"\" data-id=\"7030\" data-full-url=\"https:\/\/przylep.edu.pl\/przedszkole\/wp-content\/uploads\/2022\/03\/274348274_4898937926821183_5527431310184804773_n.jpg\" data-link=\"https:\/\/przylep.edu.pl\/przedszkole\/?attachment_id=7030\" class=\"wp-image-7030\" srcset=\"https:\/\/przylep.edu.pl\/przedszkole\/wp-content\/uploads\/2022\/03\/274348274_4898937926821183_5527431310184804773_n-1024x768.jpg 1024w, https:\/\/przylep.edu.pl\/przedszkole\/wp-content\/uploads\/2022\/03\/274348274_4898937926821183_5527431310184804773_n-300x225.jpg 300w, https:\/\/przylep.edu.pl\/przedszkole\/wp-content\/uploads\/2022\/03\/274348274_4898937926821183_5527431310184804773_n-768x576.jpg 768w, https:\/\/przylep.edu.pl\/przedszkole\/wp-content\/uploads\/2022\/03\/274348274_4898937926821183_5527431310184804773_n-1536x1152.jpg 1536w, https:\/\/przylep.edu.pl\/przedszkole\/wp-content\/uploads\/2022\/03\/274348274_4898937926821183_5527431310184804773_n-600x450.jpg 600w, https:\/\/przylep.edu.pl\/przedszkole\/wp-content\/uploads\/2022\/03\/274348274_4898937926821183_5527431310184804773_n.jpg 1600w\" sizes=\"auto, (max-width: 1024px) 100vw, 1024px\" \/><\/figure><\/li><li class=\"blocks-gallery-item\"><figure><img loading=\"lazy\" decoding=\"async\" width=\"1024\" height=\"768\" src=\"https:\/\/przylep.edu.pl\/przedszkole\/wp-content\/uploads\/2022\/03\/274377345_4898938550154454_8591025493548563954_n-1024x768.jpg\" alt=\"\" data-id=\"7031\" data-full-url=\"https:\/\/przylep.edu.pl\/przedszkole\/wp-content\/uploads\/2022\/03\/274377345_4898938550154454_8591025493548563954_n.jpg\" data-link=\"https:\/\/przylep.edu.pl\/przedszkole\/?attachment_id=7031\" class=\"wp-image-7031\" srcset=\"https:\/\/przylep.edu.pl\/przedszkole\/wp-content\/uploads\/2022\/03\/274377345_4898938550154454_8591025493548563954_n-1024x768.jpg 1024w, https:\/\/przylep.edu.pl\/przedszkole\/wp-content\/uploads\/2022\/03\/274377345_4898938550154454_8591025493548563954_n-300x225.jpg 300w, https:\/\/przylep.edu.pl\/przedszkole\/wp-content\/uploads\/2022\/03\/274377345_4898938550154454_8591025493548563954_n-768x576.jpg 768w, https:\/\/przylep.edu.pl\/przedszkole\/wp-content\/uploads\/2022\/03\/274377345_4898938550154454_8591025493548563954_n-1536x1152.jpg 1536w, https:\/\/przylep.edu.pl\/przedszkole\/wp-content\/uploads\/2022\/03\/274377345_4898938550154454_8591025493548563954_n-600x450.jpg 600w, https:\/\/przylep.edu.pl\/przedszkole\/wp-content\/uploads\/2022\/03\/274377345_4898938550154454_8591025493548563954_n.jpg 1600w\" sizes=\"auto, (max-width: 1024px) 100vw, 1024px\" \/><\/figure><\/li><li class=\"blocks-gallery-item\"><figure><img loading=\"lazy\" decoding=\"async\" width=\"1024\" height=\"768\" src=\"https:\/\/przylep.edu.pl\/przedszkole\/wp-content\/uploads\/2022\/03\/274378596_4898938156821160_317551135096788257_n-1024x768.jpg\" alt=\"\" data-id=\"7032\" data-full-url=\"https:\/\/przylep.edu.pl\/przedszkole\/wp-content\/uploads\/2022\/03\/274378596_4898938156821160_317551135096788257_n.jpg\" data-link=\"https:\/\/przylep.edu.pl\/przedszkole\/?attachment_id=7032\" class=\"wp-image-7032\" srcset=\"https:\/\/przylep.edu.pl\/przedszkole\/wp-content\/uploads\/2022\/03\/274378596_4898938156821160_317551135096788257_n-1024x768.jpg 1024w, https:\/\/przylep.edu.pl\/przedszkole\/wp-content\/uploads\/2022\/03\/274378596_4898938156821160_317551135096788257_n-300x225.jpg 300w, https:\/\/przylep.edu.pl\/przedszkole\/wp-content\/uploads\/2022\/03\/274378596_4898938156821160_317551135096788257_n-768x576.jpg 768w, https:\/\/przylep.edu.pl\/przedszkole\/wp-content\/uploads\/2022\/03\/274378596_4898938156821160_317551135096788257_n-1536x1152.jpg 1536w, https:\/\/przylep.edu.pl\/przedszkole\/wp-content\/uploads\/2022\/03\/274378596_4898938156821160_317551135096788257_n-600x450.jpg 600w, https:\/\/przylep.edu.pl\/przedszkole\/wp-content\/uploads\/2022\/03\/274378596_4898938156821160_317551135096788257_n.jpg 1600w\" sizes=\"auto, (max-width: 1024px) 100vw, 1024px\" \/><\/figure><\/li><\/ul><\/figure>\n\n\n\n<p><\/p>\n\n\n\n<figure class=\"wp-block-gallery columns-3 is-cropped wp-block-gallery-2 is-layout-flex wp-block-gallery-is-layout-flex\"><ul class=\"blocks-gallery-grid\"><li class=\"blocks-gallery-item\"><figure><img loading=\"lazy\" decoding=\"async\" width=\"1024\" height=\"768\" src=\"https:\/\/przylep.edu.pl\/przedszkole\/wp-content\/uploads\/2022\/03\/274189985_1391521927984423_5506676320855865706_n-1024x768.jpg\" alt=\"\" data-id=\"7063\" data-full-url=\"https:\/\/przylep.edu.pl\/przedszkole\/wp-content\/uploads\/2022\/03\/274189985_1391521927984423_5506676320855865706_n.jpg\" data-link=\"https:\/\/przylep.edu.pl\/przedszkole\/2022\/02\/25\/w-karnawale-czas-na-bale-2\/274189985_1391521927984423_5506676320855865706_n\/\" class=\"wp-image-7063\" srcset=\"https:\/\/przylep.edu.pl\/przedszkole\/wp-content\/uploads\/2022\/03\/274189985_1391521927984423_5506676320855865706_n-1024x768.jpg 1024w, https:\/\/przylep.edu.pl\/przedszkole\/wp-content\/uploads\/2022\/03\/274189985_1391521927984423_5506676320855865706_n-300x225.jpg 300w, https:\/\/przylep.edu.pl\/przedszkole\/wp-content\/uploads\/2022\/03\/274189985_1391521927984423_5506676320855865706_n-768x576.jpg 768w, https:\/\/przylep.edu.pl\/przedszkole\/wp-content\/uploads\/2022\/03\/274189985_1391521927984423_5506676320855865706_n-600x450.jpg 600w, https:\/\/przylep.edu.pl\/przedszkole\/wp-content\/uploads\/2022\/03\/274189985_1391521927984423_5506676320855865706_n.jpg 1125w\" sizes=\"auto, (max-width: 1024px) 100vw, 1024px\" \/><\/figure><\/li><li class=\"blocks-gallery-item\"><figure><img loading=\"lazy\" decoding=\"async\" width=\"765\" height=\"1024\" src=\"https:\/\/przylep.edu.pl\/przedszkole\/wp-content\/uploads\/2022\/03\/274672296_323300949772793_2577760635400502115_n-765x1024.jpg\" alt=\"\" data-id=\"7064\" data-full-url=\"https:\/\/przylep.edu.pl\/przedszkole\/wp-content\/uploads\/2022\/03\/274672296_323300949772793_2577760635400502115_n-scaled.jpg\" data-link=\"https:\/\/przylep.edu.pl\/przedszkole\/2022\/02\/25\/w-karnawale-czas-na-bale-2\/274672296_323300949772793_2577760635400502115_n\/\" class=\"wp-image-7064\" srcset=\"https:\/\/przylep.edu.pl\/przedszkole\/wp-content\/uploads\/2022\/03\/274672296_323300949772793_2577760635400502115_n-765x1024.jpg 765w, https:\/\/przylep.edu.pl\/przedszkole\/wp-content\/uploads\/2022\/03\/274672296_323300949772793_2577760635400502115_n-224x300.jpg 224w, https:\/\/przylep.edu.pl\/przedszkole\/wp-content\/uploads\/2022\/03\/274672296_323300949772793_2577760635400502115_n-768x1028.jpg 768w, https:\/\/przylep.edu.pl\/przedszkole\/wp-content\/uploads\/2022\/03\/274672296_323300949772793_2577760635400502115_n-1148x1536.jpg 1148w, https:\/\/przylep.edu.pl\/przedszkole\/wp-content\/uploads\/2022\/03\/274672296_323300949772793_2577760635400502115_n-1531x2048.jpg 1531w, https:\/\/przylep.edu.pl\/przedszkole\/wp-content\/uploads\/2022\/03\/274672296_323300949772793_2577760635400502115_n-scaled.jpg 1913w\" sizes=\"auto, (max-width: 765px) 100vw, 765px\" \/><\/figure><\/li><li class=\"blocks-gallery-item\"><figure><img loading=\"lazy\" decoding=\"async\" width=\"1024\" height=\"768\" src=\"https:\/\/przylep.edu.pl\/przedszkole\/wp-content\/uploads\/2022\/03\/274780237_362132169113102_947710969719715510_n-1024x768.jpg\" alt=\"\" data-id=\"7065\" data-full-url=\"https:\/\/przylep.edu.pl\/przedszkole\/wp-content\/uploads\/2022\/03\/274780237_362132169113102_947710969719715510_n.jpg\" data-link=\"https:\/\/przylep.edu.pl\/przedszkole\/2022\/02\/25\/w-karnawale-czas-na-bale-2\/274780237_362132169113102_947710969719715510_n\/\" class=\"wp-image-7065\" srcset=\"https:\/\/przylep.edu.pl\/przedszkole\/wp-content\/uploads\/2022\/03\/274780237_362132169113102_947710969719715510_n-1024x768.jpg 1024w, https:\/\/przylep.edu.pl\/przedszkole\/wp-content\/uploads\/2022\/03\/274780237_362132169113102_947710969719715510_n-300x225.jpg 300w, https:\/\/przylep.edu.pl\/przedszkole\/wp-content\/uploads\/2022\/03\/274780237_362132169113102_947710969719715510_n-768x576.jpg 768w, https:\/\/przylep.edu.pl\/przedszkole\/wp-content\/uploads\/2022\/03\/274780237_362132169113102_947710969719715510_n-600x450.jpg 600w, https:\/\/przylep.edu.pl\/przedszkole\/wp-content\/uploads\/2022\/03\/274780237_362132169113102_947710969719715510_n.jpg 1125w\" sizes=\"auto, (max-width: 1024px) 100vw, 1024px\" \/><\/figure><\/li><li class=\"blocks-gallery-item\"><figure><img loading=\"lazy\" decoding=\"async\" width=\"765\" height=\"1024\" src=\"https:\/\/przylep.edu.pl\/przedszkole\/wp-content\/uploads\/2022\/03\/274864641_497856901961349_1074295195749341022_n-765x1024.jpg\" alt=\"\" data-id=\"7066\" data-full-url=\"https:\/\/przylep.edu.pl\/przedszkole\/wp-content\/uploads\/2022\/03\/274864641_497856901961349_1074295195749341022_n-scaled.jpg\" data-link=\"https:\/\/przylep.edu.pl\/przedszkole\/2022\/02\/25\/w-karnawale-czas-na-bale-2\/274864641_497856901961349_1074295195749341022_n\/\" class=\"wp-image-7066\" srcset=\"https:\/\/przylep.edu.pl\/przedszkole\/wp-content\/uploads\/2022\/03\/274864641_497856901961349_1074295195749341022_n-765x1024.jpg 765w, https:\/\/przylep.edu.pl\/przedszkole\/wp-content\/uploads\/2022\/03\/274864641_497856901961349_1074295195749341022_n-224x300.jpg 224w, https:\/\/przylep.edu.pl\/przedszkole\/wp-content\/uploads\/2022\/03\/274864641_497856901961349_1074295195749341022_n-768x1028.jpg 768w, https:\/\/przylep.edu.pl\/przedszkole\/wp-content\/uploads\/2022\/03\/274864641_497856901961349_1074295195749341022_n-1148x1536.jpg 1148w, https:\/\/przylep.edu.pl\/przedszkole\/wp-content\/uploads\/2022\/03\/274864641_497856901961349_1074295195749341022_n-1531x2048.jpg 1531w, https:\/\/przylep.edu.pl\/przedszkole\/wp-content\/uploads\/2022\/03\/274864641_497856901961349_1074295195749341022_n-scaled.jpg 1913w\" sizes=\"auto, (max-width: 765px) 100vw, 765px\" \/><\/figure><\/li><li class=\"blocks-gallery-item\"><figure><img loading=\"lazy\" decoding=\"async\" width=\"1024\" height=\"768\" src=\"https:\/\/przylep.edu.pl\/przedszkole\/wp-content\/uploads\/2022\/03\/274878908_3102555889994081_6070689302688005882_n-1024x768.jpg\" alt=\"\" data-id=\"7067\" data-full-url=\"https:\/\/przylep.edu.pl\/przedszkole\/wp-content\/uploads\/2022\/03\/274878908_3102555889994081_6070689302688005882_n-scaled.jpg\" data-link=\"https:\/\/przylep.edu.pl\/przedszkole\/2022\/02\/25\/w-karnawale-czas-na-bale-2\/274878908_3102555889994081_6070689302688005882_n\/\" class=\"wp-image-7067\" srcset=\"https:\/\/przylep.edu.pl\/przedszkole\/wp-content\/uploads\/2022\/03\/274878908_3102555889994081_6070689302688005882_n-1024x768.jpg 1024w, https:\/\/przylep.edu.pl\/przedszkole\/wp-content\/uploads\/2022\/03\/274878908_3102555889994081_6070689302688005882_n-300x225.jpg 300w, https:\/\/przylep.edu.pl\/przedszkole\/wp-content\/uploads\/2022\/03\/274878908_3102555889994081_6070689302688005882_n-768x576.jpg 768w, https:\/\/przylep.edu.pl\/przedszkole\/wp-content\/uploads\/2022\/03\/274878908_3102555889994081_6070689302688005882_n-1536x1152.jpg 1536w, https:\/\/przylep.edu.pl\/przedszkole\/wp-content\/uploads\/2022\/03\/274878908_3102555889994081_6070689302688005882_n-2048x1536.jpg 2048w, https:\/\/przylep.edu.pl\/przedszkole\/wp-content\/uploads\/2022\/03\/274878908_3102555889994081_6070689302688005882_n-600x450.jpg 600w\" sizes=\"auto, (max-width: 1024px) 100vw, 1024px\" \/><\/figure><\/li><li class=\"blocks-gallery-item\"><figure><img loading=\"lazy\" decoding=\"async\" width=\"1024\" height=\"768\" src=\"https:\/\/przylep.edu.pl\/przedszkole\/wp-content\/uploads\/2022\/03\/274969606_527595545370488_634521120737017835_n-1024x768.jpg\" alt=\"\" data-id=\"7068\" data-full-url=\"https:\/\/przylep.edu.pl\/przedszkole\/wp-content\/uploads\/2022\/03\/274969606_527595545370488_634521120737017835_n-scaled.jpg\" data-link=\"https:\/\/przylep.edu.pl\/przedszkole\/2022\/02\/25\/w-karnawale-czas-na-bale-2\/274969606_527595545370488_634521120737017835_n\/\" class=\"wp-image-7068\" srcset=\"https:\/\/przylep.edu.pl\/przedszkole\/wp-content\/uploads\/2022\/03\/274969606_527595545370488_634521120737017835_n-1024x768.jpg 1024w, https:\/\/przylep.edu.pl\/przedszkole\/wp-content\/uploads\/2022\/03\/274969606_527595545370488_634521120737017835_n-300x225.jpg 300w, https:\/\/przylep.edu.pl\/przedszkole\/wp-content\/uploads\/2022\/03\/274969606_527595545370488_634521120737017835_n-768x576.jpg 768w, https:\/\/przylep.edu.pl\/przedszkole\/wp-content\/uploads\/2022\/03\/274969606_527595545370488_634521120737017835_n-1536x1152.jpg 1536w, https:\/\/przylep.edu.pl\/przedszkole\/wp-content\/uploads\/2022\/03\/274969606_527595545370488_634521120737017835_n-2048x1536.jpg 2048w, https:\/\/przylep.edu.pl\/przedszkole\/wp-content\/uploads\/2022\/03\/274969606_527595545370488_634521120737017835_n-600x450.jpg 600w\" sizes=\"auto, (max-width: 1024px) 100vw, 1024px\" \/><\/figure><\/li><li class=\"blocks-gallery-item\"><figure><img loading=\"lazy\" decoding=\"async\" width=\"1024\" height=\"664\" src=\"https:\/\/przylep.edu.pl\/przedszkole\/wp-content\/uploads\/2022\/03\/274979984_1005832616781336_8048703833501468247_n-1024x664.jpg\" alt=\"\" data-id=\"7069\" data-full-url=\"https:\/\/przylep.edu.pl\/przedszkole\/wp-content\/uploads\/2022\/03\/274979984_1005832616781336_8048703833501468247_n-scaled.jpg\" data-link=\"https:\/\/przylep.edu.pl\/przedszkole\/2022\/02\/25\/w-karnawale-czas-na-bale-2\/274979984_1005832616781336_8048703833501468247_n\/\" class=\"wp-image-7069\" srcset=\"https:\/\/przylep.edu.pl\/przedszkole\/wp-content\/uploads\/2022\/03\/274979984_1005832616781336_8048703833501468247_n-1024x664.jpg 1024w, https:\/\/przylep.edu.pl\/przedszkole\/wp-content\/uploads\/2022\/03\/274979984_1005832616781336_8048703833501468247_n-300x194.jpg 300w, https:\/\/przylep.edu.pl\/przedszkole\/wp-content\/uploads\/2022\/03\/274979984_1005832616781336_8048703833501468247_n-768x498.jpg 768w, https:\/\/przylep.edu.pl\/przedszkole\/wp-content\/uploads\/2022\/03\/274979984_1005832616781336_8048703833501468247_n-1536x996.jpg 1536w, https:\/\/przylep.edu.pl\/przedszkole\/wp-content\/uploads\/2022\/03\/274979984_1005832616781336_8048703833501468247_n-2048x1328.jpg 2048w\" sizes=\"auto, (max-width: 1024px) 100vw, 1024px\" \/><\/figure><\/li><li class=\"blocks-gallery-item\"><figure><img loading=\"lazy\" decoding=\"async\" width=\"1024\" height=\"897\" src=\"https:\/\/przylep.edu.pl\/przedszkole\/wp-content\/uploads\/2022\/03\/275035011_487317442929070_3527673394371204022_n-1024x897.jpg\" alt=\"\" data-id=\"7071\" data-full-url=\"https:\/\/przylep.edu.pl\/przedszkole\/wp-content\/uploads\/2022\/03\/275035011_487317442929070_3527673394371204022_n-scaled.jpg\" data-link=\"https:\/\/przylep.edu.pl\/przedszkole\/2022\/02\/25\/w-karnawale-czas-na-bale-2\/275035011_487317442929070_3527673394371204022_n\/\" class=\"wp-image-7071\" srcset=\"https:\/\/przylep.edu.pl\/przedszkole\/wp-content\/uploads\/2022\/03\/275035011_487317442929070_3527673394371204022_n-1024x897.jpg 1024w, https:\/\/przylep.edu.pl\/przedszkole\/wp-content\/uploads\/2022\/03\/275035011_487317442929070_3527673394371204022_n-300x263.jpg 300w, https:\/\/przylep.edu.pl\/przedszkole\/wp-content\/uploads\/2022\/03\/275035011_487317442929070_3527673394371204022_n-768x673.jpg 768w, https:\/\/przylep.edu.pl\/przedszkole\/wp-content\/uploads\/2022\/03\/275035011_487317442929070_3527673394371204022_n-1536x1346.jpg 1536w, https:\/\/przylep.edu.pl\/przedszkole\/wp-content\/uploads\/2022\/03\/275035011_487317442929070_3527673394371204022_n-2048x1795.jpg 2048w\" sizes=\"auto, (max-width: 1024px) 100vw, 1024px\" \/><\/figure><\/li><\/ul><\/figure>\n","protected":false},"excerpt":{"rendered":"<p>W karnawale czas na bale, w Naszym przedszkolu nie mog\u0142o by\u0107 inaczej!! Fantastyczne przebrania przygotowane przez rodzic\u00f3w i co najwa\u017cniejsze, mn\u00f3stwo dobrej zabawy. Na ten dzie\u0144 dzieci czeka\u0142y od dawna. Na czas zabawy dziewczynki zamieni\u0142y si\u0119 w ksi\u0119\u017cniczki, kotki, myszki, wr\u00f3\u017cki, a ch\u0142opcy w policjant\u00f3w, pirat\u00f3w i wiele innych postaci bajkowego \u015bwiata. Weso\u0142\u0105 zabaw\u0119 w [&hellip;]<\/p>\n","protected":false},"author":2,"featured_media":7033,"comment_status":"closed","ping_status":"open","sticky":false,"template":"","format":"standard","meta":{"footnotes":""},"categories":[45,40],"tags":[],"class_list":["post-7025","post","type-post","status-publish","format-standard","has-post-thumbnail","hentry","category-aktualnosci","category-strona-glowna"],"_links":{"self":[{"href":"https:\/\/przylep.edu.pl\/przedszkole\/wp-json\/wp\/v2\/posts\/7025","targetHints":{"allow":["GET"]}}],"collection":[{"href":"https:\/\/przylep.edu.pl\/przedszkole\/wp-json\/wp\/v2\/posts"}],"about":[{"href":"https:\/\/przylep.edu.pl\/przedszkole\/wp-json\/wp\/v2\/types\/post"}],"author":[{"embeddable":true,"href":"https:\/\/przylep.edu.pl\/przedszkole\/wp-json\/wp\/v2\/users\/2"}],"replies":[{"embeddable":true,"href":"https:\/\/przylep.edu.pl\/przedszkole\/wp-json\/wp\/v2\/comments?post=7025"}],"version-history":[{"count":2,"href":"https:\/\/przylep.edu.pl\/przedszkole\/wp-json\/wp\/v2\/posts\/7025\/revisions"}],"predecessor-version":[{"id":7072,"href":"https:\/\/przylep.edu.pl\/przedszkole\/wp-json\/wp\/v2\/posts\/7025\/revisions\/7072"}],"wp:featuredmedia":[{"embeddable":true,"href":"https:\/\/przylep.edu.pl\/przedszkole\/wp-json\/wp\/v2\/media\/7033"}],"wp:attachment":[{"href":"https:\/\/przylep.edu.pl\/przedszkole\/wp-json\/wp\/v2\/media?parent=7025"}],"wp:term":[{"taxonomy":"category","embeddable":true,"href":"https:\/\/przylep.edu.pl\/przedszkole\/wp-json\/wp\/v2\/categories?post=7025"},{"taxonomy":"post_tag","embeddable":true,"href":"https:\/\/przylep.edu.pl\/przedszkole\/wp-json\/wp\/v2\/tags?post=7025"}],"curies":[{"name":"wp","href":"https:\/\/api.w.org\/{rel}","templated":true}]}}