{"id":6982,"date":"2022-02-27T16:46:42","date_gmt":"2022-02-27T15:46:42","guid":{"rendered":"https:\/\/przylep.edu.pl\/przedszkole\/?p=6982"},"modified":"2022-02-27T16:46:42","modified_gmt":"2022-02-27T15:46:42","slug":"solidarni-z-ukraina","status":"publish","type":"post","link":"https:\/\/przylep.edu.pl\/przedszkole\/2022\/02\/27\/solidarni-z-ukraina\/","title":{"rendered":"Solidarni z Ukrain\u0105"},"content":{"rendered":"\n<p>Szanowni Pa\u0144stwo, <\/p>\n\n\n\n<p>jeste\u015bmy \u015bwiadkami tragedii- WOJNY, kt\u00f3ra toczy si\u0119 na ziemiach naszych s\u0105siad\u00f3w- w Ukrainie. Wielu z nich szuka schronienia w naszym kraju, wi\u0119kszo\u015b\u0107 zosta\u0142a jednak tam, gdzie tocz\u0105 si\u0119 walki. Jedni i drudzy potrzebuj\u0105 naszego wsparcia. Zwracam si\u0119 do Pa\u0144stwa o pomoc w zbi\u00f3rce potrzebnych rzeczy, kt\u00f3re zosta\u0142y wymienione poni\u017cej wiersza napisanego przez Pani\u0105 Barbar\u0119 Romankiewicz &#8211; Przewodnicz\u0105c\u0105 Rady Rodzic\u00f3w Zespo\u0142u Szkolno-Przedszkolnego <br>w Przylepie.<\/p>\n\n\n\n<figure class=\"wp-block-image size-large\"><img loading=\"lazy\" decoding=\"async\" width=\"576\" height=\"1024\" src=\"https:\/\/przylep.edu.pl\/przedszkole\/wp-content\/uploads\/2022\/02\/Solidarni-z-Ukraina-wiersz-576x1024.png\" alt=\"\" class=\"wp-image-6984\" srcset=\"https:\/\/przylep.edu.pl\/przedszkole\/wp-content\/uploads\/2022\/02\/Solidarni-z-Ukraina-wiersz-576x1024.png 576w, https:\/\/przylep.edu.pl\/przedszkole\/wp-content\/uploads\/2022\/02\/Solidarni-z-Ukraina-wiersz-169x300.png 169w, https:\/\/przylep.edu.pl\/przedszkole\/wp-content\/uploads\/2022\/02\/Solidarni-z-Ukraina-wiersz-768x1365.png 768w, https:\/\/przylep.edu.pl\/przedszkole\/wp-content\/uploads\/2022\/02\/Solidarni-z-Ukraina-wiersz-864x1536.png 864w, https:\/\/przylep.edu.pl\/przedszkole\/wp-content\/uploads\/2022\/02\/Solidarni-z-Ukraina-wiersz.png 1080w\" sizes=\"auto, (max-width: 576px) 100vw, 576px\" \/><figcaption>Barbara Romankiewicz<\/figcaption><\/figure>\n\n\n\n<figure class=\"wp-block-image size-large\"><img loading=\"lazy\" decoding=\"async\" width=\"410\" height=\"1024\" src=\"https:\/\/przylep.edu.pl\/przedszkole\/wp-content\/uploads\/2022\/02\/Solidarni-z-Ukraina-zbiorka-410x1024.png\" alt=\"\" class=\"wp-image-6983\" srcset=\"https:\/\/przylep.edu.pl\/przedszkole\/wp-content\/uploads\/2022\/02\/Solidarni-z-Ukraina-zbiorka-410x1024.png 410w, https:\/\/przylep.edu.pl\/przedszkole\/wp-content\/uploads\/2022\/02\/Solidarni-z-Ukraina-zbiorka-120x300.png 120w, https:\/\/przylep.edu.pl\/przedszkole\/wp-content\/uploads\/2022\/02\/Solidarni-z-Ukraina-zbiorka-768x1920.png 768w, https:\/\/przylep.edu.pl\/przedszkole\/wp-content\/uploads\/2022\/02\/Solidarni-z-Ukraina-zbiorka.png 800w\" sizes=\"auto, (max-width: 410px) 100vw, 410px\" \/><\/figure>\n\n\n\n<p><strong>Razem mo\u017cemy wi\u0119cej. <\/strong><\/p>\n\n\n\n<p>W imieniu za\u0142ogi Zespo\u0142u Szkolno-Przedszkolnego<\/p>\n\n\n\n<p>Iwona Wierzbicka- dyrektor<\/p>\n\n\n\n<p><\/p>\n","protected":false},"excerpt":{"rendered":"<p>Szanowni Pa\u0144stwo, jeste\u015bmy \u015bwiadkami tragedii- WOJNY, kt\u00f3ra toczy si\u0119 na ziemiach naszych s\u0105siad\u00f3w- w Ukrainie. Wielu z nich szuka schronienia w naszym kraju, wi\u0119kszo\u015b\u0107 zosta\u0142a jednak tam, gdzie tocz\u0105 si\u0119 walki. Jedni i drudzy potrzebuj\u0105 naszego wsparcia. Zwracam si\u0119 do Pa\u0144stwa o pomoc w zbi\u00f3rce potrzebnych rzeczy, kt\u00f3re zosta\u0142y wymienione poni\u017cej wiersza napisanego przez Pani\u0105 [&hellip;]<\/p>\n","protected":false},"author":2,"featured_media":6987,"comment_status":"closed","ping_status":"open","sticky":false,"template":"","format":"standard","meta":{"footnotes":""},"categories":[45,40],"tags":[],"class_list":["post-6982","post","type-post","status-publish","format-standard","has-post-thumbnail","hentry","category-aktualnosci","category-strona-glowna"],"_links":{"self":[{"href":"https:\/\/przylep.edu.pl\/przedszkole\/wp-json\/wp\/v2\/posts\/6982","targetHints":{"allow":["GET"]}}],"collection":[{"href":"https:\/\/przylep.edu.pl\/przedszkole\/wp-json\/wp\/v2\/posts"}],"about":[{"href":"https:\/\/przylep.edu.pl\/przedszkole\/wp-json\/wp\/v2\/types\/post"}],"author":[{"embeddable":true,"href":"https:\/\/przylep.edu.pl\/przedszkole\/wp-json\/wp\/v2\/users\/2"}],"replies":[{"embeddable":true,"href":"https:\/\/przylep.edu.pl\/przedszkole\/wp-json\/wp\/v2\/comments?post=6982"}],"version-history":[{"count":1,"href":"https:\/\/przylep.edu.pl\/przedszkole\/wp-json\/wp\/v2\/posts\/6982\/revisions"}],"predecessor-version":[{"id":6988,"href":"https:\/\/przylep.edu.pl\/przedszkole\/wp-json\/wp\/v2\/posts\/6982\/revisions\/6988"}],"wp:featuredmedia":[{"embeddable":true,"href":"https:\/\/przylep.edu.pl\/przedszkole\/wp-json\/wp\/v2\/media\/6987"}],"wp:attachment":[{"href":"https:\/\/przylep.edu.pl\/przedszkole\/wp-json\/wp\/v2\/media?parent=6982"}],"wp:term":[{"taxonomy":"category","embeddable":true,"href":"https:\/\/przylep.edu.pl\/przedszkole\/wp-json\/wp\/v2\/categories?post=6982"},{"taxonomy":"post_tag","embeddable":true,"href":"https:\/\/przylep.edu.pl\/przedszkole\/wp-json\/wp\/v2\/tags?post=6982"}],"curies":[{"name":"wp","href":"https:\/\/api.w.org\/{rel}","templated":true}]}}