{"id":6979,"date":"2022-02-27T13:03:58","date_gmt":"2022-02-27T12:03:58","guid":{"rendered":"https:\/\/przylep.edu.pl\/przedszkole\/?p=6979"},"modified":"2022-02-27T16:50:25","modified_gmt":"2022-02-27T15:50:25","slug":"drzwi-otwarte-w-zespole-szkolno-przedszkolnym","status":"publish","type":"post","link":"https:\/\/przylep.edu.pl\/przedszkole\/2022\/02\/27\/drzwi-otwarte-w-zespole-szkolno-przedszkolnym\/","title":{"rendered":"Drzwi otwarte                                                   w Zespole Szkolno-Przedszkolnym"},"content":{"rendered":"\n<p>Dnia 16 marca (\u015broda) w godzinach 17.00-19.00, zapraszamy do naszej plac\u00f3wki. Ze wzgl\u0119du na panuj\u0105c\u0105 pandemi\u0119 w tym roku r\u00f3wnie\u017c b\u0119d\u0105 obowi\u0105zywa\u0142y zapisy na konkretn\u0105 godzin\u0119, podczas kt\u00f3rej nauczyciel b\u0119dzie oprowadza\u0142 Pa\u0144stwa po plac\u00f3wce i odpowiada\u0142 na pytania. Dla ka\u017cdego z odwiedzaj\u0105cych mamy do dyspozycji 15 minut. Ze wzgl\u0119du na sytuacj\u0119 sanitarn\u0105 drzwi otwarte s\u0105 adresowane tylko do os\u00f3b doros\u0142ych, czyli Rodzic\u00f3w a nie do dzieci. <\/p>\n\n\n\n<p>Zapisy na konkretne godziny prowadzi sekretariat.<\/p>\n\n\n\n<p>Zapraszamy<\/p>\n\n\n\n<p><\/p>\n","protected":false},"excerpt":{"rendered":"<p>Dnia 16 marca (\u015broda) w godzinach 17.00-19.00, zapraszamy do naszej plac\u00f3wki. Ze wzgl\u0119du na panuj\u0105c\u0105 pandemi\u0119 w tym roku r\u00f3wnie\u017c b\u0119d\u0105 obowi\u0105zywa\u0142y zapisy na konkretn\u0105 godzin\u0119, podczas kt\u00f3rej nauczyciel b\u0119dzie oprowadza\u0142 Pa\u0144stwa po plac\u00f3wce i odpowiada\u0142 na pytania. Dla ka\u017cdego z odwiedzaj\u0105cych mamy do dyspozycji 15 minut. Ze wzgl\u0119du na sytuacj\u0119 sanitarn\u0105 drzwi otwarte s\u0105 [&hellip;]<\/p>\n","protected":false},"author":2,"featured_media":6980,"comment_status":"closed","ping_status":"open","sticky":false,"template":"","format":"standard","meta":{"footnotes":""},"categories":[45,40],"tags":[],"class_list":["post-6979","post","type-post","status-publish","format-standard","has-post-thumbnail","hentry","category-aktualnosci","category-strona-glowna"],"_links":{"self":[{"href":"https:\/\/przylep.edu.pl\/przedszkole\/wp-json\/wp\/v2\/posts\/6979","targetHints":{"allow":["GET"]}}],"collection":[{"href":"https:\/\/przylep.edu.pl\/przedszkole\/wp-json\/wp\/v2\/posts"}],"about":[{"href":"https:\/\/przylep.edu.pl\/przedszkole\/wp-json\/wp\/v2\/types\/post"}],"author":[{"embeddable":true,"href":"https:\/\/przylep.edu.pl\/przedszkole\/wp-json\/wp\/v2\/users\/2"}],"replies":[{"embeddable":true,"href":"https:\/\/przylep.edu.pl\/przedszkole\/wp-json\/wp\/v2\/comments?post=6979"}],"version-history":[{"count":2,"href":"https:\/\/przylep.edu.pl\/przedszkole\/wp-json\/wp\/v2\/posts\/6979\/revisions"}],"predecessor-version":[{"id":6990,"href":"https:\/\/przylep.edu.pl\/przedszkole\/wp-json\/wp\/v2\/posts\/6979\/revisions\/6990"}],"wp:featuredmedia":[{"embeddable":true,"href":"https:\/\/przylep.edu.pl\/przedszkole\/wp-json\/wp\/v2\/media\/6980"}],"wp:attachment":[{"href":"https:\/\/przylep.edu.pl\/przedszkole\/wp-json\/wp\/v2\/media?parent=6979"}],"wp:term":[{"taxonomy":"category","embeddable":true,"href":"https:\/\/przylep.edu.pl\/przedszkole\/wp-json\/wp\/v2\/categories?post=6979"},{"taxonomy":"post_tag","embeddable":true,"href":"https:\/\/przylep.edu.pl\/przedszkole\/wp-json\/wp\/v2\/tags?post=6979"}],"curies":[{"name":"wp","href":"https:\/\/api.w.org\/{rel}","templated":true}]}}