{"id":6975,"date":"2022-02-27T12:52:17","date_gmt":"2022-02-27T11:52:17","guid":{"rendered":"https:\/\/przylep.edu.pl\/przedszkole\/?p=6975"},"modified":"2022-02-27T12:52:19","modified_gmt":"2022-02-27T11:52:19","slug":"rekrutacja-do-przedszkola-2022-2023","status":"publish","type":"post","link":"https:\/\/przylep.edu.pl\/przedszkole\/2022\/02\/27\/rekrutacja-do-przedszkola-2022-2023\/","title":{"rendered":"Rekrutacja do przedszkola 2022\/2023"},"content":{"rendered":"\n<p>Rekrutacja do naszego przedszkola w Zespole Szkolno-Przedszkolnym w Przylepie odbywa\u0107 si\u0119 b\u0119dzie poprzez stron\u0119:\u00a0<strong><a href=\"https:\/\/nabor.pcss.pl\/kolbaskowo\">https:\/\/nabor.pcss.pl\/kolbaskowo<\/a><\/strong><\/p>\n\n\n\n<p>Od 28 lutego do 4 marca czekamy na deklaracje o kontynuacji opieki w naszym przedszkolu od Rodzic\u00f3w, kt\u00f3rzy chc\u0105, by ich dzieci edukacj\u0105 przedszkoln\u0105 nadal realizowa\u0142y w Przylepie. Deklaracje nale\u017cy pobra\u0107 ze strony: <\/p>\n\n\n\n<p><a href=\"https:\/\/nabor.pcss.pl\/kolbaskowo\">https:\/\/nabor.pcss.pl\/kolbaskowo<\/a>, uzupe\u0142nione, podpisane, nale\u017cy zeskanowa\u0107 i za\u0142\u0105czy\u0107 na stronie naboru.<\/p>\n\n\n\n<p>10 marca 2022 r. na podstawie otrzymanych deklaracji zostanie podana na naszej stronie liczba wolnych miejsc w przedszkolu. <\/p>\n\n\n\n<p>Od 11 marca do 4 kwietnia 2022 roku b\u0119dzie mo\u017cna wype\u0142nia\u0107 i za\u0142\u0105cza\u0107 wnioski do przedszkola. Prosz\u0119 pami\u0119ta\u0107, \u017ce wnioski i potrzebne za\u0142\u0105czniki nale\u017cy podpisane i zeskanowane za\u0142\u0105czy\u0107 na stronie naboru. Wszystkie informacje, jak nale\u017cy najlepiej wype\u0142ni\u0107 wniosek, znajduj\u0105 si\u0119 na stronie: <a href=\"https:\/\/nabor.pcss.pl\/kolbaskowo\">https:\/\/nabor.pcss.pl\/kolbaskowo<\/a><\/p>\n\n\n\n<p> .<\/p>\n\n\n\n<figure class=\"wp-block-image size-large\"><img loading=\"lazy\" decoding=\"async\" width=\"650\" height=\"446\" src=\"https:\/\/przylep.edu.pl\/przedszkole\/wp-content\/uploads\/2022\/02\/rekrutacja-pp-2022-23.jpg\" alt=\"\" class=\"wp-image-6976\" srcset=\"https:\/\/przylep.edu.pl\/przedszkole\/wp-content\/uploads\/2022\/02\/rekrutacja-pp-2022-23.jpg 650w, https:\/\/przylep.edu.pl\/przedszkole\/wp-content\/uploads\/2022\/02\/rekrutacja-pp-2022-23-300x206.jpg 300w\" sizes=\"auto, (max-width: 650px) 100vw, 650px\" \/><\/figure>\n","protected":false},"excerpt":{"rendered":"<p>Rekrutacja do naszego przedszkola w Zespole Szkolno-Przedszkolnym w Przylepie odbywa\u0107 si\u0119 b\u0119dzie poprzez stron\u0119:\u00a0https:\/\/nabor.pcss.pl\/kolbaskowo Od 28 lutego do 4 marca czekamy na deklaracje o kontynuacji opieki w naszym przedszkolu od Rodzic\u00f3w, kt\u00f3rzy chc\u0105, by ich dzieci edukacj\u0105 przedszkoln\u0105 nadal realizowa\u0142y w Przylepie. Deklaracje nale\u017cy pobra\u0107 ze strony: https:\/\/nabor.pcss.pl\/kolbaskowo, uzupe\u0142nione, podpisane, nale\u017cy zeskanowa\u0107 i za\u0142\u0105czy\u0107 na [&hellip;]<\/p>\n","protected":false},"author":2,"featured_media":6977,"comment_status":"closed","ping_status":"open","sticky":false,"template":"","format":"standard","meta":{"footnotes":""},"categories":[45,40],"tags":[],"class_list":["post-6975","post","type-post","status-publish","format-standard","has-post-thumbnail","hentry","category-aktualnosci","category-strona-glowna"],"_links":{"self":[{"href":"https:\/\/przylep.edu.pl\/przedszkole\/wp-json\/wp\/v2\/posts\/6975","targetHints":{"allow":["GET"]}}],"collection":[{"href":"https:\/\/przylep.edu.pl\/przedszkole\/wp-json\/wp\/v2\/posts"}],"about":[{"href":"https:\/\/przylep.edu.pl\/przedszkole\/wp-json\/wp\/v2\/types\/post"}],"author":[{"embeddable":true,"href":"https:\/\/przylep.edu.pl\/przedszkole\/wp-json\/wp\/v2\/users\/2"}],"replies":[{"embeddable":true,"href":"https:\/\/przylep.edu.pl\/przedszkole\/wp-json\/wp\/v2\/comments?post=6975"}],"version-history":[{"count":1,"href":"https:\/\/przylep.edu.pl\/przedszkole\/wp-json\/wp\/v2\/posts\/6975\/revisions"}],"predecessor-version":[{"id":6978,"href":"https:\/\/przylep.edu.pl\/przedszkole\/wp-json\/wp\/v2\/posts\/6975\/revisions\/6978"}],"wp:featuredmedia":[{"embeddable":true,"href":"https:\/\/przylep.edu.pl\/przedszkole\/wp-json\/wp\/v2\/media\/6977"}],"wp:attachment":[{"href":"https:\/\/przylep.edu.pl\/przedszkole\/wp-json\/wp\/v2\/media?parent=6975"}],"wp:term":[{"taxonomy":"category","embeddable":true,"href":"https:\/\/przylep.edu.pl\/przedszkole\/wp-json\/wp\/v2\/categories?post=6975"},{"taxonomy":"post_tag","embeddable":true,"href":"https:\/\/przylep.edu.pl\/przedszkole\/wp-json\/wp\/v2\/tags?post=6975"}],"curies":[{"name":"wp","href":"https:\/\/api.w.org\/{rel}","templated":true}]}}