{"id":6918,"date":"2022-01-31T15:30:23","date_gmt":"2022-01-31T14:30:23","guid":{"rendered":"https:\/\/przylep.edu.pl\/przedszkole\/?p=6918"},"modified":"2022-01-31T15:30:24","modified_gmt":"2022-01-31T14:30:24","slug":"wielka-orkiestra-swiatecznej-pomocy","status":"publish","type":"post","link":"https:\/\/przylep.edu.pl\/przedszkole\/2022\/01\/31\/wielka-orkiestra-swiatecznej-pomocy\/","title":{"rendered":"Wielka Orkiestra \u015awi\u0105tecznej Pomocy"},"content":{"rendered":"\n<p>Rodzice, do naszej wirtualnej skarbonki wp\u0142aci\u0142y a\u017c 53 osoby!!! Dzi\u0119ki temu uda\u0142o nam si\u0119 zebra\u0107 2020 z\u0142oty!! <\/p>\n\n\n\n<p>Brawo, jeste\u015bcie niezast\u0105pieni!! Kolejny raz otworzyli\u015bcie swoje serca i portfele!!!<\/p>\n\n\n\n<p> Bardzo dzi\u0119kujemy za wszystkie wp\u0142aty. Pomimo trudnej sytuacji  epidemiologicznej uda\u0142o nam si\u0119 zape\u0142ni\u0107 nasz\u0105 puszk\u0119. <\/p>\n\n\n\n<figure class=\"wp-block-gallery columns-1 is-cropped wp-block-gallery-1 is-layout-flex wp-block-gallery-is-layout-flex\"><ul class=\"blocks-gallery-grid\"><li class=\"blocks-gallery-item\"><figure><img loading=\"lazy\" decoding=\"async\" width=\"528\" height=\"960\" src=\"https:\/\/przylep.edu.pl\/przedszkole\/wp-content\/uploads\/2022\/01\/272906242_4830969513618025_348350101755682195_n-1.jpg\" alt=\"\" data-id=\"6919\" data-full-url=\"https:\/\/przylep.edu.pl\/przedszkole\/wp-content\/uploads\/2022\/01\/272906242_4830969513618025_348350101755682195_n-1.jpg\" data-link=\"https:\/\/przylep.edu.pl\/przedszkole\/?attachment_id=6919\" class=\"wp-image-6919\" srcset=\"https:\/\/przylep.edu.pl\/przedszkole\/wp-content\/uploads\/2022\/01\/272906242_4830969513618025_348350101755682195_n-1.jpg 528w, https:\/\/przylep.edu.pl\/przedszkole\/wp-content\/uploads\/2022\/01\/272906242_4830969513618025_348350101755682195_n-1-165x300.jpg 165w\" sizes=\"auto, (max-width: 528px) 100vw, 528px\" \/><\/figure><\/li><\/ul><\/figure>\n\n\n\n<p>Dobro powraca:)<\/p>\n","protected":false},"excerpt":{"rendered":"<p>Rodzice, do naszej wirtualnej skarbonki wp\u0142aci\u0142y a\u017c 53 osoby!!! Dzi\u0119ki temu uda\u0142o nam si\u0119 zebra\u0107 2020 z\u0142oty!! Brawo, jeste\u015bcie niezast\u0105pieni!! Kolejny raz otworzyli\u015bcie swoje serca i portfele!!! Bardzo dzi\u0119kujemy za wszystkie wp\u0142aty. Pomimo trudnej sytuacji epidemiologicznej uda\u0142o nam si\u0119 zape\u0142ni\u0107 nasz\u0105 puszk\u0119. Dobro powraca:)<\/p>\n","protected":false},"author":2,"featured_media":6920,"comment_status":"closed","ping_status":"open","sticky":false,"template":"","format":"standard","meta":{"footnotes":""},"categories":[45,40],"tags":[],"class_list":["post-6918","post","type-post","status-publish","format-standard","has-post-thumbnail","hentry","category-aktualnosci","category-strona-glowna"],"_links":{"self":[{"href":"https:\/\/przylep.edu.pl\/przedszkole\/wp-json\/wp\/v2\/posts\/6918","targetHints":{"allow":["GET"]}}],"collection":[{"href":"https:\/\/przylep.edu.pl\/przedszkole\/wp-json\/wp\/v2\/posts"}],"about":[{"href":"https:\/\/przylep.edu.pl\/przedszkole\/wp-json\/wp\/v2\/types\/post"}],"author":[{"embeddable":true,"href":"https:\/\/przylep.edu.pl\/przedszkole\/wp-json\/wp\/v2\/users\/2"}],"replies":[{"embeddable":true,"href":"https:\/\/przylep.edu.pl\/przedszkole\/wp-json\/wp\/v2\/comments?post=6918"}],"version-history":[{"count":1,"href":"https:\/\/przylep.edu.pl\/przedszkole\/wp-json\/wp\/v2\/posts\/6918\/revisions"}],"predecessor-version":[{"id":6921,"href":"https:\/\/przylep.edu.pl\/przedszkole\/wp-json\/wp\/v2\/posts\/6918\/revisions\/6921"}],"wp:featuredmedia":[{"embeddable":true,"href":"https:\/\/przylep.edu.pl\/przedszkole\/wp-json\/wp\/v2\/media\/6920"}],"wp:attachment":[{"href":"https:\/\/przylep.edu.pl\/przedszkole\/wp-json\/wp\/v2\/media?parent=6918"}],"wp:term":[{"taxonomy":"category","embeddable":true,"href":"https:\/\/przylep.edu.pl\/przedszkole\/wp-json\/wp\/v2\/categories?post=6918"},{"taxonomy":"post_tag","embeddable":true,"href":"https:\/\/przylep.edu.pl\/przedszkole\/wp-json\/wp\/v2\/tags?post=6918"}],"curies":[{"name":"wp","href":"https:\/\/api.w.org\/{rel}","templated":true}]}}