{"id":6913,"date":"2022-01-26T14:47:30","date_gmt":"2022-01-26T13:47:30","guid":{"rendered":"https:\/\/przylep.edu.pl\/przedszkole\/?p=6913"},"modified":"2022-01-26T14:49:51","modified_gmt":"2022-01-26T13:49:51","slug":"zawieszenie-zajec-w-przedszkolu-w-dniach-27-01-28-01-2022-r","status":"publish","type":"post","link":"https:\/\/przylep.edu.pl\/przedszkole\/2022\/01\/26\/zawieszenie-zajec-w-przedszkolu-w-dniach-27-01-28-01-2022-r\/","title":{"rendered":"Zawieszenie zaj\u0119\u0107 w przedszkolu w dniach 27.01-28.01.2022 r."},"content":{"rendered":"\n<p>Przylep, 26.01.2022 r.<\/p>\n\n\n\n<p class=\"has-text-align-center\"><\/p>\n\n\n\n<p>Szanowni Pa\u0144stwo,<\/p>\n\n\n\n<p>bior\u0105c pod uwag\u0119 aktualn\u0105 sytuacj\u0119 epidemiologiczn\u0105, kt\u00f3ra mo\u017ce zagra\u017ca\u0107 zdrowiu uczni\u00f3w i pracownik\u00f3w Publicznego Przedszkola w Zespole Szkolno- Przedszkolnym w Przylepie oraz wyst\u0105pieniem przypadk\u00f3w zaka\u017cenia koronawirusem w\u015br\u00f3d uczni\u00f3w, pracownik\u00f3w pedagogicznych i niepedagogicznych\u00a0plac\u00f3wki, za zgod\u0105 organu prowadz\u0105cego, jakim jest \u00a0Gmina Ko\u0142baskowo, informuj\u0119 \u017ce <\/p>\n\n\n\n<p class=\"has-text-align-center\"><strong>przedszkole zostanie zamkni\u0119te w dniach 27-28.01.2022 r.<\/strong> (czwartek i pi\u0105tek)<\/p>\n\n\n\n<p class=\"has-text-align-center\">Od poniedzia\u0142ku 31 stycznia 2022 r. zdrowe dzieci zapraszamy w nasze progi.<\/p>\n\n\n\n<p>                                                                                                                          dyrektor<\/p>\n\n\n\n<p>                                                                                                                    Iwona Wierzbicka<\/p>\n","protected":false},"excerpt":{"rendered":"<p>Przylep, 26.01.2022 r. Szanowni Pa\u0144stwo, bior\u0105c pod uwag\u0119 aktualn\u0105 sytuacj\u0119 epidemiologiczn\u0105, kt\u00f3ra mo\u017ce zagra\u017ca\u0107 zdrowiu uczni\u00f3w i pracownik\u00f3w Publicznego Przedszkola w Zespole Szkolno- Przedszkolnym w Przylepie oraz wyst\u0105pieniem przypadk\u00f3w zaka\u017cenia koronawirusem w\u015br\u00f3d uczni\u00f3w, pracownik\u00f3w pedagogicznych i niepedagogicznych\u00a0plac\u00f3wki, za zgod\u0105 organu prowadz\u0105cego, jakim jest \u00a0Gmina Ko\u0142baskowo, informuj\u0119 \u017ce przedszkole zostanie zamkni\u0119te w dniach 27-28.01.2022 r. (czwartek [&hellip;]<\/p>\n","protected":false},"author":2,"featured_media":6914,"comment_status":"closed","ping_status":"open","sticky":false,"template":"","format":"standard","meta":{"footnotes":""},"categories":[45,40],"tags":[],"class_list":["post-6913","post","type-post","status-publish","format-standard","has-post-thumbnail","hentry","category-aktualnosci","category-strona-glowna"],"_links":{"self":[{"href":"https:\/\/przylep.edu.pl\/przedszkole\/wp-json\/wp\/v2\/posts\/6913","targetHints":{"allow":["GET"]}}],"collection":[{"href":"https:\/\/przylep.edu.pl\/przedszkole\/wp-json\/wp\/v2\/posts"}],"about":[{"href":"https:\/\/przylep.edu.pl\/przedszkole\/wp-json\/wp\/v2\/types\/post"}],"author":[{"embeddable":true,"href":"https:\/\/przylep.edu.pl\/przedszkole\/wp-json\/wp\/v2\/users\/2"}],"replies":[{"embeddable":true,"href":"https:\/\/przylep.edu.pl\/przedszkole\/wp-json\/wp\/v2\/comments?post=6913"}],"version-history":[{"count":2,"href":"https:\/\/przylep.edu.pl\/przedszkole\/wp-json\/wp\/v2\/posts\/6913\/revisions"}],"predecessor-version":[{"id":6917,"href":"https:\/\/przylep.edu.pl\/przedszkole\/wp-json\/wp\/v2\/posts\/6913\/revisions\/6917"}],"wp:featuredmedia":[{"embeddable":true,"href":"https:\/\/przylep.edu.pl\/przedszkole\/wp-json\/wp\/v2\/media\/6914"}],"wp:attachment":[{"href":"https:\/\/przylep.edu.pl\/przedszkole\/wp-json\/wp\/v2\/media?parent=6913"}],"wp:term":[{"taxonomy":"category","embeddable":true,"href":"https:\/\/przylep.edu.pl\/przedszkole\/wp-json\/wp\/v2\/categories?post=6913"},{"taxonomy":"post_tag","embeddable":true,"href":"https:\/\/przylep.edu.pl\/przedszkole\/wp-json\/wp\/v2\/tags?post=6913"}],"curies":[{"name":"wp","href":"https:\/\/api.w.org\/{rel}","templated":true}]}}