{"id":6892,"date":"2021-12-20T17:52:00","date_gmt":"2021-12-20T16:52:00","guid":{"rendered":"https:\/\/przylep.edu.pl\/przedszkole\/?p=6892"},"modified":"2022-01-09T18:05:55","modified_gmt":"2022-01-09T17:05:55","slug":"final-akcji-klubu-mlodego-wolontariusza","status":"publish","type":"post","link":"https:\/\/przylep.edu.pl\/przedszkole\/2021\/12\/20\/final-akcji-klubu-mlodego-wolontariusza\/","title":{"rendered":"Fina\u0142 Akcji  Klubu M\u0142odego Wolontariusza"},"content":{"rendered":"\n<p>Dzi\u0119kujemy wszystkim wolontariuszom, kt\u00f3rzy zaanga\u017cowali si\u0119 w  zbi\u00f3rk\u0119 zniczy \u2013 uda\u0142o si\u0119 zebra\u0107 bardzo du\u017co zniczy. Nasi wolontariusze w sobot\u0119 17 grudnia zanie\u015bli  znicze na cmentarz i zapalili na grobach nieznanych \u017co\u0142nierzy.<\/p>\n\n\n\n<p>Dobro powraca&#8230;<\/p>\n\n\n\n<figure class=\"wp-block-gallery columns-3 is-cropped wp-block-gallery-1 is-layout-flex wp-block-gallery-is-layout-flex\"><ul class=\"blocks-gallery-grid\"><li class=\"blocks-gallery-item\"><figure><img loading=\"lazy\" decoding=\"async\" width=\"720\" height=\"960\" src=\"https:\/\/przylep.edu.pl\/przedszkole\/wp-content\/uploads\/2022\/01\/269932442_345951413719832_2054341544036986990_n.jpg\" alt=\"\" data-id=\"6893\" data-full-url=\"https:\/\/przylep.edu.pl\/przedszkole\/wp-content\/uploads\/2022\/01\/269932442_345951413719832_2054341544036986990_n.jpg\" data-link=\"https:\/\/przylep.edu.pl\/przedszkole\/?attachment_id=6893\" class=\"wp-image-6893\" srcset=\"https:\/\/przylep.edu.pl\/przedszkole\/wp-content\/uploads\/2022\/01\/269932442_345951413719832_2054341544036986990_n.jpg 720w, https:\/\/przylep.edu.pl\/przedszkole\/wp-content\/uploads\/2022\/01\/269932442_345951413719832_2054341544036986990_n-225x300.jpg 225w\" sizes=\"auto, (max-width: 720px) 100vw, 720px\" \/><\/figure><\/li><li class=\"blocks-gallery-item\"><figure><img loading=\"lazy\" decoding=\"async\" width=\"720\" height=\"960\" src=\"https:\/\/przylep.edu.pl\/przedszkole\/wp-content\/uploads\/2022\/01\/270257919_1079849639461454_5737519291688845331_n.jpg\" alt=\"\" data-id=\"6894\" data-full-url=\"https:\/\/przylep.edu.pl\/przedszkole\/wp-content\/uploads\/2022\/01\/270257919_1079849639461454_5737519291688845331_n.jpg\" data-link=\"https:\/\/przylep.edu.pl\/przedszkole\/?attachment_id=6894\" class=\"wp-image-6894\" srcset=\"https:\/\/przylep.edu.pl\/przedszkole\/wp-content\/uploads\/2022\/01\/270257919_1079849639461454_5737519291688845331_n.jpg 720w, https:\/\/przylep.edu.pl\/przedszkole\/wp-content\/uploads\/2022\/01\/270257919_1079849639461454_5737519291688845331_n-225x300.jpg 225w\" sizes=\"auto, (max-width: 720px) 100vw, 720px\" \/><\/figure><\/li><li class=\"blocks-gallery-item\"><figure><img loading=\"lazy\" decoding=\"async\" width=\"960\" height=\"720\" src=\"https:\/\/przylep.edu.pl\/przedszkole\/wp-content\/uploads\/2022\/01\/270260264_1698785803653575_1037338012194803597_n.jpg\" alt=\"\" data-id=\"6895\" data-full-url=\"https:\/\/przylep.edu.pl\/przedszkole\/wp-content\/uploads\/2022\/01\/270260264_1698785803653575_1037338012194803597_n.jpg\" data-link=\"https:\/\/przylep.edu.pl\/przedszkole\/?attachment_id=6895\" class=\"wp-image-6895\" srcset=\"https:\/\/przylep.edu.pl\/przedszkole\/wp-content\/uploads\/2022\/01\/270260264_1698785803653575_1037338012194803597_n.jpg 960w, https:\/\/przylep.edu.pl\/przedszkole\/wp-content\/uploads\/2022\/01\/270260264_1698785803653575_1037338012194803597_n-300x225.jpg 300w, https:\/\/przylep.edu.pl\/przedszkole\/wp-content\/uploads\/2022\/01\/270260264_1698785803653575_1037338012194803597_n-768x576.jpg 768w, https:\/\/przylep.edu.pl\/przedszkole\/wp-content\/uploads\/2022\/01\/270260264_1698785803653575_1037338012194803597_n-600x450.jpg 600w\" sizes=\"auto, (max-width: 960px) 100vw, 960px\" \/><\/figure><\/li><li class=\"blocks-gallery-item\"><figure><img loading=\"lazy\" decoding=\"async\" width=\"960\" height=\"720\" src=\"https:\/\/przylep.edu.pl\/przedszkole\/wp-content\/uploads\/2022\/01\/270855871_460917095443978_8253819111579793980_n.jpg\" alt=\"\" data-id=\"6896\" data-full-url=\"https:\/\/przylep.edu.pl\/przedszkole\/wp-content\/uploads\/2022\/01\/270855871_460917095443978_8253819111579793980_n.jpg\" data-link=\"https:\/\/przylep.edu.pl\/przedszkole\/?attachment_id=6896\" class=\"wp-image-6896\" srcset=\"https:\/\/przylep.edu.pl\/przedszkole\/wp-content\/uploads\/2022\/01\/270855871_460917095443978_8253819111579793980_n.jpg 960w, https:\/\/przylep.edu.pl\/przedszkole\/wp-content\/uploads\/2022\/01\/270855871_460917095443978_8253819111579793980_n-300x225.jpg 300w, https:\/\/przylep.edu.pl\/przedszkole\/wp-content\/uploads\/2022\/01\/270855871_460917095443978_8253819111579793980_n-768x576.jpg 768w, https:\/\/przylep.edu.pl\/przedszkole\/wp-content\/uploads\/2022\/01\/270855871_460917095443978_8253819111579793980_n-600x450.jpg 600w\" sizes=\"auto, (max-width: 960px) 100vw, 960px\" \/><\/figure><\/li><\/ul><\/figure>\n","protected":false},"excerpt":{"rendered":"<p>Dzi\u0119kujemy wszystkim wolontariuszom, kt\u00f3rzy zaanga\u017cowali si\u0119 w zbi\u00f3rk\u0119 zniczy \u2013 uda\u0142o si\u0119 zebra\u0107 bardzo du\u017co zniczy. Nasi wolontariusze w sobot\u0119 17 grudnia zanie\u015bli znicze na cmentarz i zapalili na grobach nieznanych \u017co\u0142nierzy. Dobro powraca&#8230;<\/p>\n","protected":false},"author":2,"featured_media":6897,"comment_status":"closed","ping_status":"open","sticky":false,"template":"","format":"standard","meta":{"footnotes":""},"categories":[45,40],"tags":[],"class_list":["post-6892","post","type-post","status-publish","format-standard","has-post-thumbnail","hentry","category-aktualnosci","category-strona-glowna"],"_links":{"self":[{"href":"https:\/\/przylep.edu.pl\/przedszkole\/wp-json\/wp\/v2\/posts\/6892","targetHints":{"allow":["GET"]}}],"collection":[{"href":"https:\/\/przylep.edu.pl\/przedszkole\/wp-json\/wp\/v2\/posts"}],"about":[{"href":"https:\/\/przylep.edu.pl\/przedszkole\/wp-json\/wp\/v2\/types\/post"}],"author":[{"embeddable":true,"href":"https:\/\/przylep.edu.pl\/przedszkole\/wp-json\/wp\/v2\/users\/2"}],"replies":[{"embeddable":true,"href":"https:\/\/przylep.edu.pl\/przedszkole\/wp-json\/wp\/v2\/comments?post=6892"}],"version-history":[{"count":1,"href":"https:\/\/przylep.edu.pl\/przedszkole\/wp-json\/wp\/v2\/posts\/6892\/revisions"}],"predecessor-version":[{"id":6898,"href":"https:\/\/przylep.edu.pl\/przedszkole\/wp-json\/wp\/v2\/posts\/6892\/revisions\/6898"}],"wp:featuredmedia":[{"embeddable":true,"href":"https:\/\/przylep.edu.pl\/przedszkole\/wp-json\/wp\/v2\/media\/6897"}],"wp:attachment":[{"href":"https:\/\/przylep.edu.pl\/przedszkole\/wp-json\/wp\/v2\/media?parent=6892"}],"wp:term":[{"taxonomy":"category","embeddable":true,"href":"https:\/\/przylep.edu.pl\/przedszkole\/wp-json\/wp\/v2\/categories?post=6892"},{"taxonomy":"post_tag","embeddable":true,"href":"https:\/\/przylep.edu.pl\/przedszkole\/wp-json\/wp\/v2\/tags?post=6892"}],"curies":[{"name":"wp","href":"https:\/\/api.w.org\/{rel}","templated":true}]}}