{"id":6883,"date":"2021-12-21T17:29:00","date_gmt":"2021-12-21T16:29:00","guid":{"rendered":"https:\/\/przylep.edu.pl\/przedszkole\/?p=6883"},"modified":"2022-01-09T17:51:24","modified_gmt":"2022-01-09T16:51:24","slug":"rozstrzygniecie-konkursu-na-kartke-swiateczna","status":"publish","type":"post","link":"https:\/\/przylep.edu.pl\/przedszkole\/2021\/12\/21\/rozstrzygniecie-konkursu-na-kartke-swiateczna\/","title":{"rendered":"Rozstrzygni\u0119cie konkursu na Kartk\u0119 \u015bwi\u0105teczn\u0105"},"content":{"rendered":"\n<p>20 grudnia 2021 odby\u0142o si\u0119\u00a0 rozstrzygni\u0119cie konkursu  \u201eNa naj\u0142adniejsz\u0105 Kartk\u0119 Bo\u017conarodzeniow\u0105 2021\u201d.<\/p>\n\n\n\n<p>Konkurs cieszy\u0142 si\u0119 du\u017cym zainteresowaniem, wp\u0142yn\u0119\u0142o wiele pi\u0119knych prac.<\/p>\n\n\n\n\n\n<figure class=\"wp-block-gallery columns-3 is-cropped wp-block-gallery-1 is-layout-flex wp-block-gallery-is-layout-flex\"><ul class=\"blocks-gallery-grid\"><li class=\"blocks-gallery-item\"><figure><img loading=\"lazy\" decoding=\"async\" width=\"462\" height=\"960\" src=\"https:\/\/przylep.edu.pl\/przedszkole\/wp-content\/uploads\/2022\/01\/269273170_283466470485969_2686572703162800278_n.jpg\" alt=\"\" data-id=\"6884\" data-full-url=\"https:\/\/przylep.edu.pl\/przedszkole\/wp-content\/uploads\/2022\/01\/269273170_283466470485969_2686572703162800278_n.jpg\" data-link=\"https:\/\/przylep.edu.pl\/przedszkole\/?attachment_id=6884\" class=\"wp-image-6884\" srcset=\"https:\/\/przylep.edu.pl\/przedszkole\/wp-content\/uploads\/2022\/01\/269273170_283466470485969_2686572703162800278_n.jpg 462w, https:\/\/przylep.edu.pl\/przedszkole\/wp-content\/uploads\/2022\/01\/269273170_283466470485969_2686572703162800278_n-144x300.jpg 144w\" sizes=\"auto, (max-width: 462px) 100vw, 462px\" \/><\/figure><\/li><li class=\"blocks-gallery-item\"><figure><img loading=\"lazy\" decoding=\"async\" width=\"462\" height=\"960\" src=\"https:\/\/przylep.edu.pl\/przedszkole\/wp-content\/uploads\/2022\/01\/269372938_439938124424616_7531753890736078242_n.jpg\" alt=\"\" data-id=\"6885\" data-full-url=\"https:\/\/przylep.edu.pl\/przedszkole\/wp-content\/uploads\/2022\/01\/269372938_439938124424616_7531753890736078242_n.jpg\" data-link=\"https:\/\/przylep.edu.pl\/przedszkole\/?attachment_id=6885\" class=\"wp-image-6885\" srcset=\"https:\/\/przylep.edu.pl\/przedszkole\/wp-content\/uploads\/2022\/01\/269372938_439938124424616_7531753890736078242_n.jpg 462w, https:\/\/przylep.edu.pl\/przedszkole\/wp-content\/uploads\/2022\/01\/269372938_439938124424616_7531753890736078242_n-144x300.jpg 144w\" sizes=\"auto, (max-width: 462px) 100vw, 462px\" \/><\/figure><\/li><li class=\"blocks-gallery-item\"><figure><img loading=\"lazy\" decoding=\"async\" width=\"462\" height=\"960\" src=\"https:\/\/przylep.edu.pl\/przedszkole\/wp-content\/uploads\/2022\/01\/269611511_594514104995108_3491939633450083627_n.jpg\" alt=\"\" data-id=\"6886\" data-full-url=\"https:\/\/przylep.edu.pl\/przedszkole\/wp-content\/uploads\/2022\/01\/269611511_594514104995108_3491939633450083627_n.jpg\" data-link=\"https:\/\/przylep.edu.pl\/przedszkole\/?attachment_id=6886\" class=\"wp-image-6886\" srcset=\"https:\/\/przylep.edu.pl\/przedszkole\/wp-content\/uploads\/2022\/01\/269611511_594514104995108_3491939633450083627_n.jpg 462w, https:\/\/przylep.edu.pl\/przedszkole\/wp-content\/uploads\/2022\/01\/269611511_594514104995108_3491939633450083627_n-144x300.jpg 144w\" sizes=\"auto, (max-width: 462px) 100vw, 462px\" \/><\/figure><\/li><li class=\"blocks-gallery-item\"><figure><img loading=\"lazy\" decoding=\"async\" width=\"462\" height=\"960\" src=\"https:\/\/przylep.edu.pl\/przedszkole\/wp-content\/uploads\/2022\/01\/269690087_770414800583407_3684299551681077206_n.jpg\" alt=\"\" data-id=\"6887\" data-full-url=\"https:\/\/przylep.edu.pl\/przedszkole\/wp-content\/uploads\/2022\/01\/269690087_770414800583407_3684299551681077206_n.jpg\" data-link=\"https:\/\/przylep.edu.pl\/przedszkole\/?attachment_id=6887\" class=\"wp-image-6887\" srcset=\"https:\/\/przylep.edu.pl\/przedszkole\/wp-content\/uploads\/2022\/01\/269690087_770414800583407_3684299551681077206_n.jpg 462w, https:\/\/przylep.edu.pl\/przedszkole\/wp-content\/uploads\/2022\/01\/269690087_770414800583407_3684299551681077206_n-144x300.jpg 144w\" sizes=\"auto, (max-width: 462px) 100vw, 462px\" \/><\/figure><\/li><li class=\"blocks-gallery-item\"><figure><img decoding=\"async\" src=\"https:\/\/przylep.edu.pl\/przedszkole\/wp-content\/uploads\/2022\/01\/270014762_970290700255037_681347217345103834_n.jpg\" alt=\"\" data-id=\"6888\" data-full-url=\"https:\/\/przylep.edu.pl\/przedszkole\/wp-content\/uploads\/2022\/01\/270014762_970290700255037_681347217345103834_n.jpg\" data-link=\"https:\/\/przylep.edu.pl\/przedszkole\/?attachment_id=6888\" class=\"wp-image-6888\" \/><\/figure><\/li><li class=\"blocks-gallery-item\"><figure><img loading=\"lazy\" decoding=\"async\" width=\"720\" height=\"960\" src=\"https:\/\/przylep.edu.pl\/przedszkole\/wp-content\/uploads\/2022\/01\/270187245_260901459479484_8732706041689115115_n.jpg\" alt=\"\" data-id=\"6889\" data-full-url=\"https:\/\/przylep.edu.pl\/przedszkole\/wp-content\/uploads\/2022\/01\/270187245_260901459479484_8732706041689115115_n.jpg\" data-link=\"https:\/\/przylep.edu.pl\/przedszkole\/?attachment_id=6889\" class=\"wp-image-6889\" srcset=\"https:\/\/przylep.edu.pl\/przedszkole\/wp-content\/uploads\/2022\/01\/270187245_260901459479484_8732706041689115115_n.jpg 720w, https:\/\/przylep.edu.pl\/przedszkole\/wp-content\/uploads\/2022\/01\/270187245_260901459479484_8732706041689115115_n-225x300.jpg 225w\" sizes=\"auto, (max-width: 720px) 100vw, 720px\" \/><\/figure><\/li><\/ul><\/figure>\n\n\n\n<p>Celem konkursu by\u0142o propagowanie lokalnych tradycji i symboli zwi\u0105zanych ze \u015awi\u0119tami Bo\u017cego Narodzenia, rozwijanie&nbsp; wra\u017cliwo\u015bci plastycznych w\u015br\u00f3d uczni\u00f3w oraz kszta\u0142towanie postaw szacunku do tradycji.<\/p>\n\n\n\n<p>Komisja mia\u0142a nie lada problem z wyborem najciekawszych kartek.<\/p>\n\n\n\n<p>Wszystkie by\u0142y starannie i ciekawie zaprojektowane.<\/p>\n\n\n\n<p>Ostatecznie wy\u0142oniono laureat\u00f3w oraz przyznano wyr\u00f3\u017cnienia.<\/p>\n","protected":false},"excerpt":{"rendered":"<p>20 grudnia 2021 odby\u0142o si\u0119\u00a0 rozstrzygni\u0119cie konkursu \u201eNa naj\u0142adniejsz\u0105 Kartk\u0119 Bo\u017conarodzeniow\u0105 2021\u201d. Konkurs cieszy\u0142 si\u0119 du\u017cym zainteresowaniem, wp\u0142yn\u0119\u0142o wiele pi\u0119knych prac. Celem konkursu by\u0142o propagowanie lokalnych tradycji i symboli zwi\u0105zanych ze \u015awi\u0119tami Bo\u017cego Narodzenia, rozwijanie&nbsp; wra\u017cliwo\u015bci plastycznych w\u015br\u00f3d uczni\u00f3w oraz kszta\u0142towanie postaw szacunku do tradycji. Komisja mia\u0142a nie lada problem z wyborem najciekawszych kartek. Wszystkie [&hellip;]<\/p>\n","protected":false},"author":2,"featured_media":6890,"comment_status":"closed","ping_status":"open","sticky":false,"template":"","format":"standard","meta":{"footnotes":""},"categories":[45,40],"tags":[],"class_list":["post-6883","post","type-post","status-publish","format-standard","has-post-thumbnail","hentry","category-aktualnosci","category-strona-glowna"],"_links":{"self":[{"href":"https:\/\/przylep.edu.pl\/przedszkole\/wp-json\/wp\/v2\/posts\/6883","targetHints":{"allow":["GET"]}}],"collection":[{"href":"https:\/\/przylep.edu.pl\/przedszkole\/wp-json\/wp\/v2\/posts"}],"about":[{"href":"https:\/\/przylep.edu.pl\/przedszkole\/wp-json\/wp\/v2\/types\/post"}],"author":[{"embeddable":true,"href":"https:\/\/przylep.edu.pl\/przedszkole\/wp-json\/wp\/v2\/users\/2"}],"replies":[{"embeddable":true,"href":"https:\/\/przylep.edu.pl\/przedszkole\/wp-json\/wp\/v2\/comments?post=6883"}],"version-history":[{"count":1,"href":"https:\/\/przylep.edu.pl\/przedszkole\/wp-json\/wp\/v2\/posts\/6883\/revisions"}],"predecessor-version":[{"id":6891,"href":"https:\/\/przylep.edu.pl\/przedszkole\/wp-json\/wp\/v2\/posts\/6883\/revisions\/6891"}],"wp:featuredmedia":[{"embeddable":true,"href":"https:\/\/przylep.edu.pl\/przedszkole\/wp-json\/wp\/v2\/media\/6890"}],"wp:attachment":[{"href":"https:\/\/przylep.edu.pl\/przedszkole\/wp-json\/wp\/v2\/media?parent=6883"}],"wp:term":[{"taxonomy":"category","embeddable":true,"href":"https:\/\/przylep.edu.pl\/przedszkole\/wp-json\/wp\/v2\/categories?post=6883"},{"taxonomy":"post_tag","embeddable":true,"href":"https:\/\/przylep.edu.pl\/przedszkole\/wp-json\/wp\/v2\/tags?post=6883"}],"curies":[{"name":"wp","href":"https:\/\/api.w.org\/{rel}","templated":true}]}}