{"id":6860,"date":"2021-12-21T22:04:13","date_gmt":"2021-12-21T21:04:13","guid":{"rendered":"https:\/\/przylep.edu.pl\/przedszkole\/?p=6860"},"modified":"2021-12-22T12:36:28","modified_gmt":"2021-12-22T11:36:28","slug":"hej-koleda-koleda","status":"publish","type":"post","link":"https:\/\/przylep.edu.pl\/przedszkole\/2021\/12\/21\/hej-koleda-koleda\/","title":{"rendered":"Hej kol\u0119da, kol\u0119da&#8230;"},"content":{"rendered":"\n<p>\u015awi\u0119ta Bo\u017cego Narodzenia s\u0105 najpi\u0119kniejszymi \u015bwi\u0119tami, na kt\u00f3re zawsze niecierpliwie czekamy. S\u0105 to \u015bwi\u0119ta najdro\u017csze i najbli\u017csze naszym sercom, gdy\u017c towarzyszy im niepowtarzalna i wyj\u0105tkowa atmosfera. Jest to r\u00f3wnie\u017c okazja do wsp\u00f3lnego kol\u0119dowania.<\/p>\n\n\n\n<p>Taki radosny i \u015bwi\u0105teczny nastr\u00f3j zapanowa\u0142 w naszej plac\u00f3wce 17  grudnia, podczas wsp\u00f3lnego kol\u0119dowania.<br>Dzieci mog\u0142y wys\u0142ucha\u0107 pi\u0119knych kol\u0119d w wykonaniu Student\u00f3w Akademii Sztuki w Szczecinie i Kadry Naszej plac\u00f3wki, oraz towarzyszy\u0107 we wsp\u00f3lnym kol\u0119dowaniu.  <br>Spotkanie to da\u0142o wszystkim uczestnikom wiele rado\u015bci. By\u0142o wzmocnieniem wi\u0119zi mi\u0119dzy dzie\u0107mi i nauczycielami. <\/p>\n\n\n\n<figure class=\"wp-block-gallery columns-3 is-cropped wp-block-gallery-1 is-layout-flex wp-block-gallery-is-layout-flex\"><ul class=\"blocks-gallery-grid\"><li class=\"blocks-gallery-item\"><figure><img loading=\"lazy\" decoding=\"async\" width=\"750\" height=\"563\" src=\"https:\/\/przylep.edu.pl\/przedszkole\/wp-content\/uploads\/2021\/12\/262837362_1264439537373562_75668204019937054_n.jpg\" alt=\"\" data-id=\"6861\" data-full-url=\"https:\/\/przylep.edu.pl\/przedszkole\/wp-content\/uploads\/2021\/12\/262837362_1264439537373562_75668204019937054_n.jpg\" data-link=\"https:\/\/przylep.edu.pl\/przedszkole\/?attachment_id=6861\" class=\"wp-image-6861\" srcset=\"https:\/\/przylep.edu.pl\/przedszkole\/wp-content\/uploads\/2021\/12\/262837362_1264439537373562_75668204019937054_n.jpg 750w, https:\/\/przylep.edu.pl\/przedszkole\/wp-content\/uploads\/2021\/12\/262837362_1264439537373562_75668204019937054_n-300x225.jpg 300w, https:\/\/przylep.edu.pl\/przedszkole\/wp-content\/uploads\/2021\/12\/262837362_1264439537373562_75668204019937054_n-600x450.jpg 600w\" sizes=\"auto, (max-width: 750px) 100vw, 750px\" \/><\/figure><\/li><li class=\"blocks-gallery-item\"><figure><img loading=\"lazy\" decoding=\"async\" width=\"560\" height=\"750\" src=\"https:\/\/przylep.edu.pl\/przedszkole\/wp-content\/uploads\/2021\/12\/263323280_1109273349829676_2778205583150709644_n.jpg\" alt=\"\" data-id=\"6862\" data-full-url=\"https:\/\/przylep.edu.pl\/przedszkole\/wp-content\/uploads\/2021\/12\/263323280_1109273349829676_2778205583150709644_n.jpg\" data-link=\"https:\/\/przylep.edu.pl\/przedszkole\/?attachment_id=6862\" class=\"wp-image-6862\" srcset=\"https:\/\/przylep.edu.pl\/przedszkole\/wp-content\/uploads\/2021\/12\/263323280_1109273349829676_2778205583150709644_n.jpg 560w, https:\/\/przylep.edu.pl\/przedszkole\/wp-content\/uploads\/2021\/12\/263323280_1109273349829676_2778205583150709644_n-224x300.jpg 224w\" sizes=\"auto, (max-width: 560px) 100vw, 560px\" \/><\/figure><\/li><li class=\"blocks-gallery-item\"><figure><img loading=\"lazy\" decoding=\"async\" width=\"560\" height=\"750\" src=\"https:\/\/przylep.edu.pl\/przedszkole\/wp-content\/uploads\/2021\/12\/263522521_950724862216329_5537410033741350268_n.jpg\" alt=\"\" data-id=\"6863\" data-full-url=\"https:\/\/przylep.edu.pl\/przedszkole\/wp-content\/uploads\/2021\/12\/263522521_950724862216329_5537410033741350268_n.jpg\" data-link=\"https:\/\/przylep.edu.pl\/przedszkole\/?attachment_id=6863\" class=\"wp-image-6863\" srcset=\"https:\/\/przylep.edu.pl\/przedszkole\/wp-content\/uploads\/2021\/12\/263522521_950724862216329_5537410033741350268_n.jpg 560w, https:\/\/przylep.edu.pl\/przedszkole\/wp-content\/uploads\/2021\/12\/263522521_950724862216329_5537410033741350268_n-224x300.jpg 224w\" sizes=\"auto, (max-width: 560px) 100vw, 560px\" \/><\/figure><\/li><li class=\"blocks-gallery-item\"><figure><img loading=\"lazy\" decoding=\"async\" width=\"416\" height=\"750\" src=\"https:\/\/przylep.edu.pl\/przedszkole\/wp-content\/uploads\/2021\/12\/264059572_639173000767460_2302118816691863900_n.jpg\" alt=\"\" data-id=\"6864\" data-full-url=\"https:\/\/przylep.edu.pl\/przedszkole\/wp-content\/uploads\/2021\/12\/264059572_639173000767460_2302118816691863900_n.jpg\" data-link=\"https:\/\/przylep.edu.pl\/przedszkole\/?attachment_id=6864\" class=\"wp-image-6864\" srcset=\"https:\/\/przylep.edu.pl\/przedszkole\/wp-content\/uploads\/2021\/12\/264059572_639173000767460_2302118816691863900_n.jpg 416w, https:\/\/przylep.edu.pl\/przedszkole\/wp-content\/uploads\/2021\/12\/264059572_639173000767460_2302118816691863900_n-166x300.jpg 166w\" sizes=\"auto, (max-width: 416px) 100vw, 416px\" \/><\/figure><\/li><li class=\"blocks-gallery-item\"><figure><img loading=\"lazy\" decoding=\"async\" width=\"560\" height=\"750\" src=\"https:\/\/przylep.edu.pl\/przedszkole\/wp-content\/uploads\/2021\/12\/265309267_430601015392091_5971398695978295162_n.jpg\" alt=\"\" data-id=\"6865\" data-full-url=\"https:\/\/przylep.edu.pl\/przedszkole\/wp-content\/uploads\/2021\/12\/265309267_430601015392091_5971398695978295162_n.jpg\" data-link=\"https:\/\/przylep.edu.pl\/przedszkole\/?attachment_id=6865\" class=\"wp-image-6865\" srcset=\"https:\/\/przylep.edu.pl\/przedszkole\/wp-content\/uploads\/2021\/12\/265309267_430601015392091_5971398695978295162_n.jpg 560w, https:\/\/przylep.edu.pl\/przedszkole\/wp-content\/uploads\/2021\/12\/265309267_430601015392091_5971398695978295162_n-224x300.jpg 224w\" sizes=\"auto, (max-width: 560px) 100vw, 560px\" \/><\/figure><\/li><li class=\"blocks-gallery-item\"><figure><img loading=\"lazy\" decoding=\"async\" width=\"416\" height=\"750\" src=\"https:\/\/przylep.edu.pl\/przedszkole\/wp-content\/uploads\/2021\/12\/265757099_444624187288865_1611560182899785867_n.jpg\" alt=\"\" data-id=\"6866\" data-full-url=\"https:\/\/przylep.edu.pl\/przedszkole\/wp-content\/uploads\/2021\/12\/265757099_444624187288865_1611560182899785867_n.jpg\" data-link=\"https:\/\/przylep.edu.pl\/przedszkole\/?attachment_id=6866\" class=\"wp-image-6866\" srcset=\"https:\/\/przylep.edu.pl\/przedszkole\/wp-content\/uploads\/2021\/12\/265757099_444624187288865_1611560182899785867_n.jpg 416w, https:\/\/przylep.edu.pl\/przedszkole\/wp-content\/uploads\/2021\/12\/265757099_444624187288865_1611560182899785867_n-166x300.jpg 166w\" sizes=\"auto, (max-width: 416px) 100vw, 416px\" \/><\/figure><\/li><li class=\"blocks-gallery-item\"><figure><img loading=\"lazy\" decoding=\"async\" width=\"416\" height=\"750\" src=\"https:\/\/przylep.edu.pl\/przedszkole\/wp-content\/uploads\/2021\/12\/266371382_1385117381909287_2512843511972748361_n.jpg\" alt=\"\" data-id=\"6867\" data-full-url=\"https:\/\/przylep.edu.pl\/przedszkole\/wp-content\/uploads\/2021\/12\/266371382_1385117381909287_2512843511972748361_n.jpg\" data-link=\"https:\/\/przylep.edu.pl\/przedszkole\/?attachment_id=6867\" class=\"wp-image-6867\" srcset=\"https:\/\/przylep.edu.pl\/przedszkole\/wp-content\/uploads\/2021\/12\/266371382_1385117381909287_2512843511972748361_n.jpg 416w, https:\/\/przylep.edu.pl\/przedszkole\/wp-content\/uploads\/2021\/12\/266371382_1385117381909287_2512843511972748361_n-166x300.jpg 166w\" sizes=\"auto, (max-width: 416px) 100vw, 416px\" \/><\/figure><\/li><li class=\"blocks-gallery-item\"><figure><img loading=\"lazy\" decoding=\"async\" width=\"560\" height=\"750\" src=\"https:\/\/przylep.edu.pl\/przedszkole\/wp-content\/uploads\/2021\/12\/266410876_466308284852474_4862867135829270367_n.jpg\" alt=\"\" data-id=\"6868\" data-full-url=\"https:\/\/przylep.edu.pl\/przedszkole\/wp-content\/uploads\/2021\/12\/266410876_466308284852474_4862867135829270367_n.jpg\" data-link=\"https:\/\/przylep.edu.pl\/przedszkole\/?attachment_id=6868\" class=\"wp-image-6868\" srcset=\"https:\/\/przylep.edu.pl\/przedszkole\/wp-content\/uploads\/2021\/12\/266410876_466308284852474_4862867135829270367_n.jpg 560w, https:\/\/przylep.edu.pl\/przedszkole\/wp-content\/uploads\/2021\/12\/266410876_466308284852474_4862867135829270367_n-224x300.jpg 224w\" sizes=\"auto, (max-width: 560px) 100vw, 560px\" \/><\/figure><\/li><li class=\"blocks-gallery-item\"><figure><img loading=\"lazy\" decoding=\"async\" width=\"750\" height=\"563\" src=\"https:\/\/przylep.edu.pl\/przedszkole\/wp-content\/uploads\/2021\/12\/268234897_633643644442608_4379253116687181327_n.jpg\" alt=\"\" data-id=\"6869\" data-full-url=\"https:\/\/przylep.edu.pl\/przedszkole\/wp-content\/uploads\/2021\/12\/268234897_633643644442608_4379253116687181327_n.jpg\" data-link=\"https:\/\/przylep.edu.pl\/przedszkole\/?attachment_id=6869\" class=\"wp-image-6869\" srcset=\"https:\/\/przylep.edu.pl\/przedszkole\/wp-content\/uploads\/2021\/12\/268234897_633643644442608_4379253116687181327_n.jpg 750w, https:\/\/przylep.edu.pl\/przedszkole\/wp-content\/uploads\/2021\/12\/268234897_633643644442608_4379253116687181327_n-300x225.jpg 300w, https:\/\/przylep.edu.pl\/przedszkole\/wp-content\/uploads\/2021\/12\/268234897_633643644442608_4379253116687181327_n-600x450.jpg 600w\" sizes=\"auto, (max-width: 750px) 100vw, 750px\" \/><\/figure><\/li><li class=\"blocks-gallery-item\"><figure><img loading=\"lazy\" decoding=\"async\" width=\"416\" height=\"750\" src=\"https:\/\/przylep.edu.pl\/przedszkole\/wp-content\/uploads\/2021\/12\/269642757_2217406111735155_4773531026876515920_n.jpg\" alt=\"\" data-id=\"6870\" data-full-url=\"https:\/\/przylep.edu.pl\/przedszkole\/wp-content\/uploads\/2021\/12\/269642757_2217406111735155_4773531026876515920_n.jpg\" data-link=\"https:\/\/przylep.edu.pl\/przedszkole\/?attachment_id=6870\" class=\"wp-image-6870\" srcset=\"https:\/\/przylep.edu.pl\/przedszkole\/wp-content\/uploads\/2021\/12\/269642757_2217406111735155_4773531026876515920_n.jpg 416w, https:\/\/przylep.edu.pl\/przedszkole\/wp-content\/uploads\/2021\/12\/269642757_2217406111735155_4773531026876515920_n-166x300.jpg 166w\" sizes=\"auto, (max-width: 416px) 100vw, 416px\" \/><\/figure><\/li><\/ul><\/figure>\n","protected":false},"excerpt":{"rendered":"<p>\u015awi\u0119ta Bo\u017cego Narodzenia s\u0105 najpi\u0119kniejszymi \u015bwi\u0119tami, na kt\u00f3re zawsze niecierpliwie czekamy. S\u0105 to \u015bwi\u0119ta najdro\u017csze i najbli\u017csze naszym sercom, gdy\u017c towarzyszy im niepowtarzalna i wyj\u0105tkowa atmosfera. Jest to r\u00f3wnie\u017c okazja do wsp\u00f3lnego kol\u0119dowania. Taki radosny i \u015bwi\u0105teczny nastr\u00f3j zapanowa\u0142 w naszej plac\u00f3wce 17 grudnia, podczas wsp\u00f3lnego kol\u0119dowania.Dzieci mog\u0142y wys\u0142ucha\u0107 pi\u0119knych kol\u0119d w wykonaniu Student\u00f3w Akademii [&hellip;]<\/p>\n","protected":false},"author":2,"featured_media":6871,"comment_status":"closed","ping_status":"open","sticky":false,"template":"","format":"standard","meta":{"footnotes":""},"categories":[45,40],"tags":[],"class_list":["post-6860","post","type-post","status-publish","format-standard","has-post-thumbnail","hentry","category-aktualnosci","category-strona-glowna"],"_links":{"self":[{"href":"https:\/\/przylep.edu.pl\/przedszkole\/wp-json\/wp\/v2\/posts\/6860","targetHints":{"allow":["GET"]}}],"collection":[{"href":"https:\/\/przylep.edu.pl\/przedszkole\/wp-json\/wp\/v2\/posts"}],"about":[{"href":"https:\/\/przylep.edu.pl\/przedszkole\/wp-json\/wp\/v2\/types\/post"}],"author":[{"embeddable":true,"href":"https:\/\/przylep.edu.pl\/przedszkole\/wp-json\/wp\/v2\/users\/2"}],"replies":[{"embeddable":true,"href":"https:\/\/przylep.edu.pl\/przedszkole\/wp-json\/wp\/v2\/comments?post=6860"}],"version-history":[{"count":3,"href":"https:\/\/przylep.edu.pl\/przedszkole\/wp-json\/wp\/v2\/posts\/6860\/revisions"}],"predecessor-version":[{"id":6876,"href":"https:\/\/przylep.edu.pl\/przedszkole\/wp-json\/wp\/v2\/posts\/6860\/revisions\/6876"}],"wp:featuredmedia":[{"embeddable":true,"href":"https:\/\/przylep.edu.pl\/przedszkole\/wp-json\/wp\/v2\/media\/6871"}],"wp:attachment":[{"href":"https:\/\/przylep.edu.pl\/przedszkole\/wp-json\/wp\/v2\/media?parent=6860"}],"wp:term":[{"taxonomy":"category","embeddable":true,"href":"https:\/\/przylep.edu.pl\/przedszkole\/wp-json\/wp\/v2\/categories?post=6860"},{"taxonomy":"post_tag","embeddable":true,"href":"https:\/\/przylep.edu.pl\/przedszkole\/wp-json\/wp\/v2\/tags?post=6860"}],"curies":[{"name":"wp","href":"https:\/\/api.w.org\/{rel}","templated":true}]}}