{"id":6844,"date":"2021-12-11T21:18:00","date_gmt":"2021-12-11T20:18:00","guid":{"rendered":"https:\/\/przylep.edu.pl\/przedszkole\/?p=6844"},"modified":"2021-12-22T12:39:11","modified_gmt":"2021-12-22T11:39:11","slug":"wizyta-swietego-mikolaja","status":"publish","type":"post","link":"https:\/\/przylep.edu.pl\/przedszkole\/2021\/12\/11\/wizyta-swietego-mikolaja\/","title":{"rendered":"Wizyta \u015awi\u0119tego Miko\u0142aja"},"content":{"rendered":"\n<p>Pi\u0105tek&#8230; 10 grudnia&#8230; d\u0142ugo wyczekiwany dzie\u0144, w\u00a0kt\u00f3rym\u00a0dzieci jak zaczarowane same szybko wsta\u0142y i\u00a0bez\u00a0\u017cadnego oci\u0105gania pojawi\u0142y si\u0119 w\u00a0przedszkolu. Ka\u017cde dziecko ca\u0142y rok ci\u0119\u017cko pracowa\u0142o na\u00a0to,\u00a0aby w\u0142a\u015bnie w\u00a0tym dniu spotka\u0107 \u015awi\u0119tego Miko\u0142aja i\u00a0m\u00f3c odebra\u0107 od\u00a0Niego podarunek.<\/p>\n\n\n\n<p>Atmosfera spotkania by\u0142a magiczna. Ka\u017cdy w\u00a0tym dniu zosta\u0142 obdarowany prezentem. Gdy\u00a0tylko\u00a0nasz go\u015b\u0107 si\u0119 z\u00a0nami po\u017cegna\u0142, szeleszcz\u0105ce paczki w\u00a0r\u0105czkach dzieci zosta\u0142y otworzone. Przedszkolaki bardzo si\u0119 cieszy\u0142y z\u00a0podarunk\u00f3w, kt\u00f3re otrzyma\u0142y.<\/p>\n\n\n\n<p>\u201eMiko\u0142aju bardzo dzi\u0119kujemy za&nbsp;odwiedziny i&nbsp;za&nbsp;rado\u015b\u0107 jak\u0105 podarowa\u0142e\u015b naszym podopiecznym. Do&nbsp;zobaczenia za&nbsp;rok!\u201d.<\/p>\n\n\n\n<figure class=\"wp-block-gallery columns-3 is-cropped wp-block-gallery-1 is-layout-flex wp-block-gallery-is-layout-flex\"><ul class=\"blocks-gallery-grid\"><li class=\"blocks-gallery-item\"><figure><img loading=\"lazy\" decoding=\"async\" width=\"576\" height=\"768\" src=\"https:\/\/przylep.edu.pl\/przedszkole\/wp-content\/uploads\/2021\/12\/263772890_312707347216974_8859647716396858682_n.jpg\" alt=\"\" data-id=\"6845\" data-full-url=\"https:\/\/przylep.edu.pl\/przedszkole\/wp-content\/uploads\/2021\/12\/263772890_312707347216974_8859647716396858682_n.jpg\" data-link=\"https:\/\/przylep.edu.pl\/przedszkole\/?attachment_id=6845\" class=\"wp-image-6845\" srcset=\"https:\/\/przylep.edu.pl\/przedszkole\/wp-content\/uploads\/2021\/12\/263772890_312707347216974_8859647716396858682_n.jpg 576w, https:\/\/przylep.edu.pl\/przedszkole\/wp-content\/uploads\/2021\/12\/263772890_312707347216974_8859647716396858682_n-225x300.jpg 225w\" sizes=\"auto, (max-width: 576px) 100vw, 576px\" \/><\/figure><\/li><li class=\"blocks-gallery-item\"><figure><img loading=\"lazy\" decoding=\"async\" width=\"960\" height=\"720\" src=\"https:\/\/przylep.edu.pl\/przedszkole\/wp-content\/uploads\/2021\/12\/264183116_584524289298814_3818024961446169351_n.jpg\" alt=\"\" data-id=\"6846\" data-full-url=\"https:\/\/przylep.edu.pl\/przedszkole\/wp-content\/uploads\/2021\/12\/264183116_584524289298814_3818024961446169351_n.jpg\" data-link=\"https:\/\/przylep.edu.pl\/przedszkole\/?attachment_id=6846\" class=\"wp-image-6846\" srcset=\"https:\/\/przylep.edu.pl\/przedszkole\/wp-content\/uploads\/2021\/12\/264183116_584524289298814_3818024961446169351_n.jpg 960w, https:\/\/przylep.edu.pl\/przedszkole\/wp-content\/uploads\/2021\/12\/264183116_584524289298814_3818024961446169351_n-300x225.jpg 300w, https:\/\/przylep.edu.pl\/przedszkole\/wp-content\/uploads\/2021\/12\/264183116_584524289298814_3818024961446169351_n-768x576.jpg 768w, https:\/\/przylep.edu.pl\/przedszkole\/wp-content\/uploads\/2021\/12\/264183116_584524289298814_3818024961446169351_n-600x450.jpg 600w\" sizes=\"auto, (max-width: 960px) 100vw, 960px\" \/><\/figure><\/li><li class=\"blocks-gallery-item\"><figure><img loading=\"lazy\" decoding=\"async\" width=\"1024\" height=\"768\" src=\"https:\/\/przylep.edu.pl\/przedszkole\/wp-content\/uploads\/2021\/12\/264329557_3071031539842623_7068424744819671940_n-1024x768.jpg\" alt=\"\" data-id=\"6847\" data-full-url=\"https:\/\/przylep.edu.pl\/przedszkole\/wp-content\/uploads\/2021\/12\/264329557_3071031539842623_7068424744819671940_n.jpg\" data-link=\"https:\/\/przylep.edu.pl\/przedszkole\/?attachment_id=6847\" class=\"wp-image-6847\" srcset=\"https:\/\/przylep.edu.pl\/przedszkole\/wp-content\/uploads\/2021\/12\/264329557_3071031539842623_7068424744819671940_n-1024x768.jpg 1024w, https:\/\/przylep.edu.pl\/przedszkole\/wp-content\/uploads\/2021\/12\/264329557_3071031539842623_7068424744819671940_n-300x225.jpg 300w, https:\/\/przylep.edu.pl\/przedszkole\/wp-content\/uploads\/2021\/12\/264329557_3071031539842623_7068424744819671940_n-768x576.jpg 768w, https:\/\/przylep.edu.pl\/przedszkole\/wp-content\/uploads\/2021\/12\/264329557_3071031539842623_7068424744819671940_n-1536x1152.jpg 1536w, https:\/\/przylep.edu.pl\/przedszkole\/wp-content\/uploads\/2021\/12\/264329557_3071031539842623_7068424744819671940_n-600x450.jpg 600w, https:\/\/przylep.edu.pl\/przedszkole\/wp-content\/uploads\/2021\/12\/264329557_3071031539842623_7068424744819671940_n.jpg 2048w\" sizes=\"auto, (max-width: 1024px) 100vw, 1024px\" \/><\/figure><\/li><li class=\"blocks-gallery-item\"><figure><img loading=\"lazy\" decoding=\"async\" width=\"1024\" height=\"768\" src=\"https:\/\/przylep.edu.pl\/przedszkole\/wp-content\/uploads\/2021\/12\/264659713_4635357283179250_7356133205474266881_n-1024x768.jpg\" alt=\"\" data-id=\"6848\" data-full-url=\"https:\/\/przylep.edu.pl\/przedszkole\/wp-content\/uploads\/2021\/12\/264659713_4635357283179250_7356133205474266881_n.jpg\" data-link=\"https:\/\/przylep.edu.pl\/przedszkole\/?attachment_id=6848\" class=\"wp-image-6848\" srcset=\"https:\/\/przylep.edu.pl\/przedszkole\/wp-content\/uploads\/2021\/12\/264659713_4635357283179250_7356133205474266881_n-1024x768.jpg 1024w, https:\/\/przylep.edu.pl\/przedszkole\/wp-content\/uploads\/2021\/12\/264659713_4635357283179250_7356133205474266881_n-300x225.jpg 300w, https:\/\/przylep.edu.pl\/przedszkole\/wp-content\/uploads\/2021\/12\/264659713_4635357283179250_7356133205474266881_n-768x576.jpg 768w, https:\/\/przylep.edu.pl\/przedszkole\/wp-content\/uploads\/2021\/12\/264659713_4635357283179250_7356133205474266881_n-1536x1152.jpg 1536w, https:\/\/przylep.edu.pl\/przedszkole\/wp-content\/uploads\/2021\/12\/264659713_4635357283179250_7356133205474266881_n-600x450.jpg 600w, https:\/\/przylep.edu.pl\/przedszkole\/wp-content\/uploads\/2021\/12\/264659713_4635357283179250_7356133205474266881_n.jpg 2048w\" sizes=\"auto, (max-width: 1024px) 100vw, 1024px\" \/><\/figure><\/li><li class=\"blocks-gallery-item\"><figure><img loading=\"lazy\" decoding=\"async\" width=\"960\" height=\"720\" src=\"https:\/\/przylep.edu.pl\/przedszkole\/wp-content\/uploads\/2021\/12\/264815925_926837454671449_7458998906266975996_n.jpg\" alt=\"\" data-id=\"6849\" data-full-url=\"https:\/\/przylep.edu.pl\/przedszkole\/wp-content\/uploads\/2021\/12\/264815925_926837454671449_7458998906266975996_n.jpg\" data-link=\"https:\/\/przylep.edu.pl\/przedszkole\/?attachment_id=6849\" class=\"wp-image-6849\" srcset=\"https:\/\/przylep.edu.pl\/przedszkole\/wp-content\/uploads\/2021\/12\/264815925_926837454671449_7458998906266975996_n.jpg 960w, https:\/\/przylep.edu.pl\/przedszkole\/wp-content\/uploads\/2021\/12\/264815925_926837454671449_7458998906266975996_n-300x225.jpg 300w, https:\/\/przylep.edu.pl\/przedszkole\/wp-content\/uploads\/2021\/12\/264815925_926837454671449_7458998906266975996_n-768x576.jpg 768w, https:\/\/przylep.edu.pl\/przedszkole\/wp-content\/uploads\/2021\/12\/264815925_926837454671449_7458998906266975996_n-600x450.jpg 600w\" sizes=\"auto, (max-width: 960px) 100vw, 960px\" \/><\/figure><\/li><li class=\"blocks-gallery-item\"><figure><img loading=\"lazy\" decoding=\"async\" width=\"960\" height=\"720\" src=\"https:\/\/przylep.edu.pl\/przedszkole\/wp-content\/uploads\/2021\/12\/264984084_631414401342531_7513618902638274853_n.jpg\" alt=\"\" data-id=\"6850\" data-full-url=\"https:\/\/przylep.edu.pl\/przedszkole\/wp-content\/uploads\/2021\/12\/264984084_631414401342531_7513618902638274853_n.jpg\" data-link=\"https:\/\/przylep.edu.pl\/przedszkole\/?attachment_id=6850\" class=\"wp-image-6850\" srcset=\"https:\/\/przylep.edu.pl\/przedszkole\/wp-content\/uploads\/2021\/12\/264984084_631414401342531_7513618902638274853_n.jpg 960w, https:\/\/przylep.edu.pl\/przedszkole\/wp-content\/uploads\/2021\/12\/264984084_631414401342531_7513618902638274853_n-300x225.jpg 300w, https:\/\/przylep.edu.pl\/przedszkole\/wp-content\/uploads\/2021\/12\/264984084_631414401342531_7513618902638274853_n-768x576.jpg 768w, https:\/\/przylep.edu.pl\/przedszkole\/wp-content\/uploads\/2021\/12\/264984084_631414401342531_7513618902638274853_n-600x450.jpg 600w\" sizes=\"auto, (max-width: 960px) 100vw, 960px\" \/><\/figure><\/li><li class=\"blocks-gallery-item\"><figure><img loading=\"lazy\" decoding=\"async\" width=\"612\" height=\"816\" src=\"https:\/\/przylep.edu.pl\/przedszkole\/wp-content\/uploads\/2021\/12\/265025266_3060737394213584_2597623109299670239_n.jpg\" alt=\"\" data-id=\"6851\" data-full-url=\"https:\/\/przylep.edu.pl\/przedszkole\/wp-content\/uploads\/2021\/12\/265025266_3060737394213584_2597623109299670239_n.jpg\" data-link=\"https:\/\/przylep.edu.pl\/przedszkole\/?attachment_id=6851\" class=\"wp-image-6851\" srcset=\"https:\/\/przylep.edu.pl\/przedszkole\/wp-content\/uploads\/2021\/12\/265025266_3060737394213584_2597623109299670239_n.jpg 612w, https:\/\/przylep.edu.pl\/przedszkole\/wp-content\/uploads\/2021\/12\/265025266_3060737394213584_2597623109299670239_n-225x300.jpg 225w\" sizes=\"auto, (max-width: 612px) 100vw, 612px\" \/><\/figure><\/li><li class=\"blocks-gallery-item\"><figure><img loading=\"lazy\" decoding=\"async\" width=\"462\" height=\"960\" src=\"https:\/\/przylep.edu.pl\/przedszkole\/wp-content\/uploads\/2021\/12\/265159953_1791790937877300_8087395033315897206_n.jpg\" alt=\"\" data-id=\"6852\" data-full-url=\"https:\/\/przylep.edu.pl\/przedszkole\/wp-content\/uploads\/2021\/12\/265159953_1791790937877300_8087395033315897206_n.jpg\" data-link=\"https:\/\/przylep.edu.pl\/przedszkole\/?attachment_id=6852\" class=\"wp-image-6852\" srcset=\"https:\/\/przylep.edu.pl\/przedszkole\/wp-content\/uploads\/2021\/12\/265159953_1791790937877300_8087395033315897206_n.jpg 462w, https:\/\/przylep.edu.pl\/przedszkole\/wp-content\/uploads\/2021\/12\/265159953_1791790937877300_8087395033315897206_n-144x300.jpg 144w\" sizes=\"auto, (max-width: 462px) 100vw, 462px\" \/><\/figure><\/li><li class=\"blocks-gallery-item\"><figure><img loading=\"lazy\" decoding=\"async\" width=\"840\" height=\"600\" src=\"https:\/\/przylep.edu.pl\/przedszkole\/wp-content\/uploads\/2021\/12\/265237450_983133885951514_6158203015959007096_n.jpg\" alt=\"\" data-id=\"6853\" data-full-url=\"https:\/\/przylep.edu.pl\/przedszkole\/wp-content\/uploads\/2021\/12\/265237450_983133885951514_6158203015959007096_n.jpg\" data-link=\"https:\/\/przylep.edu.pl\/przedszkole\/?attachment_id=6853\" class=\"wp-image-6853\" srcset=\"https:\/\/przylep.edu.pl\/przedszkole\/wp-content\/uploads\/2021\/12\/265237450_983133885951514_6158203015959007096_n.jpg 840w, https:\/\/przylep.edu.pl\/przedszkole\/wp-content\/uploads\/2021\/12\/265237450_983133885951514_6158203015959007096_n-300x214.jpg 300w, https:\/\/przylep.edu.pl\/przedszkole\/wp-content\/uploads\/2021\/12\/265237450_983133885951514_6158203015959007096_n-768x549.jpg 768w\" sizes=\"auto, (max-width: 840px) 100vw, 840px\" \/><\/figure><\/li><li class=\"blocks-gallery-item\"><figure><img loading=\"lazy\" decoding=\"async\" width=\"1024\" height=\"768\" src=\"https:\/\/przylep.edu.pl\/przedszkole\/wp-content\/uploads\/2021\/12\/265630076_4635355873179391_6109205980578557844_n-1024x768.jpg\" alt=\"\" data-id=\"6854\" data-full-url=\"https:\/\/przylep.edu.pl\/przedszkole\/wp-content\/uploads\/2021\/12\/265630076_4635355873179391_6109205980578557844_n.jpg\" data-link=\"https:\/\/przylep.edu.pl\/przedszkole\/?attachment_id=6854\" class=\"wp-image-6854\" srcset=\"https:\/\/przylep.edu.pl\/przedszkole\/wp-content\/uploads\/2021\/12\/265630076_4635355873179391_6109205980578557844_n-1024x768.jpg 1024w, https:\/\/przylep.edu.pl\/przedszkole\/wp-content\/uploads\/2021\/12\/265630076_4635355873179391_6109205980578557844_n-300x225.jpg 300w, https:\/\/przylep.edu.pl\/przedszkole\/wp-content\/uploads\/2021\/12\/265630076_4635355873179391_6109205980578557844_n-768x576.jpg 768w, https:\/\/przylep.edu.pl\/przedszkole\/wp-content\/uploads\/2021\/12\/265630076_4635355873179391_6109205980578557844_n-1536x1152.jpg 1536w, https:\/\/przylep.edu.pl\/przedszkole\/wp-content\/uploads\/2021\/12\/265630076_4635355873179391_6109205980578557844_n-600x450.jpg 600w, https:\/\/przylep.edu.pl\/przedszkole\/wp-content\/uploads\/2021\/12\/265630076_4635355873179391_6109205980578557844_n.jpg 2048w\" sizes=\"auto, (max-width: 1024px) 100vw, 1024px\" \/><\/figure><\/li><li class=\"blocks-gallery-item\"><figure><img loading=\"lazy\" decoding=\"async\" width=\"576\" height=\"768\" src=\"https:\/\/przylep.edu.pl\/przedszkole\/wp-content\/uploads\/2021\/12\/266979157_597669301486247_7783605652272306230_n.jpg\" alt=\"\" data-id=\"6855\" data-full-url=\"https:\/\/przylep.edu.pl\/przedszkole\/wp-content\/uploads\/2021\/12\/266979157_597669301486247_7783605652272306230_n.jpg\" data-link=\"https:\/\/przylep.edu.pl\/przedszkole\/?attachment_id=6855\" class=\"wp-image-6855\" srcset=\"https:\/\/przylep.edu.pl\/przedszkole\/wp-content\/uploads\/2021\/12\/266979157_597669301486247_7783605652272306230_n.jpg 576w, https:\/\/przylep.edu.pl\/przedszkole\/wp-content\/uploads\/2021\/12\/266979157_597669301486247_7783605652272306230_n-225x300.jpg 225w\" sizes=\"auto, (max-width: 576px) 100vw, 576px\" \/><\/figure><\/li><li class=\"blocks-gallery-item\"><figure><img loading=\"lazy\" decoding=\"async\" width=\"960\" height=\"462\" src=\"https:\/\/przylep.edu.pl\/przedszkole\/wp-content\/uploads\/2021\/12\/267614542_636491814046263_4826328308722244960_n.jpg\" alt=\"\" data-id=\"6856\" data-full-url=\"https:\/\/przylep.edu.pl\/przedszkole\/wp-content\/uploads\/2021\/12\/267614542_636491814046263_4826328308722244960_n.jpg\" data-link=\"https:\/\/przylep.edu.pl\/przedszkole\/?attachment_id=6856\" class=\"wp-image-6856\" srcset=\"https:\/\/przylep.edu.pl\/przedszkole\/wp-content\/uploads\/2021\/12\/267614542_636491814046263_4826328308722244960_n.jpg 960w, https:\/\/przylep.edu.pl\/przedszkole\/wp-content\/uploads\/2021\/12\/267614542_636491814046263_4826328308722244960_n-300x144.jpg 300w, https:\/\/przylep.edu.pl\/przedszkole\/wp-content\/uploads\/2021\/12\/267614542_636491814046263_4826328308722244960_n-768x370.jpg 768w\" sizes=\"auto, (max-width: 960px) 100vw, 960px\" \/><\/figure><\/li><li class=\"blocks-gallery-item\"><figure><img loading=\"lazy\" decoding=\"async\" width=\"1024\" height=\"768\" src=\"https:\/\/przylep.edu.pl\/przedszkole\/wp-content\/uploads\/2021\/12\/269154075_664929094885382_2952932453267011281_n-1024x768.jpg\" alt=\"\" data-id=\"6857\" data-full-url=\"https:\/\/przylep.edu.pl\/przedszkole\/wp-content\/uploads\/2021\/12\/269154075_664929094885382_2952932453267011281_n.jpg\" data-link=\"https:\/\/przylep.edu.pl\/przedszkole\/?attachment_id=6857\" class=\"wp-image-6857\" srcset=\"https:\/\/przylep.edu.pl\/przedszkole\/wp-content\/uploads\/2021\/12\/269154075_664929094885382_2952932453267011281_n-1024x768.jpg 1024w, https:\/\/przylep.edu.pl\/przedszkole\/wp-content\/uploads\/2021\/12\/269154075_664929094885382_2952932453267011281_n-300x225.jpg 300w, https:\/\/przylep.edu.pl\/przedszkole\/wp-content\/uploads\/2021\/12\/269154075_664929094885382_2952932453267011281_n-768x576.jpg 768w, https:\/\/przylep.edu.pl\/przedszkole\/wp-content\/uploads\/2021\/12\/269154075_664929094885382_2952932453267011281_n-1536x1152.jpg 1536w, https:\/\/przylep.edu.pl\/przedszkole\/wp-content\/uploads\/2021\/12\/269154075_664929094885382_2952932453267011281_n-600x450.jpg 600w, https:\/\/przylep.edu.pl\/przedszkole\/wp-content\/uploads\/2021\/12\/269154075_664929094885382_2952932453267011281_n.jpg 2048w\" sizes=\"auto, (max-width: 1024px) 100vw, 1024px\" \/><\/figure><\/li><\/ul><\/figure>\n","protected":false},"excerpt":{"rendered":"<p>Pi\u0105tek&#8230; 10 grudnia&#8230; d\u0142ugo wyczekiwany dzie\u0144, w\u00a0kt\u00f3rym\u00a0dzieci jak zaczarowane same szybko wsta\u0142y i\u00a0bez\u00a0\u017cadnego oci\u0105gania pojawi\u0142y si\u0119 w\u00a0przedszkolu. Ka\u017cde dziecko ca\u0142y rok ci\u0119\u017cko pracowa\u0142o na\u00a0to,\u00a0aby w\u0142a\u015bnie w\u00a0tym dniu spotka\u0107 \u015awi\u0119tego Miko\u0142aja i\u00a0m\u00f3c odebra\u0107 od\u00a0Niego podarunek. Atmosfera spotkania by\u0142a magiczna. Ka\u017cdy w\u00a0tym dniu zosta\u0142 obdarowany prezentem. Gdy\u00a0tylko\u00a0nasz go\u015b\u0107 si\u0119 z\u00a0nami po\u017cegna\u0142, szeleszcz\u0105ce paczki w\u00a0r\u0105czkach dzieci zosta\u0142y otworzone. [&hellip;]<\/p>\n","protected":false},"author":2,"featured_media":6858,"comment_status":"closed","ping_status":"open","sticky":false,"template":"","format":"standard","meta":{"footnotes":""},"categories":[45,40],"tags":[],"class_list":["post-6844","post","type-post","status-publish","format-standard","has-post-thumbnail","hentry","category-aktualnosci","category-strona-glowna"],"_links":{"self":[{"href":"https:\/\/przylep.edu.pl\/przedszkole\/wp-json\/wp\/v2\/posts\/6844","targetHints":{"allow":["GET"]}}],"collection":[{"href":"https:\/\/przylep.edu.pl\/przedszkole\/wp-json\/wp\/v2\/posts"}],"about":[{"href":"https:\/\/przylep.edu.pl\/przedszkole\/wp-json\/wp\/v2\/types\/post"}],"author":[{"embeddable":true,"href":"https:\/\/przylep.edu.pl\/przedszkole\/wp-json\/wp\/v2\/users\/2"}],"replies":[{"embeddable":true,"href":"https:\/\/przylep.edu.pl\/przedszkole\/wp-json\/wp\/v2\/comments?post=6844"}],"version-history":[{"count":2,"href":"https:\/\/przylep.edu.pl\/przedszkole\/wp-json\/wp\/v2\/posts\/6844\/revisions"}],"predecessor-version":[{"id":6878,"href":"https:\/\/przylep.edu.pl\/przedszkole\/wp-json\/wp\/v2\/posts\/6844\/revisions\/6878"}],"wp:featuredmedia":[{"embeddable":true,"href":"https:\/\/przylep.edu.pl\/przedszkole\/wp-json\/wp\/v2\/media\/6858"}],"wp:attachment":[{"href":"https:\/\/przylep.edu.pl\/przedszkole\/wp-json\/wp\/v2\/media?parent=6844"}],"wp:term":[{"taxonomy":"category","embeddable":true,"href":"https:\/\/przylep.edu.pl\/przedszkole\/wp-json\/wp\/v2\/categories?post=6844"},{"taxonomy":"post_tag","embeddable":true,"href":"https:\/\/przylep.edu.pl\/przedszkole\/wp-json\/wp\/v2\/tags?post=6844"}],"curies":[{"name":"wp","href":"https:\/\/api.w.org\/{rel}","templated":true}]}}