{"id":6827,"date":"2021-12-09T07:50:00","date_gmt":"2021-12-09T06:50:00","guid":{"rendered":"https:\/\/przylep.edu.pl\/przedszkole\/?p=6827"},"modified":"2021-12-17T08:06:10","modified_gmt":"2021-12-17T07:06:10","slug":"kolorowy-tydzien-dzien-zielony","status":"publish","type":"post","link":"https:\/\/przylep.edu.pl\/przedszkole\/2021\/12\/09\/kolorowy-tydzien-dzien-zielony\/","title":{"rendered":"Kolorowy Tydzie\u0144- Dzie\u0144 zielony"},"content":{"rendered":"\n<p>Tu\u017c przed wizyt\u0105 \u015bw. Miko\u0142aja wszystkie dzieci z wielkim zapa\u0142em zabra\u0142y si\u0119 do ubierania choinek w salach przedszkolnych. Zawiesza\u0142y bombki, gwiazdki i kolorowe \u015bwiate\u0142ka. Tworzy\u0142y \u0142a\u0144cuchy i inne dekoracje \u015bwi\u0105teczne.  Choinki wygl\u0105da\u0142y prze\u015blicznie. Jak co roku dzieci udekorowa\u0142y tak\u017ce korytarz przedszkolny.<\/p>\n\n\n\n<p> Atmosfera w przedszkolu od razu zrobi\u0142a si\u0119 \u015bwi\u0105teczna i bajkowa.<\/p>\n\n\n\n<figure class=\"wp-block-gallery columns-3 is-cropped wp-block-gallery-1 is-layout-flex wp-block-gallery-is-layout-flex\"><ul class=\"blocks-gallery-grid\"><li class=\"blocks-gallery-item\"><figure><img loading=\"lazy\" decoding=\"async\" width=\"462\" height=\"960\" src=\"https:\/\/przylep.edu.pl\/przedszkole\/wp-content\/uploads\/2021\/12\/262584984_1514264032262130_5168397812741810524_n-1.jpg\" alt=\"\" data-id=\"6828\" data-full-url=\"https:\/\/przylep.edu.pl\/przedszkole\/wp-content\/uploads\/2021\/12\/262584984_1514264032262130_5168397812741810524_n-1.jpg\" data-link=\"https:\/\/przylep.edu.pl\/przedszkole\/?attachment_id=6828\" class=\"wp-image-6828\" srcset=\"https:\/\/przylep.edu.pl\/przedszkole\/wp-content\/uploads\/2021\/12\/262584984_1514264032262130_5168397812741810524_n-1.jpg 462w, https:\/\/przylep.edu.pl\/przedszkole\/wp-content\/uploads\/2021\/12\/262584984_1514264032262130_5168397812741810524_n-1-144x300.jpg 144w\" sizes=\"auto, (max-width: 462px) 100vw, 462px\" \/><\/figure><\/li><li class=\"blocks-gallery-item\"><figure><img loading=\"lazy\" decoding=\"async\" width=\"1024\" height=\"768\" src=\"https:\/\/przylep.edu.pl\/przedszkole\/wp-content\/uploads\/2021\/12\/263437778_911221302929237_5390050669013850698_n-1024x768.jpg\" alt=\"\" data-id=\"6829\" data-full-url=\"https:\/\/przylep.edu.pl\/przedszkole\/wp-content\/uploads\/2021\/12\/263437778_911221302929237_5390050669013850698_n.jpg\" data-link=\"https:\/\/przylep.edu.pl\/przedszkole\/?attachment_id=6829\" class=\"wp-image-6829\" srcset=\"https:\/\/przylep.edu.pl\/przedszkole\/wp-content\/uploads\/2021\/12\/263437778_911221302929237_5390050669013850698_n-1024x768.jpg 1024w, https:\/\/przylep.edu.pl\/przedszkole\/wp-content\/uploads\/2021\/12\/263437778_911221302929237_5390050669013850698_n-300x225.jpg 300w, https:\/\/przylep.edu.pl\/przedszkole\/wp-content\/uploads\/2021\/12\/263437778_911221302929237_5390050669013850698_n-768x576.jpg 768w, https:\/\/przylep.edu.pl\/przedszkole\/wp-content\/uploads\/2021\/12\/263437778_911221302929237_5390050669013850698_n-1536x1152.jpg 1536w, https:\/\/przylep.edu.pl\/przedszkole\/wp-content\/uploads\/2021\/12\/263437778_911221302929237_5390050669013850698_n-600x450.jpg 600w, https:\/\/przylep.edu.pl\/przedszkole\/wp-content\/uploads\/2021\/12\/263437778_911221302929237_5390050669013850698_n.jpg 2048w\" sizes=\"auto, (max-width: 1024px) 100vw, 1024px\" \/><\/figure><\/li><li class=\"blocks-gallery-item\"><figure><img loading=\"lazy\" decoding=\"async\" width=\"1024\" height=\"577\" src=\"https:\/\/przylep.edu.pl\/przedszkole\/wp-content\/uploads\/2021\/12\/264487211_432053965092552_3066158634971451872_n-1024x577.jpg\" alt=\"\" data-id=\"6830\" data-full-url=\"https:\/\/przylep.edu.pl\/przedszkole\/wp-content\/uploads\/2021\/12\/264487211_432053965092552_3066158634971451872_n-scaled.jpg\" data-link=\"https:\/\/przylep.edu.pl\/przedszkole\/?attachment_id=6830\" class=\"wp-image-6830\" srcset=\"https:\/\/przylep.edu.pl\/przedszkole\/wp-content\/uploads\/2021\/12\/264487211_432053965092552_3066158634971451872_n-1024x577.jpg 1024w, https:\/\/przylep.edu.pl\/przedszkole\/wp-content\/uploads\/2021\/12\/264487211_432053965092552_3066158634971451872_n-300x169.jpg 300w, https:\/\/przylep.edu.pl\/przedszkole\/wp-content\/uploads\/2021\/12\/264487211_432053965092552_3066158634971451872_n-768x433.jpg 768w, https:\/\/przylep.edu.pl\/przedszkole\/wp-content\/uploads\/2021\/12\/264487211_432053965092552_3066158634971451872_n-1536x865.jpg 1536w, https:\/\/przylep.edu.pl\/przedszkole\/wp-content\/uploads\/2021\/12\/264487211_432053965092552_3066158634971451872_n-2048x1154.jpg 2048w\" sizes=\"auto, (max-width: 1024px) 100vw, 1024px\" \/><\/figure><\/li><li class=\"blocks-gallery-item\"><figure><img loading=\"lazy\" decoding=\"async\" width=\"1024\" height=\"577\" src=\"https:\/\/przylep.edu.pl\/przedszkole\/wp-content\/uploads\/2021\/12\/264600955_310287944237003_4176516971353175744_n-1024x577.jpg\" alt=\"\" data-id=\"6831\" data-full-url=\"https:\/\/przylep.edu.pl\/przedszkole\/wp-content\/uploads\/2021\/12\/264600955_310287944237003_4176516971353175744_n-scaled.jpg\" data-link=\"https:\/\/przylep.edu.pl\/przedszkole\/?attachment_id=6831\" class=\"wp-image-6831\" srcset=\"https:\/\/przylep.edu.pl\/przedszkole\/wp-content\/uploads\/2021\/12\/264600955_310287944237003_4176516971353175744_n-1024x577.jpg 1024w, https:\/\/przylep.edu.pl\/przedszkole\/wp-content\/uploads\/2021\/12\/264600955_310287944237003_4176516971353175744_n-300x169.jpg 300w, https:\/\/przylep.edu.pl\/przedszkole\/wp-content\/uploads\/2021\/12\/264600955_310287944237003_4176516971353175744_n-768x433.jpg 768w, https:\/\/przylep.edu.pl\/przedszkole\/wp-content\/uploads\/2021\/12\/264600955_310287944237003_4176516971353175744_n-1536x865.jpg 1536w, https:\/\/przylep.edu.pl\/przedszkole\/wp-content\/uploads\/2021\/12\/264600955_310287944237003_4176516971353175744_n-2048x1154.jpg 2048w\" sizes=\"auto, (max-width: 1024px) 100vw, 1024px\" \/><\/figure><\/li><li class=\"blocks-gallery-item\"><figure><img loading=\"lazy\" decoding=\"async\" width=\"960\" height=\"721\" src=\"https:\/\/przylep.edu.pl\/przedszkole\/wp-content\/uploads\/2021\/12\/264960374_716829325961506_3221527814603489465_n.jpg\" alt=\"\" data-id=\"6832\" data-full-url=\"https:\/\/przylep.edu.pl\/przedszkole\/wp-content\/uploads\/2021\/12\/264960374_716829325961506_3221527814603489465_n.jpg\" data-link=\"https:\/\/przylep.edu.pl\/przedszkole\/?attachment_id=6832\" class=\"wp-image-6832\" srcset=\"https:\/\/przylep.edu.pl\/przedszkole\/wp-content\/uploads\/2021\/12\/264960374_716829325961506_3221527814603489465_n.jpg 960w, https:\/\/przylep.edu.pl\/przedszkole\/wp-content\/uploads\/2021\/12\/264960374_716829325961506_3221527814603489465_n-300x225.jpg 300w, https:\/\/przylep.edu.pl\/przedszkole\/wp-content\/uploads\/2021\/12\/264960374_716829325961506_3221527814603489465_n-768x577.jpg 768w, https:\/\/przylep.edu.pl\/przedszkole\/wp-content\/uploads\/2021\/12\/264960374_716829325961506_3221527814603489465_n-600x450.jpg 600w\" sizes=\"auto, (max-width: 960px) 100vw, 960px\" \/><\/figure><\/li><li class=\"blocks-gallery-item\"><figure><img loading=\"lazy\" decoding=\"async\" width=\"721\" height=\"960\" src=\"https:\/\/przylep.edu.pl\/przedszkole\/wp-content\/uploads\/2021\/12\/265178002_399916515260062_7999963386670230910_n.jpg\" alt=\"\" data-id=\"6833\" data-full-url=\"https:\/\/przylep.edu.pl\/przedszkole\/wp-content\/uploads\/2021\/12\/265178002_399916515260062_7999963386670230910_n.jpg\" data-link=\"https:\/\/przylep.edu.pl\/przedszkole\/?attachment_id=6833\" class=\"wp-image-6833\" srcset=\"https:\/\/przylep.edu.pl\/przedszkole\/wp-content\/uploads\/2021\/12\/265178002_399916515260062_7999963386670230910_n.jpg 721w, https:\/\/przylep.edu.pl\/przedszkole\/wp-content\/uploads\/2021\/12\/265178002_399916515260062_7999963386670230910_n-225x300.jpg 225w\" sizes=\"auto, (max-width: 721px) 100vw, 721px\" \/><\/figure><\/li><li class=\"blocks-gallery-item\"><figure><img loading=\"lazy\" decoding=\"async\" width=\"461\" height=\"1024\" src=\"https:\/\/przylep.edu.pl\/przedszkole\/wp-content\/uploads\/2021\/12\/265380099_445954106909513_8419010068065424878_n-461x1024.jpg\" alt=\"\" data-id=\"6834\" data-full-url=\"https:\/\/przylep.edu.pl\/przedszkole\/wp-content\/uploads\/2021\/12\/265380099_445954106909513_8419010068065424878_n.jpg\" data-link=\"https:\/\/przylep.edu.pl\/przedszkole\/?attachment_id=6834\" class=\"wp-image-6834\" srcset=\"https:\/\/przylep.edu.pl\/przedszkole\/wp-content\/uploads\/2021\/12\/265380099_445954106909513_8419010068065424878_n-461x1024.jpg 461w, https:\/\/przylep.edu.pl\/przedszkole\/wp-content\/uploads\/2021\/12\/265380099_445954106909513_8419010068065424878_n-135x300.jpg 135w, https:\/\/przylep.edu.pl\/przedszkole\/wp-content\/uploads\/2021\/12\/265380099_445954106909513_8419010068065424878_n.jpg 601w\" sizes=\"auto, (max-width: 461px) 100vw, 461px\" \/><\/figure><\/li><li class=\"blocks-gallery-item\"><figure><img loading=\"lazy\" decoding=\"async\" width=\"720\" height=\"960\" src=\"https:\/\/przylep.edu.pl\/przedszkole\/wp-content\/uploads\/2021\/12\/265536324_388732926329917_7118977929866900296_n.jpg\" alt=\"\" data-id=\"6835\" data-full-url=\"https:\/\/przylep.edu.pl\/przedszkole\/wp-content\/uploads\/2021\/12\/265536324_388732926329917_7118977929866900296_n.jpg\" data-link=\"https:\/\/przylep.edu.pl\/przedszkole\/?attachment_id=6835\" class=\"wp-image-6835\" srcset=\"https:\/\/przylep.edu.pl\/przedszkole\/wp-content\/uploads\/2021\/12\/265536324_388732926329917_7118977929866900296_n.jpg 720w, https:\/\/przylep.edu.pl\/przedszkole\/wp-content\/uploads\/2021\/12\/265536324_388732926329917_7118977929866900296_n-225x300.jpg 225w\" sizes=\"auto, (max-width: 720px) 100vw, 720px\" \/><\/figure><\/li><li class=\"blocks-gallery-item\"><figure><img loading=\"lazy\" decoding=\"async\" width=\"576\" height=\"768\" src=\"https:\/\/przylep.edu.pl\/przedszkole\/wp-content\/uploads\/2021\/12\/266280297_426084285662128_8388354166073792710_n.jpg\" alt=\"\" data-id=\"6836\" data-full-url=\"https:\/\/przylep.edu.pl\/przedszkole\/wp-content\/uploads\/2021\/12\/266280297_426084285662128_8388354166073792710_n.jpg\" data-link=\"https:\/\/przylep.edu.pl\/przedszkole\/?attachment_id=6836\" class=\"wp-image-6836\" srcset=\"https:\/\/przylep.edu.pl\/przedszkole\/wp-content\/uploads\/2021\/12\/266280297_426084285662128_8388354166073792710_n.jpg 576w, https:\/\/przylep.edu.pl\/przedszkole\/wp-content\/uploads\/2021\/12\/266280297_426084285662128_8388354166073792710_n-225x300.jpg 225w\" sizes=\"auto, (max-width: 576px) 100vw, 576px\" \/><\/figure><\/li><li class=\"blocks-gallery-item\"><figure><img loading=\"lazy\" decoding=\"async\" width=\"600\" height=\"800\" src=\"https:\/\/przylep.edu.pl\/przedszkole\/wp-content\/uploads\/2021\/12\/266905084_945315956096297_5215718119852395030_n.jpg\" alt=\"\" data-id=\"6838\" data-full-url=\"https:\/\/przylep.edu.pl\/przedszkole\/wp-content\/uploads\/2021\/12\/266905084_945315956096297_5215718119852395030_n.jpg\" data-link=\"https:\/\/przylep.edu.pl\/przedszkole\/?attachment_id=6838\" class=\"wp-image-6838\" srcset=\"https:\/\/przylep.edu.pl\/przedszkole\/wp-content\/uploads\/2021\/12\/266905084_945315956096297_5215718119852395030_n.jpg 600w, https:\/\/przylep.edu.pl\/przedszkole\/wp-content\/uploads\/2021\/12\/266905084_945315956096297_5215718119852395030_n-225x300.jpg 225w\" sizes=\"auto, (max-width: 600px) 100vw, 600px\" \/><\/figure><\/li><li class=\"blocks-gallery-item\"><figure><img loading=\"lazy\" decoding=\"async\" width=\"800\" height=\"600\" src=\"https:\/\/przylep.edu.pl\/przedszkole\/wp-content\/uploads\/2021\/12\/267190187_455328645958726_5314249505683393920_n.jpg\" alt=\"\" data-id=\"6839\" data-full-url=\"https:\/\/przylep.edu.pl\/przedszkole\/wp-content\/uploads\/2021\/12\/267190187_455328645958726_5314249505683393920_n.jpg\" data-link=\"https:\/\/przylep.edu.pl\/przedszkole\/?attachment_id=6839\" class=\"wp-image-6839\" srcset=\"https:\/\/przylep.edu.pl\/przedszkole\/wp-content\/uploads\/2021\/12\/267190187_455328645958726_5314249505683393920_n.jpg 800w, https:\/\/przylep.edu.pl\/przedszkole\/wp-content\/uploads\/2021\/12\/267190187_455328645958726_5314249505683393920_n-300x225.jpg 300w, https:\/\/przylep.edu.pl\/przedszkole\/wp-content\/uploads\/2021\/12\/267190187_455328645958726_5314249505683393920_n-768x576.jpg 768w, https:\/\/przylep.edu.pl\/przedszkole\/wp-content\/uploads\/2021\/12\/267190187_455328645958726_5314249505683393920_n-600x450.jpg 600w\" sizes=\"auto, (max-width: 800px) 100vw, 800px\" \/><\/figure><\/li><li class=\"blocks-gallery-item\"><figure><img loading=\"lazy\" decoding=\"async\" width=\"600\" height=\"800\" src=\"https:\/\/przylep.edu.pl\/przedszkole\/wp-content\/uploads\/2021\/12\/267260810_584017366001702_6351535758770973359_n.jpg\" alt=\"\" data-id=\"6840\" data-full-url=\"https:\/\/przylep.edu.pl\/przedszkole\/wp-content\/uploads\/2021\/12\/267260810_584017366001702_6351535758770973359_n.jpg\" data-link=\"https:\/\/przylep.edu.pl\/przedszkole\/?attachment_id=6840\" class=\"wp-image-6840\" srcset=\"https:\/\/przylep.edu.pl\/przedszkole\/wp-content\/uploads\/2021\/12\/267260810_584017366001702_6351535758770973359_n.jpg 600w, https:\/\/przylep.edu.pl\/przedszkole\/wp-content\/uploads\/2021\/12\/267260810_584017366001702_6351535758770973359_n-225x300.jpg 225w\" sizes=\"auto, (max-width: 600px) 100vw, 600px\" \/><\/figure><\/li><\/ul><\/figure>\n","protected":false},"excerpt":{"rendered":"<p>Tu\u017c przed wizyt\u0105 \u015bw. Miko\u0142aja wszystkie dzieci z wielkim zapa\u0142em zabra\u0142y si\u0119 do ubierania choinek w salach przedszkolnych. Zawiesza\u0142y bombki, gwiazdki i kolorowe \u015bwiate\u0142ka. Tworzy\u0142y \u0142a\u0144cuchy i inne dekoracje \u015bwi\u0105teczne. Choinki wygl\u0105da\u0142y prze\u015blicznie. Jak co roku dzieci udekorowa\u0142y tak\u017ce korytarz przedszkolny. Atmosfera w przedszkolu od razu zrobi\u0142a si\u0119 \u015bwi\u0105teczna i bajkowa.<\/p>\n","protected":false},"author":2,"featured_media":6841,"comment_status":"closed","ping_status":"open","sticky":false,"template":"","format":"standard","meta":{"footnotes":""},"categories":[45,40],"tags":[],"class_list":["post-6827","post","type-post","status-publish","format-standard","has-post-thumbnail","hentry","category-aktualnosci","category-strona-glowna"],"_links":{"self":[{"href":"https:\/\/przylep.edu.pl\/przedszkole\/wp-json\/wp\/v2\/posts\/6827","targetHints":{"allow":["GET"]}}],"collection":[{"href":"https:\/\/przylep.edu.pl\/przedszkole\/wp-json\/wp\/v2\/posts"}],"about":[{"href":"https:\/\/przylep.edu.pl\/przedszkole\/wp-json\/wp\/v2\/types\/post"}],"author":[{"embeddable":true,"href":"https:\/\/przylep.edu.pl\/przedszkole\/wp-json\/wp\/v2\/users\/2"}],"replies":[{"embeddable":true,"href":"https:\/\/przylep.edu.pl\/przedszkole\/wp-json\/wp\/v2\/comments?post=6827"}],"version-history":[{"count":2,"href":"https:\/\/przylep.edu.pl\/przedszkole\/wp-json\/wp\/v2\/posts\/6827\/revisions"}],"predecessor-version":[{"id":6843,"href":"https:\/\/przylep.edu.pl\/przedszkole\/wp-json\/wp\/v2\/posts\/6827\/revisions\/6843"}],"wp:featuredmedia":[{"embeddable":true,"href":"https:\/\/przylep.edu.pl\/przedszkole\/wp-json\/wp\/v2\/media\/6841"}],"wp:attachment":[{"href":"https:\/\/przylep.edu.pl\/przedszkole\/wp-json\/wp\/v2\/media?parent=6827"}],"wp:term":[{"taxonomy":"category","embeddable":true,"href":"https:\/\/przylep.edu.pl\/przedszkole\/wp-json\/wp\/v2\/categories?post=6827"},{"taxonomy":"post_tag","embeddable":true,"href":"https:\/\/przylep.edu.pl\/przedszkole\/wp-json\/wp\/v2\/tags?post=6827"}],"curies":[{"name":"wp","href":"https:\/\/api.w.org\/{rel}","templated":true}]}}