{"id":6754,"date":"2021-11-25T13:58:00","date_gmt":"2021-11-25T12:58:00","guid":{"rendered":"https:\/\/przylep.edu.pl\/przedszkole\/?p=6754"},"modified":"2021-12-05T15:06:56","modified_gmt":"2021-12-05T14:06:56","slug":"dzien-pluszowego-misia","status":"publish","type":"post","link":"https:\/\/przylep.edu.pl\/przedszkole\/2021\/11\/25\/dzien-pluszowego-misia\/","title":{"rendered":"Dzie\u0144 Pluszowego Misia"},"content":{"rendered":"\n<p><strong>Dzie\u0144 Pluszowego Misia<\/strong>&nbsp;co rok obchodzimy 25 listopada. To nie jest przypadkowa data, bo w\u0142a\u015bnie tego dnia przypada rocznica powstania tej maskotki. Samo \u015bwi\u0119to nie ma jednak d\u0142ugiej tradycji, obchodzimy je dopiero od 2002 roku, kiedy to pluszowy mi\u015b obchodzi\u0142 swoje setne urodziny<\/p>\n\n\n\n<p>Misiowy dzie\u0144 \u015bwi\u0119towa\u0142y r\u00f3wnie\u017c przedszkolaki z Przylepu. <\/p>\n\n\n\n<figure class=\"wp-block-gallery columns-3 is-cropped wp-block-gallery-1 is-layout-flex wp-block-gallery-is-layout-flex\"><ul class=\"blocks-gallery-grid\"><li class=\"blocks-gallery-item\"><figure><img loading=\"lazy\" decoding=\"async\" width=\"720\" height=\"720\" src=\"https:\/\/przylep.edu.pl\/przedszkole\/wp-content\/uploads\/2021\/12\/260415207_320298539922156_8404080124650403525_n.jpg\" alt=\"\" data-id=\"6758\" data-link=\"https:\/\/przylep.edu.pl\/przedszkole\/?attachment_id=6758\" class=\"wp-image-6758\" srcset=\"https:\/\/przylep.edu.pl\/przedszkole\/wp-content\/uploads\/2021\/12\/260415207_320298539922156_8404080124650403525_n.jpg 720w, https:\/\/przylep.edu.pl\/przedszkole\/wp-content\/uploads\/2021\/12\/260415207_320298539922156_8404080124650403525_n-300x300.jpg 300w, https:\/\/przylep.edu.pl\/przedszkole\/wp-content\/uploads\/2021\/12\/260415207_320298539922156_8404080124650403525_n-150x150.jpg 150w, https:\/\/przylep.edu.pl\/przedszkole\/wp-content\/uploads\/2021\/12\/260415207_320298539922156_8404080124650403525_n-600x600.jpg 600w\" sizes=\"auto, (max-width: 720px) 100vw, 720px\" \/><\/figure><\/li><li class=\"blocks-gallery-item\"><figure><img loading=\"lazy\" decoding=\"async\" width=\"630\" height=\"845\" src=\"https:\/\/przylep.edu.pl\/przedszkole\/wp-content\/uploads\/2021\/12\/260851745_1207350266422037_7386492416717775970_n.jpg\" alt=\"\" data-id=\"6759\" data-link=\"https:\/\/przylep.edu.pl\/przedszkole\/?attachment_id=6759\" class=\"wp-image-6759\" srcset=\"https:\/\/przylep.edu.pl\/przedszkole\/wp-content\/uploads\/2021\/12\/260851745_1207350266422037_7386492416717775970_n.jpg 630w, https:\/\/przylep.edu.pl\/przedszkole\/wp-content\/uploads\/2021\/12\/260851745_1207350266422037_7386492416717775970_n-224x300.jpg 224w\" sizes=\"auto, (max-width: 630px) 100vw, 630px\" \/><\/figure><\/li><li class=\"blocks-gallery-item\"><figure><img loading=\"lazy\" decoding=\"async\" width=\"720\" height=\"960\" src=\"https:\/\/przylep.edu.pl\/przedszkole\/wp-content\/uploads\/2021\/12\/261734304_295736292437564_588796710790601996_n.jpg\" alt=\"\" data-id=\"6760\" data-link=\"https:\/\/przylep.edu.pl\/przedszkole\/?attachment_id=6760\" class=\"wp-image-6760\" srcset=\"https:\/\/przylep.edu.pl\/przedszkole\/wp-content\/uploads\/2021\/12\/261734304_295736292437564_588796710790601996_n.jpg 720w, https:\/\/przylep.edu.pl\/przedszkole\/wp-content\/uploads\/2021\/12\/261734304_295736292437564_588796710790601996_n-225x300.jpg 225w\" sizes=\"auto, (max-width: 720px) 100vw, 720px\" \/><\/figure><\/li><li class=\"blocks-gallery-item\"><figure><img loading=\"lazy\" decoding=\"async\" width=\"630\" height=\"845\" src=\"https:\/\/przylep.edu.pl\/przedszkole\/wp-content\/uploads\/2021\/12\/262578978_405884224621735_9088588516783018923_n.jpg\" alt=\"\" data-id=\"6761\" data-link=\"https:\/\/przylep.edu.pl\/przedszkole\/?attachment_id=6761\" class=\"wp-image-6761\" srcset=\"https:\/\/przylep.edu.pl\/przedszkole\/wp-content\/uploads\/2021\/12\/262578978_405884224621735_9088588516783018923_n.jpg 630w, https:\/\/przylep.edu.pl\/przedszkole\/wp-content\/uploads\/2021\/12\/262578978_405884224621735_9088588516783018923_n-224x300.jpg 224w\" sizes=\"auto, (max-width: 630px) 100vw, 630px\" \/><\/figure><\/li><li class=\"blocks-gallery-item\"><figure><img loading=\"lazy\" decoding=\"async\" width=\"960\" height=\"720\" src=\"https:\/\/przylep.edu.pl\/przedszkole\/wp-content\/uploads\/2021\/12\/263034961_481983089884840_6791177733953006206_n.jpg\" alt=\"\" data-id=\"6762\" data-link=\"https:\/\/przylep.edu.pl\/przedszkole\/?attachment_id=6762\" class=\"wp-image-6762\" srcset=\"https:\/\/przylep.edu.pl\/przedszkole\/wp-content\/uploads\/2021\/12\/263034961_481983089884840_6791177733953006206_n.jpg 960w, https:\/\/przylep.edu.pl\/przedszkole\/wp-content\/uploads\/2021\/12\/263034961_481983089884840_6791177733953006206_n-300x225.jpg 300w, https:\/\/przylep.edu.pl\/przedszkole\/wp-content\/uploads\/2021\/12\/263034961_481983089884840_6791177733953006206_n-768x576.jpg 768w, https:\/\/przylep.edu.pl\/przedszkole\/wp-content\/uploads\/2021\/12\/263034961_481983089884840_6791177733953006206_n-600x450.jpg 600w\" sizes=\"auto, (max-width: 960px) 100vw, 960px\" \/><\/figure><\/li><li class=\"blocks-gallery-item\"><figure><img loading=\"lazy\" decoding=\"async\" width=\"720\" height=\"960\" src=\"https:\/\/przylep.edu.pl\/przedszkole\/wp-content\/uploads\/2021\/12\/262995858_282827913793926_6394016218941561577_n.jpg\" alt=\"\" data-id=\"6763\" data-full-url=\"https:\/\/przylep.edu.pl\/przedszkole\/wp-content\/uploads\/2021\/12\/262995858_282827913793926_6394016218941561577_n.jpg\" data-link=\"https:\/\/przylep.edu.pl\/przedszkole\/?attachment_id=6763\" class=\"wp-image-6763\" srcset=\"https:\/\/przylep.edu.pl\/przedszkole\/wp-content\/uploads\/2021\/12\/262995858_282827913793926_6394016218941561577_n.jpg 720w, https:\/\/przylep.edu.pl\/przedszkole\/wp-content\/uploads\/2021\/12\/262995858_282827913793926_6394016218941561577_n-225x300.jpg 225w\" sizes=\"auto, (max-width: 720px) 100vw, 720px\" \/><\/figure><\/li><li class=\"blocks-gallery-item\"><figure><img loading=\"lazy\" decoding=\"async\" width=\"720\" height=\"960\" src=\"https:\/\/przylep.edu.pl\/przedszkole\/wp-content\/uploads\/2021\/12\/263156768_571636460599840_2326228790661107836_n.jpg\" alt=\"\" data-id=\"6764\" data-full-url=\"https:\/\/przylep.edu.pl\/przedszkole\/wp-content\/uploads\/2021\/12\/263156768_571636460599840_2326228790661107836_n.jpg\" data-link=\"https:\/\/przylep.edu.pl\/przedszkole\/?attachment_id=6764\" class=\"wp-image-6764\" srcset=\"https:\/\/przylep.edu.pl\/przedszkole\/wp-content\/uploads\/2021\/12\/263156768_571636460599840_2326228790661107836_n.jpg 720w, https:\/\/przylep.edu.pl\/przedszkole\/wp-content\/uploads\/2021\/12\/263156768_571636460599840_2326228790661107836_n-225x300.jpg 225w\" sizes=\"auto, (max-width: 720px) 100vw, 720px\" \/><\/figure><\/li><li class=\"blocks-gallery-item\"><figure><img loading=\"lazy\" decoding=\"async\" width=\"720\" height=\"960\" src=\"https:\/\/przylep.edu.pl\/przedszkole\/wp-content\/uploads\/2021\/12\/263401749_749821785975841_7513792031359154864_n.jpg\" alt=\"\" data-id=\"6765\" data-full-url=\"https:\/\/przylep.edu.pl\/przedszkole\/wp-content\/uploads\/2021\/12\/263401749_749821785975841_7513792031359154864_n.jpg\" data-link=\"https:\/\/przylep.edu.pl\/przedszkole\/?attachment_id=6765\" class=\"wp-image-6765\" srcset=\"https:\/\/przylep.edu.pl\/przedszkole\/wp-content\/uploads\/2021\/12\/263401749_749821785975841_7513792031359154864_n.jpg 720w, https:\/\/przylep.edu.pl\/przedszkole\/wp-content\/uploads\/2021\/12\/263401749_749821785975841_7513792031359154864_n-225x300.jpg 225w\" sizes=\"auto, (max-width: 720px) 100vw, 720px\" \/><\/figure><\/li><\/ul><\/figure>\n","protected":false},"excerpt":{"rendered":"<p>Dzie\u0144 Pluszowego Misia&nbsp;co rok obchodzimy 25 listopada. To nie jest przypadkowa data, bo w\u0142a\u015bnie tego dnia przypada rocznica powstania tej maskotki. Samo \u015bwi\u0119to nie ma jednak d\u0142ugiej tradycji, obchodzimy je dopiero od 2002 roku, kiedy to pluszowy mi\u015b obchodzi\u0142 swoje setne urodziny Misiowy dzie\u0144 \u015bwi\u0119towa\u0142y r\u00f3wnie\u017c przedszkolaki z Przylepu.<\/p>\n","protected":false},"author":2,"featured_media":6796,"comment_status":"closed","ping_status":"open","sticky":false,"template":"","format":"standard","meta":{"footnotes":""},"categories":[45,40],"tags":[],"class_list":["post-6754","post","type-post","status-publish","format-standard","has-post-thumbnail","hentry","category-aktualnosci","category-strona-glowna"],"_links":{"self":[{"href":"https:\/\/przylep.edu.pl\/przedszkole\/wp-json\/wp\/v2\/posts\/6754","targetHints":{"allow":["GET"]}}],"collection":[{"href":"https:\/\/przylep.edu.pl\/przedszkole\/wp-json\/wp\/v2\/posts"}],"about":[{"href":"https:\/\/przylep.edu.pl\/przedszkole\/wp-json\/wp\/v2\/types\/post"}],"author":[{"embeddable":true,"href":"https:\/\/przylep.edu.pl\/przedszkole\/wp-json\/wp\/v2\/users\/2"}],"replies":[{"embeddable":true,"href":"https:\/\/przylep.edu.pl\/przedszkole\/wp-json\/wp\/v2\/comments?post=6754"}],"version-history":[{"count":3,"href":"https:\/\/przylep.edu.pl\/przedszkole\/wp-json\/wp\/v2\/posts\/6754\/revisions"}],"predecessor-version":[{"id":6797,"href":"https:\/\/przylep.edu.pl\/przedszkole\/wp-json\/wp\/v2\/posts\/6754\/revisions\/6797"}],"wp:featuredmedia":[{"embeddable":true,"href":"https:\/\/przylep.edu.pl\/przedszkole\/wp-json\/wp\/v2\/media\/6796"}],"wp:attachment":[{"href":"https:\/\/przylep.edu.pl\/przedszkole\/wp-json\/wp\/v2\/media?parent=6754"}],"wp:term":[{"taxonomy":"category","embeddable":true,"href":"https:\/\/przylep.edu.pl\/przedszkole\/wp-json\/wp\/v2\/categories?post=6754"},{"taxonomy":"post_tag","embeddable":true,"href":"https:\/\/przylep.edu.pl\/przedszkole\/wp-json\/wp\/v2\/tags?post=6754"}],"curies":[{"name":"wp","href":"https:\/\/api.w.org\/{rel}","templated":true}]}}