{"id":6752,"date":"2021-11-25T13:56:00","date_gmt":"2021-11-25T12:56:00","guid":{"rendered":"https:\/\/przylep.edu.pl\/przedszkole\/?p=6752"},"modified":"2021-12-05T14:57:56","modified_gmt":"2021-12-05T13:57:56","slug":"dzien-kolorowych-kredek-w-obiektywie","status":"publish","type":"post","link":"https:\/\/przylep.edu.pl\/przedszkole\/2021\/11\/25\/dzien-kolorowych-kredek-w-obiektywie\/","title":{"rendered":"Dzie\u0144 Kolorowych Kredek w obiektywie"},"content":{"rendered":"\n<p>22 listopada \u015bwi\u0119towali\u015bmy w naszym przedszkolu Dzie\u0144 Kredki.  Na pocz\u0105tku dzieci  wsp\u00f3lnie dyskutowa\u0142y do  czego s\u0142u\u017c\u0105 kredki i dlaczego s\u0105 nam potrzebne.  Nast\u0119pnie pozna\u0142y r\u00f3\u017cne rodzaje kredek, segregowa\u0142y i klasyfikowa\u0142y ze wzgl\u0119du na wielko\u015bci i kolor.  Kredki pos\u0142u\u017cy\u0142y nam r\u00f3wnie\u017c do  zaj\u0119\u0107 matematycznych. Przedszkolaki dowiedzia\u0142y si\u0119, \u017ce istniej\u0105 jeszcze specjalne kredki potrzebne mamom i babciom do malowania twarzy.  Na koniec wszyscy razem stwierdzili, \u017ce bez kredek \u015bwiat by\u0142by szary i smutny. <\/p>\n\n\n\n<figure class=\"wp-block-gallery columns-3 is-cropped wp-block-gallery-1 is-layout-flex wp-block-gallery-is-layout-flex\"><ul class=\"blocks-gallery-grid\"><li class=\"blocks-gallery-item\"><figure><img loading=\"lazy\" decoding=\"async\" width=\"1024\" height=\"577\" src=\"https:\/\/przylep.edu.pl\/przedszkole\/wp-content\/uploads\/2021\/12\/258870146_930367081242586_1337417618178088517_n-1024x577.jpg\" alt=\"\" data-id=\"6787\" data-full-url=\"https:\/\/przylep.edu.pl\/przedszkole\/wp-content\/uploads\/2021\/12\/258870146_930367081242586_1337417618178088517_n.jpg\" data-link=\"https:\/\/przylep.edu.pl\/przedszkole\/?attachment_id=6787\" class=\"wp-image-6787\" srcset=\"https:\/\/przylep.edu.pl\/przedszkole\/wp-content\/uploads\/2021\/12\/258870146_930367081242586_1337417618178088517_n-1024x577.jpg 1024w, https:\/\/przylep.edu.pl\/przedszkole\/wp-content\/uploads\/2021\/12\/258870146_930367081242586_1337417618178088517_n-300x169.jpg 300w, https:\/\/przylep.edu.pl\/przedszkole\/wp-content\/uploads\/2021\/12\/258870146_930367081242586_1337417618178088517_n-768x432.jpg 768w, https:\/\/przylep.edu.pl\/przedszkole\/wp-content\/uploads\/2021\/12\/258870146_930367081242586_1337417618178088517_n-1536x865.jpg 1536w, https:\/\/przylep.edu.pl\/przedszkole\/wp-content\/uploads\/2021\/12\/258870146_930367081242586_1337417618178088517_n.jpg 2000w\" sizes=\"auto, (max-width: 1024px) 100vw, 1024px\" \/><\/figure><\/li><li class=\"blocks-gallery-item\"><figure><img loading=\"lazy\" decoding=\"async\" width=\"576\" height=\"1024\" src=\"https:\/\/przylep.edu.pl\/przedszkole\/wp-content\/uploads\/2021\/12\/258881412_1112280119578647_8833882997464274611_n-576x1024.jpg\" alt=\"\" data-id=\"6788\" data-full-url=\"https:\/\/przylep.edu.pl\/przedszkole\/wp-content\/uploads\/2021\/12\/258881412_1112280119578647_8833882997464274611_n.jpg\" data-link=\"https:\/\/przylep.edu.pl\/przedszkole\/?attachment_id=6788\" class=\"wp-image-6788\" srcset=\"https:\/\/przylep.edu.pl\/przedszkole\/wp-content\/uploads\/2021\/12\/258881412_1112280119578647_8833882997464274611_n-576x1024.jpg 576w, https:\/\/przylep.edu.pl\/przedszkole\/wp-content\/uploads\/2021\/12\/258881412_1112280119578647_8833882997464274611_n-169x300.jpg 169w, https:\/\/przylep.edu.pl\/przedszkole\/wp-content\/uploads\/2021\/12\/258881412_1112280119578647_8833882997464274611_n-768x1364.jpg 768w, https:\/\/przylep.edu.pl\/przedszkole\/wp-content\/uploads\/2021\/12\/258881412_1112280119578647_8833882997464274611_n-865x1536.jpg 865w, https:\/\/przylep.edu.pl\/przedszkole\/wp-content\/uploads\/2021\/12\/258881412_1112280119578647_8833882997464274611_n.jpg 976w\" sizes=\"auto, (max-width: 576px) 100vw, 576px\" \/><\/figure><\/li><li class=\"blocks-gallery-item\"><figure><img loading=\"lazy\" decoding=\"async\" width=\"1024\" height=\"577\" src=\"https:\/\/przylep.edu.pl\/przedszkole\/wp-content\/uploads\/2021\/12\/258881559_484135332881914_6614966970335501661_n-1024x577.jpg\" alt=\"\" data-id=\"6789\" data-full-url=\"https:\/\/przylep.edu.pl\/przedszkole\/wp-content\/uploads\/2021\/12\/258881559_484135332881914_6614966970335501661_n.jpg\" data-link=\"https:\/\/przylep.edu.pl\/przedszkole\/?attachment_id=6789\" class=\"wp-image-6789\" srcset=\"https:\/\/przylep.edu.pl\/przedszkole\/wp-content\/uploads\/2021\/12\/258881559_484135332881914_6614966970335501661_n-1024x577.jpg 1024w, https:\/\/przylep.edu.pl\/przedszkole\/wp-content\/uploads\/2021\/12\/258881559_484135332881914_6614966970335501661_n-300x169.jpg 300w, https:\/\/przylep.edu.pl\/przedszkole\/wp-content\/uploads\/2021\/12\/258881559_484135332881914_6614966970335501661_n-768x432.jpg 768w, https:\/\/przylep.edu.pl\/przedszkole\/wp-content\/uploads\/2021\/12\/258881559_484135332881914_6614966970335501661_n-1536x865.jpg 1536w, https:\/\/przylep.edu.pl\/przedszkole\/wp-content\/uploads\/2021\/12\/258881559_484135332881914_6614966970335501661_n.jpg 2000w\" sizes=\"auto, (max-width: 1024px) 100vw, 1024px\" \/><\/figure><\/li><li class=\"blocks-gallery-item\"><figure><img loading=\"lazy\" decoding=\"async\" width=\"576\" height=\"1024\" src=\"https:\/\/przylep.edu.pl\/przedszkole\/wp-content\/uploads\/2021\/12\/259101198_1851634625044867_5944283854563051306_n-576x1024.jpg\" alt=\"\" data-id=\"6790\" data-full-url=\"https:\/\/przylep.edu.pl\/przedszkole\/wp-content\/uploads\/2021\/12\/259101198_1851634625044867_5944283854563051306_n.jpg\" data-link=\"https:\/\/przylep.edu.pl\/przedszkole\/?attachment_id=6790\" class=\"wp-image-6790\" srcset=\"https:\/\/przylep.edu.pl\/przedszkole\/wp-content\/uploads\/2021\/12\/259101198_1851634625044867_5944283854563051306_n-576x1024.jpg 576w, https:\/\/przylep.edu.pl\/przedszkole\/wp-content\/uploads\/2021\/12\/259101198_1851634625044867_5944283854563051306_n-169x300.jpg 169w, https:\/\/przylep.edu.pl\/przedszkole\/wp-content\/uploads\/2021\/12\/259101198_1851634625044867_5944283854563051306_n-768x1364.jpg 768w, https:\/\/przylep.edu.pl\/przedszkole\/wp-content\/uploads\/2021\/12\/259101198_1851634625044867_5944283854563051306_n-865x1536.jpg 865w, https:\/\/przylep.edu.pl\/przedszkole\/wp-content\/uploads\/2021\/12\/259101198_1851634625044867_5944283854563051306_n.jpg 976w\" sizes=\"auto, (max-width: 576px) 100vw, 576px\" \/><\/figure><\/li><li class=\"blocks-gallery-item\"><figure><img loading=\"lazy\" decoding=\"async\" width=\"1024\" height=\"577\" src=\"https:\/\/przylep.edu.pl\/przedszkole\/wp-content\/uploads\/2021\/12\/259876303_1214197815758127_5370533956649020507_n-1024x577.jpg\" alt=\"\" data-id=\"6791\" data-full-url=\"https:\/\/przylep.edu.pl\/przedszkole\/wp-content\/uploads\/2021\/12\/259876303_1214197815758127_5370533956649020507_n.jpg\" data-link=\"https:\/\/przylep.edu.pl\/przedszkole\/?attachment_id=6791\" class=\"wp-image-6791\" srcset=\"https:\/\/przylep.edu.pl\/przedszkole\/wp-content\/uploads\/2021\/12\/259876303_1214197815758127_5370533956649020507_n-1024x577.jpg 1024w, https:\/\/przylep.edu.pl\/przedszkole\/wp-content\/uploads\/2021\/12\/259876303_1214197815758127_5370533956649020507_n-300x169.jpg 300w, https:\/\/przylep.edu.pl\/przedszkole\/wp-content\/uploads\/2021\/12\/259876303_1214197815758127_5370533956649020507_n-768x433.jpg 768w, https:\/\/przylep.edu.pl\/przedszkole\/wp-content\/uploads\/2021\/12\/259876303_1214197815758127_5370533956649020507_n-1536x865.jpg 1536w, https:\/\/przylep.edu.pl\/przedszkole\/wp-content\/uploads\/2021\/12\/259876303_1214197815758127_5370533956649020507_n.jpg 1734w\" sizes=\"auto, (max-width: 1024px) 100vw, 1024px\" \/><\/figure><\/li><li class=\"blocks-gallery-item\"><figure><img loading=\"lazy\" decoding=\"async\" width=\"960\" height=\"720\" src=\"https:\/\/przylep.edu.pl\/przedszkole\/wp-content\/uploads\/2021\/12\/262513652_1050538835766829_2723644321968766302_n.jpg\" alt=\"\" data-id=\"6792\" data-full-url=\"https:\/\/przylep.edu.pl\/przedszkole\/wp-content\/uploads\/2021\/12\/262513652_1050538835766829_2723644321968766302_n.jpg\" data-link=\"https:\/\/przylep.edu.pl\/przedszkole\/?attachment_id=6792\" class=\"wp-image-6792\" srcset=\"https:\/\/przylep.edu.pl\/przedszkole\/wp-content\/uploads\/2021\/12\/262513652_1050538835766829_2723644321968766302_n.jpg 960w, https:\/\/przylep.edu.pl\/przedszkole\/wp-content\/uploads\/2021\/12\/262513652_1050538835766829_2723644321968766302_n-300x225.jpg 300w, https:\/\/przylep.edu.pl\/przedszkole\/wp-content\/uploads\/2021\/12\/262513652_1050538835766829_2723644321968766302_n-768x576.jpg 768w, https:\/\/przylep.edu.pl\/przedszkole\/wp-content\/uploads\/2021\/12\/262513652_1050538835766829_2723644321968766302_n-600x450.jpg 600w\" sizes=\"auto, (max-width: 960px) 100vw, 960px\" \/><\/figure><\/li><li class=\"blocks-gallery-item\"><figure><img loading=\"lazy\" decoding=\"async\" width=\"960\" height=\"720\" src=\"https:\/\/przylep.edu.pl\/przedszkole\/wp-content\/uploads\/2021\/12\/262693938_435268068275028_4303324286393943504_n.jpg\" alt=\"\" data-id=\"6793\" data-full-url=\"https:\/\/przylep.edu.pl\/przedszkole\/wp-content\/uploads\/2021\/12\/262693938_435268068275028_4303324286393943504_n.jpg\" data-link=\"https:\/\/przylep.edu.pl\/przedszkole\/?attachment_id=6793\" class=\"wp-image-6793\" srcset=\"https:\/\/przylep.edu.pl\/przedszkole\/wp-content\/uploads\/2021\/12\/262693938_435268068275028_4303324286393943504_n.jpg 960w, https:\/\/przylep.edu.pl\/przedszkole\/wp-content\/uploads\/2021\/12\/262693938_435268068275028_4303324286393943504_n-300x225.jpg 300w, https:\/\/przylep.edu.pl\/przedszkole\/wp-content\/uploads\/2021\/12\/262693938_435268068275028_4303324286393943504_n-768x576.jpg 768w, https:\/\/przylep.edu.pl\/przedszkole\/wp-content\/uploads\/2021\/12\/262693938_435268068275028_4303324286393943504_n-600x450.jpg 600w\" sizes=\"auto, (max-width: 960px) 100vw, 960px\" \/><\/figure><\/li><\/ul><\/figure>\n\n\n\n<p><\/p>\n","protected":false},"excerpt":{"rendered":"<p>22 listopada \u015bwi\u0119towali\u015bmy w naszym przedszkolu Dzie\u0144 Kredki. Na pocz\u0105tku dzieci wsp\u00f3lnie dyskutowa\u0142y do czego s\u0142u\u017c\u0105 kredki i dlaczego s\u0105 nam potrzebne. Nast\u0119pnie pozna\u0142y r\u00f3\u017cne rodzaje kredek, segregowa\u0142y i klasyfikowa\u0142y ze wzgl\u0119du na wielko\u015bci i kolor. Kredki pos\u0142u\u017cy\u0142y nam r\u00f3wnie\u017c do zaj\u0119\u0107 matematycznych. Przedszkolaki dowiedzia\u0142y si\u0119, \u017ce istniej\u0105 jeszcze specjalne kredki potrzebne mamom i babciom [&hellip;]<\/p>\n","protected":false},"author":2,"featured_media":6794,"comment_status":"closed","ping_status":"open","sticky":false,"template":"","format":"standard","meta":{"footnotes":""},"categories":[45,40],"tags":[],"class_list":["post-6752","post","type-post","status-publish","format-standard","has-post-thumbnail","hentry","category-aktualnosci","category-strona-glowna"],"_links":{"self":[{"href":"https:\/\/przylep.edu.pl\/przedszkole\/wp-json\/wp\/v2\/posts\/6752","targetHints":{"allow":["GET"]}}],"collection":[{"href":"https:\/\/przylep.edu.pl\/przedszkole\/wp-json\/wp\/v2\/posts"}],"about":[{"href":"https:\/\/przylep.edu.pl\/przedszkole\/wp-json\/wp\/v2\/types\/post"}],"author":[{"embeddable":true,"href":"https:\/\/przylep.edu.pl\/przedszkole\/wp-json\/wp\/v2\/users\/2"}],"replies":[{"embeddable":true,"href":"https:\/\/przylep.edu.pl\/przedszkole\/wp-json\/wp\/v2\/comments?post=6752"}],"version-history":[{"count":2,"href":"https:\/\/przylep.edu.pl\/przedszkole\/wp-json\/wp\/v2\/posts\/6752\/revisions"}],"predecessor-version":[{"id":6795,"href":"https:\/\/przylep.edu.pl\/przedszkole\/wp-json\/wp\/v2\/posts\/6752\/revisions\/6795"}],"wp:featuredmedia":[{"embeddable":true,"href":"https:\/\/przylep.edu.pl\/przedszkole\/wp-json\/wp\/v2\/media\/6794"}],"wp:attachment":[{"href":"https:\/\/przylep.edu.pl\/przedszkole\/wp-json\/wp\/v2\/media?parent=6752"}],"wp:term":[{"taxonomy":"category","embeddable":true,"href":"https:\/\/przylep.edu.pl\/przedszkole\/wp-json\/wp\/v2\/categories?post=6752"},{"taxonomy":"post_tag","embeddable":true,"href":"https:\/\/przylep.edu.pl\/przedszkole\/wp-json\/wp\/v2\/tags?post=6752"}],"curies":[{"name":"wp","href":"https:\/\/api.w.org\/{rel}","templated":true}]}}