{"id":6744,"date":"2021-11-19T20:20:00","date_gmt":"2021-11-19T19:20:00","guid":{"rendered":"https:\/\/przylep.edu.pl\/przedszkole\/?p=6744"},"modified":"2021-12-05T10:46:35","modified_gmt":"2021-12-05T09:46:35","slug":"pasowanie-na-przedszkolaka-2","status":"publish","type":"post","link":"https:\/\/przylep.edu.pl\/przedszkole\/2021\/11\/19\/pasowanie-na-przedszkolaka-2\/","title":{"rendered":"Pasowanie na Przedszkolaka"},"content":{"rendered":"\n<p>Dzieci 3 i 4 -letnie ucz\u0119szczaj\u0105ce do naszego przedszkola maj\u0105 ju\u017c za sob\u0105 niezwykle wa\u017cn\u0105 uroczysto\u015b\u0107 jak\u0105 bez w\u0105tpienia by\u0142o\u00a0<strong>Pasowanie na Przedszkolaka<\/strong>, kt\u00f3re odby\u0142o si\u0119 17 listopada. Wydarzenie to zazwyczaj jest zwie\u0144czeniem procesu adaptacji do przedszkola. <\/p>\n\n\n\n<p>Pani Dyrektor za pomoc\u0105 czarodziejskiego o\u0142\u00f3wka dokona\u0142a uroczystego \u201eAktu pasowania&#8221;. Nie zabrak\u0142o dyplom\u00f3w i prezent\u00f3w dla ka\u017cdego przedszkolaka. Nast\u0119pnie dzieci z grupy 5 \u2013 latk\u00f3w przedstawi\u0142y kr\u00f3tki program dla m\u0142odszych koleg\u00f3w.\u00a0Na pewno by\u0142 to niezapomniany dzie\u0144, pe\u0142en emocji i mi\u0142ych wra\u017ce\u0144 zar\u00f3wno dla dzieci, rodzic\u00f3w jak i nauczycieli. <\/p>\n\n\n\n<figure class=\"wp-block-gallery columns-0 is-cropped wp-block-gallery-1 is-layout-flex wp-block-gallery-is-layout-flex\"><ul class=\"blocks-gallery-grid\"><\/ul><\/figure>\n\n\n\n<figure class=\"wp-block-gallery columns-3 is-cropped wp-block-gallery-2 is-layout-flex wp-block-gallery-is-layout-flex\"><ul class=\"blocks-gallery-grid\"><li class=\"blocks-gallery-item\"><figure><img loading=\"lazy\" decoding=\"async\" width=\"528\" height=\"960\" src=\"https:\/\/przylep.edu.pl\/przedszkole\/wp-content\/uploads\/2021\/12\/258477239_2745171649121147_7713354031467124080_n.jpg\" alt=\"\" data-id=\"6767\" data-full-url=\"https:\/\/przylep.edu.pl\/przedszkole\/wp-content\/uploads\/2021\/12\/258477239_2745171649121147_7713354031467124080_n.jpg\" data-link=\"https:\/\/przylep.edu.pl\/przedszkole\/?attachment_id=6767\" class=\"wp-image-6767\" srcset=\"https:\/\/przylep.edu.pl\/przedszkole\/wp-content\/uploads\/2021\/12\/258477239_2745171649121147_7713354031467124080_n.jpg 528w, https:\/\/przylep.edu.pl\/przedszkole\/wp-content\/uploads\/2021\/12\/258477239_2745171649121147_7713354031467124080_n-165x300.jpg 165w\" sizes=\"auto, (max-width: 528px) 100vw, 528px\" \/><\/figure><\/li><li class=\"blocks-gallery-item\"><figure><img loading=\"lazy\" decoding=\"async\" width=\"720\" height=\"960\" src=\"https:\/\/przylep.edu.pl\/przedszkole\/wp-content\/uploads\/2021\/12\/258516847_589464988953584_1868692378961763465_n.jpg\" alt=\"\" data-id=\"6768\" data-full-url=\"https:\/\/przylep.edu.pl\/przedszkole\/wp-content\/uploads\/2021\/12\/258516847_589464988953584_1868692378961763465_n.jpg\" data-link=\"https:\/\/przylep.edu.pl\/przedszkole\/?attachment_id=6768\" class=\"wp-image-6768\" srcset=\"https:\/\/przylep.edu.pl\/przedszkole\/wp-content\/uploads\/2021\/12\/258516847_589464988953584_1868692378961763465_n.jpg 720w, https:\/\/przylep.edu.pl\/przedszkole\/wp-content\/uploads\/2021\/12\/258516847_589464988953584_1868692378961763465_n-225x300.jpg 225w\" sizes=\"auto, (max-width: 720px) 100vw, 720px\" \/><\/figure><\/li><li class=\"blocks-gallery-item\"><figure><img loading=\"lazy\" decoding=\"async\" width=\"960\" height=\"541\" src=\"https:\/\/przylep.edu.pl\/przedszkole\/wp-content\/uploads\/2021\/12\/258722857_4427524480616575_5097446919333876871_n.jpg\" alt=\"\" data-id=\"6769\" data-full-url=\"https:\/\/przylep.edu.pl\/przedszkole\/wp-content\/uploads\/2021\/12\/258722857_4427524480616575_5097446919333876871_n.jpg\" data-link=\"https:\/\/przylep.edu.pl\/przedszkole\/?attachment_id=6769\" class=\"wp-image-6769\" srcset=\"https:\/\/przylep.edu.pl\/przedszkole\/wp-content\/uploads\/2021\/12\/258722857_4427524480616575_5097446919333876871_n.jpg 960w, https:\/\/przylep.edu.pl\/przedszkole\/wp-content\/uploads\/2021\/12\/258722857_4427524480616575_5097446919333876871_n-300x169.jpg 300w, https:\/\/przylep.edu.pl\/przedszkole\/wp-content\/uploads\/2021\/12\/258722857_4427524480616575_5097446919333876871_n-768x433.jpg 768w\" sizes=\"auto, (max-width: 960px) 100vw, 960px\" \/><\/figure><\/li><li class=\"blocks-gallery-item\"><figure><img loading=\"lazy\" decoding=\"async\" width=\"960\" height=\"541\" src=\"https:\/\/przylep.edu.pl\/przedszkole\/wp-content\/uploads\/2021\/12\/258879374_875421733166977_6385284176776904419_n.jpg\" alt=\"\" data-id=\"6770\" data-full-url=\"https:\/\/przylep.edu.pl\/przedszkole\/wp-content\/uploads\/2021\/12\/258879374_875421733166977_6385284176776904419_n.jpg\" data-link=\"https:\/\/przylep.edu.pl\/przedszkole\/?attachment_id=6770\" class=\"wp-image-6770\" srcset=\"https:\/\/przylep.edu.pl\/przedszkole\/wp-content\/uploads\/2021\/12\/258879374_875421733166977_6385284176776904419_n.jpg 960w, https:\/\/przylep.edu.pl\/przedszkole\/wp-content\/uploads\/2021\/12\/258879374_875421733166977_6385284176776904419_n-300x169.jpg 300w, https:\/\/przylep.edu.pl\/przedszkole\/wp-content\/uploads\/2021\/12\/258879374_875421733166977_6385284176776904419_n-768x433.jpg 768w\" sizes=\"auto, (max-width: 960px) 100vw, 960px\" \/><\/figure><\/li><li class=\"blocks-gallery-item\"><figure><img loading=\"lazy\" decoding=\"async\" width=\"960\" height=\"720\" src=\"https:\/\/przylep.edu.pl\/przedszkole\/wp-content\/uploads\/2021\/12\/258882783_415434746741035_5722720120933090460_n.jpg\" alt=\"\" data-id=\"6771\" data-full-url=\"https:\/\/przylep.edu.pl\/przedszkole\/wp-content\/uploads\/2021\/12\/258882783_415434746741035_5722720120933090460_n.jpg\" data-link=\"https:\/\/przylep.edu.pl\/przedszkole\/?attachment_id=6771\" class=\"wp-image-6771\" srcset=\"https:\/\/przylep.edu.pl\/przedszkole\/wp-content\/uploads\/2021\/12\/258882783_415434746741035_5722720120933090460_n.jpg 960w, https:\/\/przylep.edu.pl\/przedszkole\/wp-content\/uploads\/2021\/12\/258882783_415434746741035_5722720120933090460_n-300x225.jpg 300w, https:\/\/przylep.edu.pl\/przedszkole\/wp-content\/uploads\/2021\/12\/258882783_415434746741035_5722720120933090460_n-768x576.jpg 768w, https:\/\/przylep.edu.pl\/przedszkole\/wp-content\/uploads\/2021\/12\/258882783_415434746741035_5722720120933090460_n-600x450.jpg 600w\" sizes=\"auto, (max-width: 960px) 100vw, 960px\" \/><\/figure><\/li><li class=\"blocks-gallery-item\"><figure><img loading=\"lazy\" decoding=\"async\" width=\"720\" height=\"960\" src=\"https:\/\/przylep.edu.pl\/przedszkole\/wp-content\/uploads\/2021\/12\/259027513_1081673339234109_26225472638100212_n.jpg\" alt=\"\" data-id=\"6772\" data-full-url=\"https:\/\/przylep.edu.pl\/przedszkole\/wp-content\/uploads\/2021\/12\/259027513_1081673339234109_26225472638100212_n.jpg\" data-link=\"https:\/\/przylep.edu.pl\/przedszkole\/?attachment_id=6772\" class=\"wp-image-6772\" srcset=\"https:\/\/przylep.edu.pl\/przedszkole\/wp-content\/uploads\/2021\/12\/259027513_1081673339234109_26225472638100212_n.jpg 720w, https:\/\/przylep.edu.pl\/przedszkole\/wp-content\/uploads\/2021\/12\/259027513_1081673339234109_26225472638100212_n-225x300.jpg 225w\" sizes=\"auto, (max-width: 720px) 100vw, 720px\" \/><\/figure><\/li><li class=\"blocks-gallery-item\"><figure><img loading=\"lazy\" decoding=\"async\" width=\"960\" height=\"541\" src=\"https:\/\/przylep.edu.pl\/przedszkole\/wp-content\/uploads\/2021\/12\/259088697_630245887992435_8202667200279095828_n.jpg\" alt=\"\" data-id=\"6773\" data-full-url=\"https:\/\/przylep.edu.pl\/przedszkole\/wp-content\/uploads\/2021\/12\/259088697_630245887992435_8202667200279095828_n.jpg\" data-link=\"https:\/\/przylep.edu.pl\/przedszkole\/?attachment_id=6773\" class=\"wp-image-6773\" srcset=\"https:\/\/przylep.edu.pl\/przedszkole\/wp-content\/uploads\/2021\/12\/259088697_630245887992435_8202667200279095828_n.jpg 960w, https:\/\/przylep.edu.pl\/przedszkole\/wp-content\/uploads\/2021\/12\/259088697_630245887992435_8202667200279095828_n-300x169.jpg 300w, https:\/\/przylep.edu.pl\/przedszkole\/wp-content\/uploads\/2021\/12\/259088697_630245887992435_8202667200279095828_n-768x433.jpg 768w\" sizes=\"auto, (max-width: 960px) 100vw, 960px\" \/><\/figure><\/li><li class=\"blocks-gallery-item\"><figure><img loading=\"lazy\" decoding=\"async\" width=\"720\" height=\"960\" src=\"https:\/\/przylep.edu.pl\/przedszkole\/wp-content\/uploads\/2021\/12\/259514551_2082014272253566_773804961092790732_n.jpg\" alt=\"\" data-id=\"6774\" data-full-url=\"https:\/\/przylep.edu.pl\/przedszkole\/wp-content\/uploads\/2021\/12\/259514551_2082014272253566_773804961092790732_n.jpg\" data-link=\"https:\/\/przylep.edu.pl\/przedszkole\/?attachment_id=6774\" class=\"wp-image-6774\" srcset=\"https:\/\/przylep.edu.pl\/przedszkole\/wp-content\/uploads\/2021\/12\/259514551_2082014272253566_773804961092790732_n.jpg 720w, https:\/\/przylep.edu.pl\/przedszkole\/wp-content\/uploads\/2021\/12\/259514551_2082014272253566_773804961092790732_n-225x300.jpg 225w\" sizes=\"auto, (max-width: 720px) 100vw, 720px\" \/><\/figure><\/li><\/ul><\/figure>\n","protected":false},"excerpt":{"rendered":"<p>Dzieci 3 i 4 -letnie ucz\u0119szczaj\u0105ce do naszego przedszkola maj\u0105 ju\u017c za sob\u0105 niezwykle wa\u017cn\u0105 uroczysto\u015b\u0107 jak\u0105 bez w\u0105tpienia by\u0142o\u00a0Pasowanie na Przedszkolaka, kt\u00f3re odby\u0142o si\u0119 17 listopada. Wydarzenie to zazwyczaj jest zwie\u0144czeniem procesu adaptacji do przedszkola. Pani Dyrektor za pomoc\u0105 czarodziejskiego o\u0142\u00f3wka dokona\u0142a uroczystego \u201eAktu pasowania&#8221;. Nie zabrak\u0142o dyplom\u00f3w i prezent\u00f3w dla ka\u017cdego przedszkolaka. Nast\u0119pnie [&hellip;]<\/p>\n","protected":false},"author":2,"featured_media":6775,"comment_status":"closed","ping_status":"open","sticky":false,"template":"","format":"standard","meta":{"footnotes":""},"categories":[45,40],"tags":[],"class_list":["post-6744","post","type-post","status-publish","format-standard","has-post-thumbnail","hentry","category-aktualnosci","category-strona-glowna"],"_links":{"self":[{"href":"https:\/\/przylep.edu.pl\/przedszkole\/wp-json\/wp\/v2\/posts\/6744","targetHints":{"allow":["GET"]}}],"collection":[{"href":"https:\/\/przylep.edu.pl\/przedszkole\/wp-json\/wp\/v2\/posts"}],"about":[{"href":"https:\/\/przylep.edu.pl\/przedszkole\/wp-json\/wp\/v2\/types\/post"}],"author":[{"embeddable":true,"href":"https:\/\/przylep.edu.pl\/przedszkole\/wp-json\/wp\/v2\/users\/2"}],"replies":[{"embeddable":true,"href":"https:\/\/przylep.edu.pl\/przedszkole\/wp-json\/wp\/v2\/comments?post=6744"}],"version-history":[{"count":1,"href":"https:\/\/przylep.edu.pl\/przedszkole\/wp-json\/wp\/v2\/posts\/6744\/revisions"}],"predecessor-version":[{"id":6776,"href":"https:\/\/przylep.edu.pl\/przedszkole\/wp-json\/wp\/v2\/posts\/6744\/revisions\/6776"}],"wp:featuredmedia":[{"embeddable":true,"href":"https:\/\/przylep.edu.pl\/przedszkole\/wp-json\/wp\/v2\/media\/6775"}],"wp:attachment":[{"href":"https:\/\/przylep.edu.pl\/przedszkole\/wp-json\/wp\/v2\/media?parent=6744"}],"wp:term":[{"taxonomy":"category","embeddable":true,"href":"https:\/\/przylep.edu.pl\/przedszkole\/wp-json\/wp\/v2\/categories?post=6744"},{"taxonomy":"post_tag","embeddable":true,"href":"https:\/\/przylep.edu.pl\/przedszkole\/wp-json\/wp\/v2\/tags?post=6744"}],"curies":[{"name":"wp","href":"https:\/\/api.w.org\/{rel}","templated":true}]}}