{"id":6732,"date":"2021-11-07T11:39:00","date_gmt":"2021-11-07T10:39:00","guid":{"rendered":"https:\/\/przylep.edu.pl\/przedszkole\/?p=6732"},"modified":"2021-11-21T11:54:45","modified_gmt":"2021-11-21T10:54:45","slug":"bajkowy-dzien-w-przylepie","status":"publish","type":"post","link":"https:\/\/przylep.edu.pl\/przedszkole\/2021\/11\/07\/bajkowy-dzien-w-przylepie\/","title":{"rendered":"Bajkowy dzie\u0144 w Przylepie"},"content":{"rendered":"\n<p>5 listopada przypada jedno z najsympatyczniejszych \u015bwi\u0105t mianowicie Mi\u0119dzynarodowy Dzie\u0144 Postaci z Bajek. Jego celem jest nie tylko przypomnienie kultowych bohater\u00f3w literackich, ale r\u00f3wnie\u017c zwr\u00f3cenie uwagi na rol\u0119 wychowawcz\u0105 i edukacyjn\u0105 dobrych bajek. Bajkowi bohaterzy towarzysz\u0105 nam od najm\u0142odszych lat przekazuj\u0105c wa\u017cne \u017cyciowe prawdy. Warto\u015bciowe ksi\u0105\u017cki kszta\u0142c\u0105 w dzieciach odpowiednie postawy moralne, rozwijaj\u0105 dzieci\u0119c\u0105 fantazj\u0119, pami\u0119\u0107, bogac\u0105 s\u0142ownictwo. Cz\u0119sto ucz\u0105 rozr\u00f3\u017cniania dobra od z\u0142a, oraz prawid\u0142owych postaw, kole\u017ce\u0144stwa, ch\u0119ci niesienia pomocy innym, czy wsp\u00f3\u0142czucia. Pomagaj\u0105 pozna\u0107 prawd\u0119 o \u015bwiecie oraz oswajaj\u0105 dzieci\u0119ce l\u0119ki.<br>Wybrana data nie jest przypadkowa \u2013 to dzie\u0144 urodzin Walta Disney\u2019a, kt\u00f3ry magiczny \u015bwiat ba\u015bni przeni\u00f3s\u0142 na ekrany telewizor\u00f3w. <\/p>\n\n\n\n<p>Drodzy Rodzice \u2013 czytajmy naszym dzieciom:) <\/p>\n\n\n\n<figure class=\"wp-block-gallery columns-3 is-cropped wp-block-gallery-1 is-layout-flex wp-block-gallery-is-layout-flex\"><ul class=\"blocks-gallery-grid\"><li class=\"blocks-gallery-item\"><figure><img loading=\"lazy\" decoding=\"async\" width=\"960\" height=\"720\" src=\"https:\/\/przylep.edu.pl\/przedszkole\/wp-content\/uploads\/2021\/11\/252694790_4817634568282410_1005841464959009056_n.jpg\" alt=\"\" data-id=\"6733\" data-link=\"https:\/\/przylep.edu.pl\/przedszkole\/?attachment_id=6733\" class=\"wp-image-6733\" srcset=\"https:\/\/przylep.edu.pl\/przedszkole\/wp-content\/uploads\/2021\/11\/252694790_4817634568282410_1005841464959009056_n.jpg 960w, https:\/\/przylep.edu.pl\/przedszkole\/wp-content\/uploads\/2021\/11\/252694790_4817634568282410_1005841464959009056_n-300x225.jpg 300w, https:\/\/przylep.edu.pl\/przedszkole\/wp-content\/uploads\/2021\/11\/252694790_4817634568282410_1005841464959009056_n-768x576.jpg 768w, https:\/\/przylep.edu.pl\/przedszkole\/wp-content\/uploads\/2021\/11\/252694790_4817634568282410_1005841464959009056_n-600x450.jpg 600w\" sizes=\"auto, (max-width: 960px) 100vw, 960px\" \/><\/figure><\/li><li class=\"blocks-gallery-item\"><figure><img loading=\"lazy\" decoding=\"async\" width=\"960\" height=\"720\" src=\"https:\/\/przylep.edu.pl\/przedszkole\/wp-content\/uploads\/2021\/11\/253619884_4817638058282061_1621495021408587345_n.jpg\" alt=\"\" data-id=\"6734\" data-link=\"https:\/\/przylep.edu.pl\/przedszkole\/?attachment_id=6734\" class=\"wp-image-6734\" srcset=\"https:\/\/przylep.edu.pl\/przedszkole\/wp-content\/uploads\/2021\/11\/253619884_4817638058282061_1621495021408587345_n.jpg 960w, https:\/\/przylep.edu.pl\/przedszkole\/wp-content\/uploads\/2021\/11\/253619884_4817638058282061_1621495021408587345_n-300x225.jpg 300w, https:\/\/przylep.edu.pl\/przedszkole\/wp-content\/uploads\/2021\/11\/253619884_4817638058282061_1621495021408587345_n-768x576.jpg 768w, https:\/\/przylep.edu.pl\/przedszkole\/wp-content\/uploads\/2021\/11\/253619884_4817638058282061_1621495021408587345_n-600x450.jpg 600w\" sizes=\"auto, (max-width: 960px) 100vw, 960px\" \/><\/figure><\/li><li class=\"blocks-gallery-item\"><figure><img loading=\"lazy\" decoding=\"async\" width=\"960\" height=\"720\" src=\"https:\/\/przylep.edu.pl\/przedszkole\/wp-content\/uploads\/2021\/11\/252793422_694806821481057_7597568195495783916_n.jpg\" alt=\"\" data-id=\"6735\" data-link=\"https:\/\/przylep.edu.pl\/przedszkole\/?attachment_id=6735\" class=\"wp-image-6735\" srcset=\"https:\/\/przylep.edu.pl\/przedszkole\/wp-content\/uploads\/2021\/11\/252793422_694806821481057_7597568195495783916_n.jpg 960w, https:\/\/przylep.edu.pl\/przedszkole\/wp-content\/uploads\/2021\/11\/252793422_694806821481057_7597568195495783916_n-300x225.jpg 300w, https:\/\/przylep.edu.pl\/przedszkole\/wp-content\/uploads\/2021\/11\/252793422_694806821481057_7597568195495783916_n-768x576.jpg 768w, https:\/\/przylep.edu.pl\/przedszkole\/wp-content\/uploads\/2021\/11\/252793422_694806821481057_7597568195495783916_n-600x450.jpg 600w\" sizes=\"auto, (max-width: 960px) 100vw, 960px\" \/><\/figure><\/li><li class=\"blocks-gallery-item\"><figure><img loading=\"lazy\" decoding=\"async\" width=\"960\" height=\"720\" src=\"https:\/\/przylep.edu.pl\/przedszkole\/wp-content\/uploads\/2021\/11\/253219904_187254776901951_1090006854401864083_n.jpg\" alt=\"\" data-id=\"6736\" data-link=\"https:\/\/przylep.edu.pl\/przedszkole\/?attachment_id=6736\" class=\"wp-image-6736\" srcset=\"https:\/\/przylep.edu.pl\/przedszkole\/wp-content\/uploads\/2021\/11\/253219904_187254776901951_1090006854401864083_n.jpg 960w, https:\/\/przylep.edu.pl\/przedszkole\/wp-content\/uploads\/2021\/11\/253219904_187254776901951_1090006854401864083_n-300x225.jpg 300w, https:\/\/przylep.edu.pl\/przedszkole\/wp-content\/uploads\/2021\/11\/253219904_187254776901951_1090006854401864083_n-768x576.jpg 768w, https:\/\/przylep.edu.pl\/przedszkole\/wp-content\/uploads\/2021\/11\/253219904_187254776901951_1090006854401864083_n-600x450.jpg 600w\" sizes=\"auto, (max-width: 960px) 100vw, 960px\" \/><\/figure><\/li><li class=\"blocks-gallery-item\"><figure><img loading=\"lazy\" decoding=\"async\" width=\"960\" height=\"720\" src=\"https:\/\/przylep.edu.pl\/przedszkole\/wp-content\/uploads\/2021\/11\/253611641_647616086617580_3117208624218793141_n.jpg\" alt=\"\" data-id=\"6737\" data-link=\"https:\/\/przylep.edu.pl\/przedszkole\/?attachment_id=6737\" class=\"wp-image-6737\" srcset=\"https:\/\/przylep.edu.pl\/przedszkole\/wp-content\/uploads\/2021\/11\/253611641_647616086617580_3117208624218793141_n.jpg 960w, https:\/\/przylep.edu.pl\/przedszkole\/wp-content\/uploads\/2021\/11\/253611641_647616086617580_3117208624218793141_n-300x225.jpg 300w, https:\/\/przylep.edu.pl\/przedszkole\/wp-content\/uploads\/2021\/11\/253611641_647616086617580_3117208624218793141_n-768x576.jpg 768w, https:\/\/przylep.edu.pl\/przedszkole\/wp-content\/uploads\/2021\/11\/253611641_647616086617580_3117208624218793141_n-600x450.jpg 600w\" sizes=\"auto, (max-width: 960px) 100vw, 960px\" \/><\/figure><\/li><li class=\"blocks-gallery-item\"><figure><img loading=\"lazy\" decoding=\"async\" width=\"960\" height=\"720\" src=\"https:\/\/przylep.edu.pl\/przedszkole\/wp-content\/uploads\/2021\/11\/253806146_591557525303087_4160151920698154605_n.jpg\" alt=\"\" data-id=\"6738\" data-link=\"https:\/\/przylep.edu.pl\/przedszkole\/?attachment_id=6738\" class=\"wp-image-6738\" srcset=\"https:\/\/przylep.edu.pl\/przedszkole\/wp-content\/uploads\/2021\/11\/253806146_591557525303087_4160151920698154605_n.jpg 960w, https:\/\/przylep.edu.pl\/przedszkole\/wp-content\/uploads\/2021\/11\/253806146_591557525303087_4160151920698154605_n-300x225.jpg 300w, https:\/\/przylep.edu.pl\/przedszkole\/wp-content\/uploads\/2021\/11\/253806146_591557525303087_4160151920698154605_n-768x576.jpg 768w, https:\/\/przylep.edu.pl\/przedszkole\/wp-content\/uploads\/2021\/11\/253806146_591557525303087_4160151920698154605_n-600x450.jpg 600w\" sizes=\"auto, (max-width: 960px) 100vw, 960px\" \/><\/figure><\/li><li class=\"blocks-gallery-item\"><figure><img loading=\"lazy\" decoding=\"async\" width=\"960\" height=\"720\" src=\"https:\/\/przylep.edu.pl\/przedszkole\/wp-content\/uploads\/2021\/11\/254078227_416701043451669_5609701146618199439_n.jpg\" alt=\"\" data-id=\"6739\" data-link=\"https:\/\/przylep.edu.pl\/przedszkole\/?attachment_id=6739\" class=\"wp-image-6739\" srcset=\"https:\/\/przylep.edu.pl\/przedszkole\/wp-content\/uploads\/2021\/11\/254078227_416701043451669_5609701146618199439_n.jpg 960w, https:\/\/przylep.edu.pl\/przedszkole\/wp-content\/uploads\/2021\/11\/254078227_416701043451669_5609701146618199439_n-300x225.jpg 300w, https:\/\/przylep.edu.pl\/przedszkole\/wp-content\/uploads\/2021\/11\/254078227_416701043451669_5609701146618199439_n-768x576.jpg 768w, https:\/\/przylep.edu.pl\/przedszkole\/wp-content\/uploads\/2021\/11\/254078227_416701043451669_5609701146618199439_n-600x450.jpg 600w\" sizes=\"auto, (max-width: 960px) 100vw, 960px\" \/><\/figure><\/li><li class=\"blocks-gallery-item\"><figure><img loading=\"lazy\" decoding=\"async\" width=\"960\" height=\"720\" src=\"https:\/\/przylep.edu.pl\/przedszkole\/wp-content\/uploads\/2021\/11\/253542980_216880287219324_8730578674351684137_n.jpg\" alt=\"\" data-id=\"6740\" data-full-url=\"https:\/\/przylep.edu.pl\/przedszkole\/wp-content\/uploads\/2021\/11\/253542980_216880287219324_8730578674351684137_n.jpg\" data-link=\"https:\/\/przylep.edu.pl\/przedszkole\/?attachment_id=6740\" class=\"wp-image-6740\" srcset=\"https:\/\/przylep.edu.pl\/przedszkole\/wp-content\/uploads\/2021\/11\/253542980_216880287219324_8730578674351684137_n.jpg 960w, https:\/\/przylep.edu.pl\/przedszkole\/wp-content\/uploads\/2021\/11\/253542980_216880287219324_8730578674351684137_n-300x225.jpg 300w, https:\/\/przylep.edu.pl\/przedszkole\/wp-content\/uploads\/2021\/11\/253542980_216880287219324_8730578674351684137_n-768x576.jpg 768w, https:\/\/przylep.edu.pl\/przedszkole\/wp-content\/uploads\/2021\/11\/253542980_216880287219324_8730578674351684137_n-600x450.jpg 600w\" sizes=\"auto, (max-width: 960px) 100vw, 960px\" \/><\/figure><\/li><li class=\"blocks-gallery-item\"><figure><img loading=\"lazy\" decoding=\"async\" width=\"960\" height=\"720\" src=\"https:\/\/przylep.edu.pl\/przedszkole\/wp-content\/uploads\/2021\/11\/253611641_647616086617580_3117208624218793141_n-1.jpg\" alt=\"\" data-id=\"6741\" data-full-url=\"https:\/\/przylep.edu.pl\/przedszkole\/wp-content\/uploads\/2021\/11\/253611641_647616086617580_3117208624218793141_n-1.jpg\" data-link=\"https:\/\/przylep.edu.pl\/przedszkole\/?attachment_id=6741\" class=\"wp-image-6741\" srcset=\"https:\/\/przylep.edu.pl\/przedszkole\/wp-content\/uploads\/2021\/11\/253611641_647616086617580_3117208624218793141_n-1.jpg 960w, https:\/\/przylep.edu.pl\/przedszkole\/wp-content\/uploads\/2021\/11\/253611641_647616086617580_3117208624218793141_n-1-300x225.jpg 300w, https:\/\/przylep.edu.pl\/przedszkole\/wp-content\/uploads\/2021\/11\/253611641_647616086617580_3117208624218793141_n-1-768x576.jpg 768w, https:\/\/przylep.edu.pl\/przedszkole\/wp-content\/uploads\/2021\/11\/253611641_647616086617580_3117208624218793141_n-1-600x450.jpg 600w\" sizes=\"auto, (max-width: 960px) 100vw, 960px\" \/><\/figure><\/li><\/ul><\/figure>\n","protected":false},"excerpt":{"rendered":"<p>5 listopada przypada jedno z najsympatyczniejszych \u015bwi\u0105t mianowicie Mi\u0119dzynarodowy Dzie\u0144 Postaci z Bajek. Jego celem jest nie tylko przypomnienie kultowych bohater\u00f3w literackich, ale r\u00f3wnie\u017c zwr\u00f3cenie uwagi na rol\u0119 wychowawcz\u0105 i edukacyjn\u0105 dobrych bajek. Bajkowi bohaterzy towarzysz\u0105 nam od najm\u0142odszych lat przekazuj\u0105c wa\u017cne \u017cyciowe prawdy. Warto\u015bciowe ksi\u0105\u017cki kszta\u0142c\u0105 w dzieciach odpowiednie postawy moralne, rozwijaj\u0105 dzieci\u0119c\u0105 fantazj\u0119, [&hellip;]<\/p>\n","protected":false},"author":2,"featured_media":6742,"comment_status":"closed","ping_status":"open","sticky":false,"template":"","format":"standard","meta":{"footnotes":""},"categories":[45,40],"tags":[],"class_list":["post-6732","post","type-post","status-publish","format-standard","has-post-thumbnail","hentry","category-aktualnosci","category-strona-glowna"],"_links":{"self":[{"href":"https:\/\/przylep.edu.pl\/przedszkole\/wp-json\/wp\/v2\/posts\/6732","targetHints":{"allow":["GET"]}}],"collection":[{"href":"https:\/\/przylep.edu.pl\/przedszkole\/wp-json\/wp\/v2\/posts"}],"about":[{"href":"https:\/\/przylep.edu.pl\/przedszkole\/wp-json\/wp\/v2\/types\/post"}],"author":[{"embeddable":true,"href":"https:\/\/przylep.edu.pl\/przedszkole\/wp-json\/wp\/v2\/users\/2"}],"replies":[{"embeddable":true,"href":"https:\/\/przylep.edu.pl\/przedszkole\/wp-json\/wp\/v2\/comments?post=6732"}],"version-history":[{"count":1,"href":"https:\/\/przylep.edu.pl\/przedszkole\/wp-json\/wp\/v2\/posts\/6732\/revisions"}],"predecessor-version":[{"id":6743,"href":"https:\/\/przylep.edu.pl\/przedszkole\/wp-json\/wp\/v2\/posts\/6732\/revisions\/6743"}],"wp:featuredmedia":[{"embeddable":true,"href":"https:\/\/przylep.edu.pl\/przedszkole\/wp-json\/wp\/v2\/media\/6742"}],"wp:attachment":[{"href":"https:\/\/przylep.edu.pl\/przedszkole\/wp-json\/wp\/v2\/media?parent=6732"}],"wp:term":[{"taxonomy":"category","embeddable":true,"href":"https:\/\/przylep.edu.pl\/przedszkole\/wp-json\/wp\/v2\/categories?post=6732"},{"taxonomy":"post_tag","embeddable":true,"href":"https:\/\/przylep.edu.pl\/przedszkole\/wp-json\/wp\/v2\/tags?post=6732"}],"curies":[{"name":"wp","href":"https:\/\/api.w.org\/{rel}","templated":true}]}}