{"id":6710,"date":"2021-11-12T12:33:51","date_gmt":"2021-11-12T11:33:51","guid":{"rendered":"https:\/\/przylep.edu.pl\/przedszkole\/?p=6710"},"modified":"2021-11-17T08:32:59","modified_gmt":"2021-11-17T07:32:59","slug":"kiermasz-dla-olafa","status":"publish","type":"post","link":"https:\/\/przylep.edu.pl\/przedszkole\/2021\/11\/12\/kiermasz-dla-olafa\/","title":{"rendered":"Kiermasz dla Olafa"},"content":{"rendered":"\n<p>Z inicjatywy nauczycieli i rodzic\u00f3w Zesp\u00f3\u0142 Szkolno-Przedszkolny w Przylepie przy\u0142\u0105czy\u0142 si\u0119 do gminnej akcji pomocy Olafowi Malinowskiemu, kt\u00f3r\u0105 rozpocz\u0119\u0142y nauczycielki z Gminnego Przedszkola w Przec\u0142awiu. Wykonano plakaty m\u00f3wi\u0105ce o tym, \u017ce do akcji charytatywnej w\u0142\u0105czamy si\u0119 poprzez organizacj\u0119 Pchlego Targu oraz kawiarenki. Koordynatorami dzia\u0142a\u0144 by\u0142y Panie Aleksandra Bojko, kt\u00f3ra nawi\u0105za\u0142a kontakt z Pani\u0105 Monik\u0105 \u015amia\u0142kowsk\u0105 oraz Natalia Budner maj\u0105ca kontakt z Rad\u0105 Rodzic\u00f3w. Do wszystkich oddzia\u0142\u00f3w napisane zosta\u0142y pro\u015bby o przynoszenie zb\u0119dnych przedmiot\u00f3w, zabawek, ksi\u0105\u017cek, stroj\u00f3w.<\/p>\n\n\n\n<p> Pani Barbara Romankiewicz stworzy\u0142a na t\u0119 akcj\u0119 poni\u017cszy tekst:<\/p>\n\n\n\n<p><em>Przebiegamy przez kolejne tygodnie&#8230; Poniedzia\u0142ki niepostrze\u017cenie zamieniaj\u0105 si\u0119 w pi\u0105tki, a weekendy trwaj\u0105 tyle, co mrugni\u0119cie oczyma. Szybko zapinamy torb\u0119 na popo\u0142udniowy basen, dopijamy ch\u0142odn\u0105 kaw\u0119 zamglonego poranka i w po\u015bpiechu skradamy buziaka na do widzenia. Zerkamy ukradkiem na Nasze dzieci i my\u015blimy, kiedy ich buty wystarcz\u0105 na chwil\u0119 d\u0142u\u017cej. Martwi nas katar, co si\u0119 przeci\u0105ga i te st\u0142uczone na placu kolano. Tak niewiele&#8230;Tyle martwi\u0142o mam\u0119 Olafa. Dzi\u015b jej g\u0142ow\u0119 zaprz\u0105ta znacznie wi\u0119cej. Jej \u015bwiat z naszego-rozp\u0119dzonego, nagle zwolni\u0142 i zape\u0142ni\u0142 pustk\u0105 i niewiedz\u0105. Nieszcz\u0119\u015bciem, kt\u00f3re przysz\u0142o znik\u0105d i nie odpowiedzia\u0142o, kiedy odejdzie&#8230;<\/em><\/p>\n\n\n\n<p>Rodzice nie zawiedli. W ci\u0105gu trzech dni zaplecze socjalne u Pana wo\u017anego zosta\u0142o zape\u0142nione, podarowanymi z g\u0142\u0119bi serca, darami. Rada Rodzic\u00f3w organizowa\u0142a zaplecze kawiarenki oraz za\u0142o\u017cy\u0142a subkonto naszej plac\u00f3wki do g\u0142\u00f3wnej skarbonki <a rel=\"noreferrer noopener\" href=\"https:\/\/www.siepomaga.pl\/przylep\" target=\"_blank\">https:\/\/www.siepomaga.pl\/przylep<\/a> dla Olafa. Pchli targ z kawiarenk\u0105 dzia\u0142a\u0142 dwa dni. Serca i kieszenie naszych dzieci i ich rodzic\u00f3w otwar\u0142y si\u0119, mile nas zaskakuj\u0105c. Uda\u0142o si\u0119 zebra\u0107 5415 z\u0142 w plac\u00f3wce oraz 2785 z\u0142 (stan na 17.11.2021 r.) w skarbonce. Zaanga\u017cowanie wszystkich pracownik\u00f3w plac\u00f3wki, Rady Rodzic\u00f3w i Klubu M\u0142odego Wolontariusza kolejny raz pokazuje, \u017ce razem mo\u017cemy wi\u0119cej. Olafowi \u017cyczymy powrotu do zdrowia, Jego Mamie si\u0142y.<\/p>\n\n\n\n<figure class=\"wp-block-gallery columns-3 is-cropped wp-block-gallery-1 is-layout-flex wp-block-gallery-is-layout-flex\"><ul class=\"blocks-gallery-grid\"><li class=\"blocks-gallery-item\"><figure><img loading=\"lazy\" decoding=\"async\" width=\"720\" height=\"960\" src=\"https:\/\/przylep.edu.pl\/przedszkole\/wp-content\/uploads\/2021\/11\/185399219_3985078814873770_2266403603941823730_n.jpg\" alt=\"\" data-id=\"6711\" data-full-url=\"https:\/\/przylep.edu.pl\/przedszkole\/wp-content\/uploads\/2021\/11\/185399219_3985078814873770_2266403603941823730_n.jpg\" data-link=\"https:\/\/przylep.edu.pl\/przedszkole\/?attachment_id=6711\" class=\"wp-image-6711\" srcset=\"https:\/\/przylep.edu.pl\/przedszkole\/wp-content\/uploads\/2021\/11\/185399219_3985078814873770_2266403603941823730_n.jpg 720w, https:\/\/przylep.edu.pl\/przedszkole\/wp-content\/uploads\/2021\/11\/185399219_3985078814873770_2266403603941823730_n-225x300.jpg 225w\" sizes=\"auto, (max-width: 720px) 100vw, 720px\" \/><\/figure><\/li><li class=\"blocks-gallery-item\"><figure><img decoding=\"async\" src=\"https:\/\/przylep.edu.pl\/przedszkole\/wp-content\/uploads\/2021\/11\/253534832_4531101753653044_6714448604352541834_n-1024x768.jpg\" alt=\"\" data-id=\"6712\" data-full-url=\"https:\/\/przylep.edu.pl\/przedszkole\/wp-content\/uploads\/2021\/11\/253534832_4531101753653044_6714448604352541834_n.jpg\" data-link=\"https:\/\/przylep.edu.pl\/przedszkole\/?attachment_id=6712\" class=\"wp-image-6712\" \/><\/figure><\/li><li class=\"blocks-gallery-item\"><figure><img decoding=\"async\" src=\"https:\/\/przylep.edu.pl\/przedszkole\/wp-content\/uploads\/2021\/11\/253762628_4573668472671521_9063434189392335651_n-1024x576.jpg\" alt=\"\" data-id=\"6713\" data-full-url=\"https:\/\/przylep.edu.pl\/przedszkole\/wp-content\/uploads\/2021\/11\/253762628_4573668472671521_9063434189392335651_n.jpg\" data-link=\"https:\/\/przylep.edu.pl\/przedszkole\/?attachment_id=6713\" class=\"wp-image-6713\" \/><\/figure><\/li><li class=\"blocks-gallery-item\"><figure><img decoding=\"async\" src=\"https:\/\/przylep.edu.pl\/przedszkole\/wp-content\/uploads\/2021\/11\/253893119_4573668419338193_4951411349401631132_n-1024x576.jpg\" alt=\"\" data-id=\"6714\" data-full-url=\"https:\/\/przylep.edu.pl\/przedszkole\/wp-content\/uploads\/2021\/11\/253893119_4573668419338193_4951411349401631132_n.jpg\" data-link=\"https:\/\/przylep.edu.pl\/przedszkole\/?attachment_id=6714\" class=\"wp-image-6714\" \/><\/figure><\/li><li class=\"blocks-gallery-item\"><figure><img decoding=\"async\" src=\"https:\/\/przylep.edu.pl\/przedszkole\/wp-content\/uploads\/2021\/11\/255253305_4531102003653019_6728270071612788275_n-1024x768.jpg\" alt=\"\" data-id=\"6715\" data-full-url=\"https:\/\/przylep.edu.pl\/przedszkole\/wp-content\/uploads\/2021\/11\/255253305_4531102003653019_6728270071612788275_n.jpg\" data-link=\"https:\/\/przylep.edu.pl\/przedszkole\/?attachment_id=6715\" class=\"wp-image-6715\" \/><\/figure><\/li><\/ul><\/figure>\n","protected":false},"excerpt":{"rendered":"<p>Z inicjatywy nauczycieli i rodzic\u00f3w Zesp\u00f3\u0142 Szkolno-Przedszkolny w Przylepie przy\u0142\u0105czy\u0142 si\u0119 do gminnej akcji pomocy Olafowi Malinowskiemu, kt\u00f3r\u0105 rozpocz\u0119\u0142y nauczycielki z Gminnego Przedszkola w Przec\u0142awiu. Wykonano plakaty m\u00f3wi\u0105ce o tym, \u017ce do akcji charytatywnej w\u0142\u0105czamy si\u0119 poprzez organizacj\u0119 Pchlego Targu oraz kawiarenki. Koordynatorami dzia\u0142a\u0144 by\u0142y Panie Aleksandra Bojko, kt\u00f3ra nawi\u0105za\u0142a kontakt z Pani\u0105 Monik\u0105 \u015amia\u0142kowsk\u0105 [&hellip;]<\/p>\n","protected":false},"author":2,"featured_media":0,"comment_status":"closed","ping_status":"open","sticky":false,"template":"","format":"standard","meta":{"footnotes":""},"categories":[45,40],"tags":[],"class_list":["post-6710","post","type-post","status-publish","format-standard","hentry","category-aktualnosci","category-strona-glowna"],"_links":{"self":[{"href":"https:\/\/przylep.edu.pl\/przedszkole\/wp-json\/wp\/v2\/posts\/6710","targetHints":{"allow":["GET"]}}],"collection":[{"href":"https:\/\/przylep.edu.pl\/przedszkole\/wp-json\/wp\/v2\/posts"}],"about":[{"href":"https:\/\/przylep.edu.pl\/przedszkole\/wp-json\/wp\/v2\/types\/post"}],"author":[{"embeddable":true,"href":"https:\/\/przylep.edu.pl\/przedszkole\/wp-json\/wp\/v2\/users\/2"}],"replies":[{"embeddable":true,"href":"https:\/\/przylep.edu.pl\/przedszkole\/wp-json\/wp\/v2\/comments?post=6710"}],"version-history":[{"count":3,"href":"https:\/\/przylep.edu.pl\/przedszkole\/wp-json\/wp\/v2\/posts\/6710\/revisions"}],"predecessor-version":[{"id":6721,"href":"https:\/\/przylep.edu.pl\/przedszkole\/wp-json\/wp\/v2\/posts\/6710\/revisions\/6721"}],"wp:attachment":[{"href":"https:\/\/przylep.edu.pl\/przedszkole\/wp-json\/wp\/v2\/media?parent=6710"}],"wp:term":[{"taxonomy":"category","embeddable":true,"href":"https:\/\/przylep.edu.pl\/przedszkole\/wp-json\/wp\/v2\/categories?post=6710"},{"taxonomy":"post_tag","embeddable":true,"href":"https:\/\/przylep.edu.pl\/przedszkole\/wp-json\/wp\/v2\/tags?post=6710"}],"curies":[{"name":"wp","href":"https:\/\/api.w.org\/{rel}","templated":true}]}}