{"id":6704,"date":"2021-10-16T18:57:00","date_gmt":"2021-10-16T16:57:00","guid":{"rendered":"https:\/\/przylep.edu.pl\/przedszkole\/?p=6704"},"modified":"2021-11-07T19:21:26","modified_gmt":"2021-11-07T18:21:26","slug":"pasowanie-pierwszoklasistow","status":"publish","type":"post","link":"https:\/\/przylep.edu.pl\/przedszkole\/2021\/10\/16\/pasowanie-pierwszoklasistow\/","title":{"rendered":"Pasowanie pierwszoklasist\u00f3w"},"content":{"rendered":"\n<p>Pasowanie na ucznia to wa\u017cny moment w \u017cyciu ka\u017cdego m\u0142odego cz\u0142owieka.<\/p>\n\n\n\n<p>W czwartek 14  pa\u017adziernika 2021 roku w Zespole Szkolno-Przedszkolnym w Przylepie  mia\u0142o miejsce niezwyk\u0142e wydarzenie dla pierwszoklasist\u00f3w, zostali przyj\u0119ci do wsp\u00f3lnoty szkolnej. Uroczysto\u015b\u0107 zaszczycili sw\u0105 obecno\u015bci\u0105:  w\u00f3jt gminy Ko\u0142baskowo Ma\u0142gorzata Schwarz, przewodnicz\u0105ca Rady Rodzic\u00f3w Ma\u0142gorzata Dominiak- Olszewska, dyrektor ZSP w  Przylepie  Iwona Wierzbicka oraz rodzice pierwszoklasist\u00f3w. Uczniowie  recytuj\u0105c wiersze, \u015bpiewaj\u0105c piosenki i ta\u0144cz\u0105c, ukazali zebranym go\u015bciom regu\u0142y dobrej wsp\u00f3\u0142pracy w szkole i obowi\u0105zki ka\u017cdego ucznia. Nast\u0119pnie uczniowie z\u0142o\u017cyli przysi\u0119g\u0119 obiecuj\u0105c wype\u0142nianie obowi\u0105zk\u00f3w uczniowskich. Na koniec zostali pasowani na pe\u0142noprawnych uczni\u00f3w Zespo\u0142u Szkolno-Przedszkolnego w Przylepie. <\/p>\n\n\n\n<figure class=\"wp-block-gallery columns-3 is-cropped wp-block-gallery-1 is-layout-flex wp-block-gallery-is-layout-flex\"><ul class=\"blocks-gallery-grid\"><li class=\"blocks-gallery-item\"><figure><img decoding=\"async\" src=\"https:\/\/przylep.edu.pl\/przedszkole\/wp-content\/uploads\/2021\/11\/IMG_0258-1024x683.jpg\" alt=\"\" data-id=\"6705\" data-full-url=\"https:\/\/przylep.edu.pl\/przedszkole\/wp-content\/uploads\/2021\/11\/IMG_0258-scaled.jpg\" data-link=\"https:\/\/przylep.edu.pl\/przedszkole\/?attachment_id=6705\" class=\"wp-image-6705\" \/><\/figure><\/li><li class=\"blocks-gallery-item\"><figure><img decoding=\"async\" src=\"https:\/\/przylep.edu.pl\/przedszkole\/wp-content\/uploads\/2021\/11\/IMG_0266-1024x683.jpg\" alt=\"\" data-id=\"6706\" data-full-url=\"https:\/\/przylep.edu.pl\/przedszkole\/wp-content\/uploads\/2021\/11\/IMG_0266-scaled.jpg\" data-link=\"https:\/\/przylep.edu.pl\/przedszkole\/?attachment_id=6706\" class=\"wp-image-6706\" \/><\/figure><\/li><li class=\"blocks-gallery-item\"><figure><img loading=\"lazy\" decoding=\"async\" width=\"1024\" height=\"683\" src=\"https:\/\/przylep.edu.pl\/przedszkole\/wp-content\/uploads\/2021\/11\/IMG_0271-1024x683.jpg\" alt=\"\" data-id=\"6707\" data-full-url=\"https:\/\/przylep.edu.pl\/przedszkole\/wp-content\/uploads\/2021\/11\/IMG_0271-scaled.jpg\" data-link=\"https:\/\/przylep.edu.pl\/przedszkole\/?attachment_id=6707\" class=\"wp-image-6707\" srcset=\"https:\/\/przylep.edu.pl\/przedszkole\/wp-content\/uploads\/2021\/11\/IMG_0271-1024x683.jpg 1024w, https:\/\/przylep.edu.pl\/przedszkole\/wp-content\/uploads\/2021\/11\/IMG_0271-300x200.jpg 300w, https:\/\/przylep.edu.pl\/przedszkole\/wp-content\/uploads\/2021\/11\/IMG_0271-768x512.jpg 768w, https:\/\/przylep.edu.pl\/przedszkole\/wp-content\/uploads\/2021\/11\/IMG_0271-1536x1024.jpg 1536w, https:\/\/przylep.edu.pl\/przedszkole\/wp-content\/uploads\/2021\/11\/IMG_0271-2048x1365.jpg 2048w\" sizes=\"auto, (max-width: 1024px) 100vw, 1024px\" \/><\/figure><\/li><\/ul><\/figure>\n\n\n\n<p>Serdecznie dzi\u0119kujemy wszystkim za u\u015bwietnienie swoj\u0105 obecno\u015bci\u0105 naszej uroczysto\u015bci.<\/p>\n","protected":false},"excerpt":{"rendered":"<p>Pasowanie na ucznia to wa\u017cny moment w \u017cyciu ka\u017cdego m\u0142odego cz\u0142owieka. W czwartek 14 pa\u017adziernika 2021 roku w Zespole Szkolno-Przedszkolnym w Przylepie mia\u0142o miejsce niezwyk\u0142e wydarzenie dla pierwszoklasist\u00f3w, zostali przyj\u0119ci do wsp\u00f3lnoty szkolnej. Uroczysto\u015b\u0107 zaszczycili sw\u0105 obecno\u015bci\u0105: w\u00f3jt gminy Ko\u0142baskowo Ma\u0142gorzata Schwarz, przewodnicz\u0105ca Rady Rodzic\u00f3w Ma\u0142gorzata Dominiak- Olszewska, dyrektor ZSP w Przylepie Iwona Wierzbicka oraz [&hellip;]<\/p>\n","protected":false},"author":2,"featured_media":6709,"comment_status":"closed","ping_status":"open","sticky":false,"template":"","format":"standard","meta":{"footnotes":""},"categories":[45,40],"tags":[],"class_list":["post-6704","post","type-post","status-publish","format-standard","has-post-thumbnail","hentry","category-aktualnosci","category-strona-glowna"],"_links":{"self":[{"href":"https:\/\/przylep.edu.pl\/przedszkole\/wp-json\/wp\/v2\/posts\/6704","targetHints":{"allow":["GET"]}}],"collection":[{"href":"https:\/\/przylep.edu.pl\/przedszkole\/wp-json\/wp\/v2\/posts"}],"about":[{"href":"https:\/\/przylep.edu.pl\/przedszkole\/wp-json\/wp\/v2\/types\/post"}],"author":[{"embeddable":true,"href":"https:\/\/przylep.edu.pl\/przedszkole\/wp-json\/wp\/v2\/users\/2"}],"replies":[{"embeddable":true,"href":"https:\/\/przylep.edu.pl\/przedszkole\/wp-json\/wp\/v2\/comments?post=6704"}],"version-history":[{"count":1,"href":"https:\/\/przylep.edu.pl\/przedszkole\/wp-json\/wp\/v2\/posts\/6704\/revisions"}],"predecessor-version":[{"id":6708,"href":"https:\/\/przylep.edu.pl\/przedszkole\/wp-json\/wp\/v2\/posts\/6704\/revisions\/6708"}],"wp:featuredmedia":[{"embeddable":true,"href":"https:\/\/przylep.edu.pl\/przedszkole\/wp-json\/wp\/v2\/media\/6709"}],"wp:attachment":[{"href":"https:\/\/przylep.edu.pl\/przedszkole\/wp-json\/wp\/v2\/media?parent=6704"}],"wp:term":[{"taxonomy":"category","embeddable":true,"href":"https:\/\/przylep.edu.pl\/przedszkole\/wp-json\/wp\/v2\/categories?post=6704"},{"taxonomy":"post_tag","embeddable":true,"href":"https:\/\/przylep.edu.pl\/przedszkole\/wp-json\/wp\/v2\/tags?post=6704"}],"curies":[{"name":"wp","href":"https:\/\/api.w.org\/{rel}","templated":true}]}}