{"id":6690,"date":"2021-10-29T22:24:00","date_gmt":"2021-10-29T20:24:00","guid":{"rendered":"https:\/\/przylep.edu.pl\/przedszkole\/?p=6690"},"modified":"2021-10-30T22:25:18","modified_gmt":"2021-10-30T20:25:18","slug":"dyniowy-konkurs-zwierzaki-cudaki-rozstrzygniety","status":"publish","type":"post","link":"https:\/\/przylep.edu.pl\/przedszkole\/2021\/10\/29\/dyniowy-konkurs-zwierzaki-cudaki-rozstrzygniety\/","title":{"rendered":"Dyniowy konkurs &#8222;Zwierzaki-cudaki&#8221; rozstrzygni\u0119ty!"},"content":{"rendered":"\n<h4 class=\"wp-block-heading\">W Naszej plac\u00f3wce og\u0142oszony zosta\u0142 konkurs jesienny dla dzieci  pt. \u201eDyniowe zwierzaki \u2013 cudaki\u201d. Tematem konkursu by\u0142y prace przestrzenne wykonane z dyni.<\/h4>\n\n\n\n<p>Przyniesiono wiele dy\u0144 wykonanych w ciekawy i zabawny spos\u00f3b. Wobec tak pi\u0119knych i kreatywnych prac zosta\u0142a podj\u0119ta tylko jedna decyzja \u2013<strong>\u00a0wszystkie dynie zaj\u0119\u0142y I miejsce!<\/strong>\u00a0Ka\u017cda z nich by\u0142a wyj\u0105tkowa i niepowtarzalna. Bardzo dzi\u0119kujemy za zaanga\u017cowanie i dostarczenie wielu ciekawych pomys\u0142\u00f3w.<\/p>\n\n\n\n<figure class=\"wp-block-gallery columns-3 is-cropped wp-block-gallery-1 is-layout-flex wp-block-gallery-is-layout-flex\"><ul class=\"blocks-gallery-grid\"><li class=\"blocks-gallery-item\"><figure><img loading=\"lazy\" decoding=\"async\" width=\"768\" height=\"1024\" src=\"https:\/\/przylep.edu.pl\/przedszkole\/wp-content\/uploads\/2021\/10\/IMG-20211029-WA0060-768x1024.jpg\" alt=\"\" data-id=\"6692\" data-link=\"https:\/\/przylep.edu.pl\/przedszkole\/?attachment_id=6692\" class=\"wp-image-6692\" srcset=\"https:\/\/przylep.edu.pl\/przedszkole\/wp-content\/uploads\/2021\/10\/IMG-20211029-WA0060-768x1024.jpg 768w, https:\/\/przylep.edu.pl\/przedszkole\/wp-content\/uploads\/2021\/10\/IMG-20211029-WA0060-225x300.jpg 225w, https:\/\/przylep.edu.pl\/przedszkole\/wp-content\/uploads\/2021\/10\/IMG-20211029-WA0060-1152x1536.jpg 1152w, https:\/\/przylep.edu.pl\/przedszkole\/wp-content\/uploads\/2021\/10\/IMG-20211029-WA0060.jpg 1512w\" sizes=\"auto, (max-width: 768px) 100vw, 768px\" \/><\/figure><\/li><li class=\"blocks-gallery-item\"><figure><img loading=\"lazy\" decoding=\"async\" width=\"768\" height=\"1024\" src=\"https:\/\/przylep.edu.pl\/przedszkole\/wp-content\/uploads\/2021\/10\/IMG-20211029-WA0044-768x1024.jpg\" alt=\"\" data-id=\"6693\" data-link=\"https:\/\/przylep.edu.pl\/przedszkole\/?attachment_id=6693\" class=\"wp-image-6693\" srcset=\"https:\/\/przylep.edu.pl\/przedszkole\/wp-content\/uploads\/2021\/10\/IMG-20211029-WA0044-768x1024.jpg 768w, https:\/\/przylep.edu.pl\/przedszkole\/wp-content\/uploads\/2021\/10\/IMG-20211029-WA0044-225x300.jpg 225w, https:\/\/przylep.edu.pl\/przedszkole\/wp-content\/uploads\/2021\/10\/IMG-20211029-WA0044-1152x1536.jpg 1152w, https:\/\/przylep.edu.pl\/przedszkole\/wp-content\/uploads\/2021\/10\/IMG-20211029-WA0044.jpg 1512w\" sizes=\"auto, (max-width: 768px) 100vw, 768px\" \/><\/figure><\/li><li class=\"blocks-gallery-item\"><figure><img loading=\"lazy\" decoding=\"async\" width=\"768\" height=\"1024\" src=\"https:\/\/przylep.edu.pl\/przedszkole\/wp-content\/uploads\/2021\/10\/IMG-20211029-WA0043-768x1024.jpg\" alt=\"\" data-id=\"6694\" data-link=\"https:\/\/przylep.edu.pl\/przedszkole\/?attachment_id=6694\" class=\"wp-image-6694\" srcset=\"https:\/\/przylep.edu.pl\/przedszkole\/wp-content\/uploads\/2021\/10\/IMG-20211029-WA0043-768x1024.jpg 768w, https:\/\/przylep.edu.pl\/przedszkole\/wp-content\/uploads\/2021\/10\/IMG-20211029-WA0043-225x300.jpg 225w, https:\/\/przylep.edu.pl\/przedszkole\/wp-content\/uploads\/2021\/10\/IMG-20211029-WA0043-1152x1536.jpg 1152w, https:\/\/przylep.edu.pl\/przedszkole\/wp-content\/uploads\/2021\/10\/IMG-20211029-WA0043.jpg 1512w\" sizes=\"auto, (max-width: 768px) 100vw, 768px\" \/><\/figure><\/li><li class=\"blocks-gallery-item\"><figure><img loading=\"lazy\" decoding=\"async\" width=\"768\" height=\"1024\" src=\"https:\/\/przylep.edu.pl\/przedszkole\/wp-content\/uploads\/2021\/10\/IMG-20211029-WA0025-768x1024.jpg\" alt=\"\" data-id=\"6695\" data-link=\"https:\/\/przylep.edu.pl\/przedszkole\/?attachment_id=6695\" class=\"wp-image-6695\" srcset=\"https:\/\/przylep.edu.pl\/przedszkole\/wp-content\/uploads\/2021\/10\/IMG-20211029-WA0025-768x1024.jpg 768w, https:\/\/przylep.edu.pl\/przedszkole\/wp-content\/uploads\/2021\/10\/IMG-20211029-WA0025-225x300.jpg 225w, https:\/\/przylep.edu.pl\/przedszkole\/wp-content\/uploads\/2021\/10\/IMG-20211029-WA0025-1152x1536.jpg 1152w, https:\/\/przylep.edu.pl\/przedszkole\/wp-content\/uploads\/2021\/10\/IMG-20211029-WA0025.jpg 1512w\" sizes=\"auto, (max-width: 768px) 100vw, 768px\" \/><\/figure><\/li><li class=\"blocks-gallery-item\"><figure><img loading=\"lazy\" decoding=\"async\" width=\"1024\" height=\"768\" src=\"https:\/\/przylep.edu.pl\/przedszkole\/wp-content\/uploads\/2021\/10\/IMG-20211029-WA0015-1024x768.jpg\" alt=\"\" data-id=\"6696\" data-link=\"https:\/\/przylep.edu.pl\/przedszkole\/?attachment_id=6696\" class=\"wp-image-6696\" srcset=\"https:\/\/przylep.edu.pl\/przedszkole\/wp-content\/uploads\/2021\/10\/IMG-20211029-WA0015-1024x768.jpg 1024w, https:\/\/przylep.edu.pl\/przedszkole\/wp-content\/uploads\/2021\/10\/IMG-20211029-WA0015-300x225.jpg 300w, https:\/\/przylep.edu.pl\/przedszkole\/wp-content\/uploads\/2021\/10\/IMG-20211029-WA0015-768x576.jpg 768w, https:\/\/przylep.edu.pl\/przedszkole\/wp-content\/uploads\/2021\/10\/IMG-20211029-WA0015-1536x1152.jpg 1536w, https:\/\/przylep.edu.pl\/przedszkole\/wp-content\/uploads\/2021\/10\/IMG-20211029-WA0015-600x450.jpg 600w, https:\/\/przylep.edu.pl\/przedszkole\/wp-content\/uploads\/2021\/10\/IMG-20211029-WA0015.jpg 2016w\" sizes=\"auto, (max-width: 1024px) 100vw, 1024px\" \/><\/figure><\/li><li class=\"blocks-gallery-item\"><figure><img loading=\"lazy\" decoding=\"async\" width=\"1024\" height=\"768\" src=\"https:\/\/przylep.edu.pl\/przedszkole\/wp-content\/uploads\/2021\/10\/IMG-20211029-WA0002-1024x768.jpg\" alt=\"\" data-id=\"6697\" data-link=\"https:\/\/przylep.edu.pl\/przedszkole\/?attachment_id=6697\" class=\"wp-image-6697\" srcset=\"https:\/\/przylep.edu.pl\/przedszkole\/wp-content\/uploads\/2021\/10\/IMG-20211029-WA0002-1024x768.jpg 1024w, https:\/\/przylep.edu.pl\/przedszkole\/wp-content\/uploads\/2021\/10\/IMG-20211029-WA0002-300x225.jpg 300w, https:\/\/przylep.edu.pl\/przedszkole\/wp-content\/uploads\/2021\/10\/IMG-20211029-WA0002-768x576.jpg 768w, https:\/\/przylep.edu.pl\/przedszkole\/wp-content\/uploads\/2021\/10\/IMG-20211029-WA0002-1536x1152.jpg 1536w, https:\/\/przylep.edu.pl\/przedszkole\/wp-content\/uploads\/2021\/10\/IMG-20211029-WA0002-600x450.jpg 600w, https:\/\/przylep.edu.pl\/przedszkole\/wp-content\/uploads\/2021\/10\/IMG-20211029-WA0002.jpg 2016w\" sizes=\"auto, (max-width: 1024px) 100vw, 1024px\" \/><\/figure><\/li><li class=\"blocks-gallery-item\"><figure><img loading=\"lazy\" decoding=\"async\" width=\"768\" height=\"1024\" src=\"https:\/\/przylep.edu.pl\/przedszkole\/wp-content\/uploads\/2021\/10\/20211028_155743-768x1024.jpg\" alt=\"\" data-id=\"6698\" data-full-url=\"https:\/\/przylep.edu.pl\/przedszkole\/wp-content\/uploads\/2021\/10\/20211028_155743-scaled.jpg\" data-link=\"https:\/\/przylep.edu.pl\/przedszkole\/?attachment_id=6698\" class=\"wp-image-6698\" srcset=\"https:\/\/przylep.edu.pl\/przedszkole\/wp-content\/uploads\/2021\/10\/20211028_155743-768x1024.jpg 768w, https:\/\/przylep.edu.pl\/przedszkole\/wp-content\/uploads\/2021\/10\/20211028_155743-225x300.jpg 225w, https:\/\/przylep.edu.pl\/przedszkole\/wp-content\/uploads\/2021\/10\/20211028_155743-1152x1536.jpg 1152w, https:\/\/przylep.edu.pl\/przedszkole\/wp-content\/uploads\/2021\/10\/20211028_155743-1536x2048.jpg 1536w, https:\/\/przylep.edu.pl\/przedszkole\/wp-content\/uploads\/2021\/10\/20211028_155743-scaled.jpg 1920w\" sizes=\"auto, (max-width: 768px) 100vw, 768px\" \/><\/figure><\/li><li class=\"blocks-gallery-item\"><figure><img loading=\"lazy\" decoding=\"async\" width=\"768\" height=\"1024\" src=\"https:\/\/przylep.edu.pl\/przedszkole\/wp-content\/uploads\/2021\/10\/20211028_155740-768x1024.jpg\" alt=\"\" data-id=\"6699\" data-full-url=\"https:\/\/przylep.edu.pl\/przedszkole\/wp-content\/uploads\/2021\/10\/20211028_155740-scaled.jpg\" data-link=\"https:\/\/przylep.edu.pl\/przedszkole\/?attachment_id=6699\" class=\"wp-image-6699\" srcset=\"https:\/\/przylep.edu.pl\/przedszkole\/wp-content\/uploads\/2021\/10\/20211028_155740-768x1024.jpg 768w, https:\/\/przylep.edu.pl\/przedszkole\/wp-content\/uploads\/2021\/10\/20211028_155740-225x300.jpg 225w, https:\/\/przylep.edu.pl\/przedszkole\/wp-content\/uploads\/2021\/10\/20211028_155740-1152x1536.jpg 1152w, https:\/\/przylep.edu.pl\/przedszkole\/wp-content\/uploads\/2021\/10\/20211028_155740-1536x2048.jpg 1536w, https:\/\/przylep.edu.pl\/przedszkole\/wp-content\/uploads\/2021\/10\/20211028_155740-scaled.jpg 1920w\" sizes=\"auto, (max-width: 768px) 100vw, 768px\" \/><\/figure><\/li><li class=\"blocks-gallery-item\"><figure><img loading=\"lazy\" decoding=\"async\" width=\"768\" height=\"1024\" src=\"https:\/\/przylep.edu.pl\/przedszkole\/wp-content\/uploads\/2021\/10\/20211028_155736-768x1024.jpg\" alt=\"\" data-id=\"6700\" data-full-url=\"https:\/\/przylep.edu.pl\/przedszkole\/wp-content\/uploads\/2021\/10\/20211028_155736-scaled.jpg\" data-link=\"https:\/\/przylep.edu.pl\/przedszkole\/?attachment_id=6700\" class=\"wp-image-6700\" srcset=\"https:\/\/przylep.edu.pl\/przedszkole\/wp-content\/uploads\/2021\/10\/20211028_155736-768x1024.jpg 768w, https:\/\/przylep.edu.pl\/przedszkole\/wp-content\/uploads\/2021\/10\/20211028_155736-225x300.jpg 225w, https:\/\/przylep.edu.pl\/przedszkole\/wp-content\/uploads\/2021\/10\/20211028_155736-1152x1536.jpg 1152w, https:\/\/przylep.edu.pl\/przedszkole\/wp-content\/uploads\/2021\/10\/20211028_155736-1536x2048.jpg 1536w, https:\/\/przylep.edu.pl\/przedszkole\/wp-content\/uploads\/2021\/10\/20211028_155736-scaled.jpg 1920w\" sizes=\"auto, (max-width: 768px) 100vw, 768px\" \/><\/figure><\/li><li class=\"blocks-gallery-item\"><figure><img loading=\"lazy\" decoding=\"async\" width=\"768\" height=\"1024\" src=\"https:\/\/przylep.edu.pl\/przedszkole\/wp-content\/uploads\/2021\/10\/20211028_155732-768x1024.jpg\" alt=\"\" data-id=\"6701\" data-full-url=\"https:\/\/przylep.edu.pl\/przedszkole\/wp-content\/uploads\/2021\/10\/20211028_155732-scaled.jpg\" data-link=\"https:\/\/przylep.edu.pl\/przedszkole\/?attachment_id=6701\" class=\"wp-image-6701\" srcset=\"https:\/\/przylep.edu.pl\/przedszkole\/wp-content\/uploads\/2021\/10\/20211028_155732-768x1024.jpg 768w, https:\/\/przylep.edu.pl\/przedszkole\/wp-content\/uploads\/2021\/10\/20211028_155732-225x300.jpg 225w, https:\/\/przylep.edu.pl\/przedszkole\/wp-content\/uploads\/2021\/10\/20211028_155732-1152x1536.jpg 1152w, https:\/\/przylep.edu.pl\/przedszkole\/wp-content\/uploads\/2021\/10\/20211028_155732-1536x2048.jpg 1536w, https:\/\/przylep.edu.pl\/przedszkole\/wp-content\/uploads\/2021\/10\/20211028_155732-scaled.jpg 1920w\" sizes=\"auto, (max-width: 768px) 100vw, 768px\" \/><\/figure><\/li><\/ul><\/figure>\n\n\n\n<p><\/p>\n","protected":false},"excerpt":{"rendered":"<p>W Naszej plac\u00f3wce og\u0142oszony zosta\u0142 konkurs jesienny dla dzieci pt. \u201eDyniowe zwierzaki \u2013 cudaki\u201d. Tematem konkursu by\u0142y prace przestrzenne wykonane z dyni. Przyniesiono wiele dy\u0144 wykonanych w ciekawy i zabawny spos\u00f3b. Wobec tak pi\u0119knych i kreatywnych prac zosta\u0142a podj\u0119ta tylko jedna decyzja \u2013\u00a0wszystkie dynie zaj\u0119\u0142y I miejsce!\u00a0Ka\u017cda z nich by\u0142a wyj\u0105tkowa i niepowtarzalna. Bardzo dzi\u0119kujemy [&hellip;]<\/p>\n","protected":false},"author":2,"featured_media":6691,"comment_status":"closed","ping_status":"open","sticky":false,"template":"","format":"standard","meta":{"footnotes":""},"categories":[45,40],"tags":[],"class_list":["post-6690","post","type-post","status-publish","format-standard","has-post-thumbnail","hentry","category-aktualnosci","category-strona-glowna"],"_links":{"self":[{"href":"https:\/\/przylep.edu.pl\/przedszkole\/wp-json\/wp\/v2\/posts\/6690","targetHints":{"allow":["GET"]}}],"collection":[{"href":"https:\/\/przylep.edu.pl\/przedszkole\/wp-json\/wp\/v2\/posts"}],"about":[{"href":"https:\/\/przylep.edu.pl\/przedszkole\/wp-json\/wp\/v2\/types\/post"}],"author":[{"embeddable":true,"href":"https:\/\/przylep.edu.pl\/przedszkole\/wp-json\/wp\/v2\/users\/2"}],"replies":[{"embeddable":true,"href":"https:\/\/przylep.edu.pl\/przedszkole\/wp-json\/wp\/v2\/comments?post=6690"}],"version-history":[{"count":2,"href":"https:\/\/przylep.edu.pl\/przedszkole\/wp-json\/wp\/v2\/posts\/6690\/revisions"}],"predecessor-version":[{"id":6703,"href":"https:\/\/przylep.edu.pl\/przedszkole\/wp-json\/wp\/v2\/posts\/6690\/revisions\/6703"}],"wp:featuredmedia":[{"embeddable":true,"href":"https:\/\/przylep.edu.pl\/przedszkole\/wp-json\/wp\/v2\/media\/6691"}],"wp:attachment":[{"href":"https:\/\/przylep.edu.pl\/przedszkole\/wp-json\/wp\/v2\/media?parent=6690"}],"wp:term":[{"taxonomy":"category","embeddable":true,"href":"https:\/\/przylep.edu.pl\/przedszkole\/wp-json\/wp\/v2\/categories?post=6690"},{"taxonomy":"post_tag","embeddable":true,"href":"https:\/\/przylep.edu.pl\/przedszkole\/wp-json\/wp\/v2\/tags?post=6690"}],"curies":[{"name":"wp","href":"https:\/\/api.w.org\/{rel}","templated":true}]}}