{"id":6687,"date":"2021-10-30T21:19:41","date_gmt":"2021-10-30T19:19:41","guid":{"rendered":"https:\/\/przylep.edu.pl\/przedszkole\/?p=6687"},"modified":"2021-10-30T21:19:42","modified_gmt":"2021-10-30T19:19:42","slug":"razem-dla-olafa","status":"publish","type":"post","link":"https:\/\/przylep.edu.pl\/przedszkole\/2021\/10\/30\/razem-dla-olafa\/","title":{"rendered":"Razem dla Olafa"},"content":{"rendered":"\n<p>Rodzice, zaczynamy kolejna akcj\u0119 charytatywn\u0105. Zbieramy pieni\u0105\u017cki dla Olafa, mieszka\u0144ca naszej gminy. Wi\u0119cej informacji na plakatach i w plac\u00f3wce. <\/p>\n\n\n\n<figure class=\"wp-block-gallery columns-1 is-cropped wp-block-gallery-1 is-layout-flex wp-block-gallery-is-layout-flex\"><ul class=\"blocks-gallery-grid\"><li class=\"blocks-gallery-item\"><figure><img loading=\"lazy\" decoding=\"async\" width=\"724\" height=\"1024\" src=\"https:\/\/przylep.edu.pl\/przedszkole\/wp-content\/uploads\/2021\/10\/Kolorowa-R\u2500Ocznie-Rysowana-Z-Liniami-Sprawdzenie-Nastroju-Spo\u253ceeczno-Emocjonalny-Proces-Uczenia-Si\u2500O-Karta-\u2500cwicze\u253ca-810241024_1.jpg\" alt=\"\" data-id=\"6688\" data-full-url=\"https:\/\/przylep.edu.pl\/przedszkole\/wp-content\/uploads\/2021\/10\/Kolorowa-R\u2500Ocznie-Rysowana-Z-Liniami-Sprawdzenie-Nastroju-Spo\u253ceeczno-Emocjonalny-Proces-Uczenia-Si\u2500O-Karta-\u2500cwicze\u253ca-810241024_1.jpg\" data-link=\"https:\/\/przylep.edu.pl\/przedszkole\/?attachment_id=6688\" class=\"wp-image-6688\" srcset=\"https:\/\/przylep.edu.pl\/przedszkole\/wp-content\/uploads\/2021\/10\/Kolorowa-R\u2500Ocznie-Rysowana-Z-Liniami-Sprawdzenie-Nastroju-Spo\u253ceeczno-Emocjonalny-Proces-Uczenia-Si\u2500O-Karta-\u2500cwicze\u253ca-810241024_1.jpg 724w, https:\/\/przylep.edu.pl\/przedszkole\/wp-content\/uploads\/2021\/10\/Kolorowa-R\u2500Ocznie-Rysowana-Z-Liniami-Sprawdzenie-Nastroju-Spo\u253ceeczno-Emocjonalny-Proces-Uczenia-Si\u2500O-Karta-\u2500cwicze\u253ca-810241024_1-212x300.jpg 212w\" sizes=\"auto, (max-width: 724px) 100vw, 724px\" \/><\/figure><\/li><\/ul><\/figure>\n","protected":false},"excerpt":{"rendered":"<p>Rodzice, zaczynamy kolejna akcj\u0119 charytatywn\u0105. Zbieramy pieni\u0105\u017cki dla Olafa, mieszka\u0144ca naszej gminy. Wi\u0119cej informacji na plakatach i w plac\u00f3wce.<\/p>\n","protected":false},"author":2,"featured_media":6688,"comment_status":"closed","ping_status":"open","sticky":false,"template":"","format":"standard","meta":{"footnotes":""},"categories":[45,40],"tags":[],"class_list":["post-6687","post","type-post","status-publish","format-standard","has-post-thumbnail","hentry","category-aktualnosci","category-strona-glowna"],"_links":{"self":[{"href":"https:\/\/przylep.edu.pl\/przedszkole\/wp-json\/wp\/v2\/posts\/6687","targetHints":{"allow":["GET"]}}],"collection":[{"href":"https:\/\/przylep.edu.pl\/przedszkole\/wp-json\/wp\/v2\/posts"}],"about":[{"href":"https:\/\/przylep.edu.pl\/przedszkole\/wp-json\/wp\/v2\/types\/post"}],"author":[{"embeddable":true,"href":"https:\/\/przylep.edu.pl\/przedszkole\/wp-json\/wp\/v2\/users\/2"}],"replies":[{"embeddable":true,"href":"https:\/\/przylep.edu.pl\/przedszkole\/wp-json\/wp\/v2\/comments?post=6687"}],"version-history":[{"count":1,"href":"https:\/\/przylep.edu.pl\/przedszkole\/wp-json\/wp\/v2\/posts\/6687\/revisions"}],"predecessor-version":[{"id":6689,"href":"https:\/\/przylep.edu.pl\/przedszkole\/wp-json\/wp\/v2\/posts\/6687\/revisions\/6689"}],"wp:featuredmedia":[{"embeddable":true,"href":"https:\/\/przylep.edu.pl\/przedszkole\/wp-json\/wp\/v2\/media\/6688"}],"wp:attachment":[{"href":"https:\/\/przylep.edu.pl\/przedszkole\/wp-json\/wp\/v2\/media?parent=6687"}],"wp:term":[{"taxonomy":"category","embeddable":true,"href":"https:\/\/przylep.edu.pl\/przedszkole\/wp-json\/wp\/v2\/categories?post=6687"},{"taxonomy":"post_tag","embeddable":true,"href":"https:\/\/przylep.edu.pl\/przedszkole\/wp-json\/wp\/v2\/tags?post=6687"}],"curies":[{"name":"wp","href":"https:\/\/api.w.org\/{rel}","templated":true}]}}